{"id":78093,"date":"2025-07-10T11:00:00","date_gmt":"2025-07-10T09:00:00","guid":{"rendered":"https:\/\/miradordeatarfe.es\/?p=78093"},"modified":"2025-07-12T12:35:15","modified_gmt":"2025-07-12T10:35:15","slug":"apellidos-de-atarfe-9-por-teresa-garcia-del-moral","status":"publish","type":"post","link":"https:\/\/miradordeatarfe.es\/?p=78093","title":{"rendered":"APELLIDOS DE ATARFE (9) por Teresa Garc\u00eda del Moral"},"content":{"rendered":"\n<p class=\"has-medium-font-size\"><strong>Finalizamos con esta novena entrega nuestro acercamiento a la antroponimia de Atarfe (ss. XVI-XVIII-XXI).<\/strong> <\/p>\n\n\n\n<p>Han sido 72 los apellidos analizados, pero hemos de decir que en el <em>Libro de Apeos<\/em>\u00a0figuran muchos m\u00e1s pertenecientes tanto a cristianos viejos (vecinos desde antiguo de Atarfe o nuevos pobladores) como a moriscos. De igual manera, en el <em>Catastro del Marqu\u00e9s de la Ensenada<\/em>\u00a0(s. XVIII) hay algunos apellidos m\u00e1s que no han podido recogerse por estar la tinta de sus hojas borrosas, pero que, sin duda, aparecer\u00e1n cuando analicemos en su totalidad los folios correspondientes a las propiedades de esos vecinos. Asimismo, solo hemos analizado el apellido del cabeza de casa (en algunos casos una se\u00f1ora viuda) pero hemos dejado para m\u00e1s adelante el del estudio de los nombres de las esposas de estos cabezas de casa. \u00a0<\/p>\n\n\n\n<p>Queremos, desde estas l\u00edneas, darles las gracias por la atenci\u00f3n y el inter\u00e9s prestados, y animarlos a que, en septiembre, a trav\u00e9s de la llamada que haremos desde El Mirador, decidan integrarse en el equipo que vamos a constituir para continuar estudiando la antroponimia y la toponimia del pueblo.<\/p>\n\n\n\n<p>\u00a1Feliz verano!<\/p>\n\n\n\n<p><strong>\u00c1GUILA<\/strong><strong><\/strong><\/p>\n\n\n\n<p>En el siglo XVI (LAR) no aparece este apellido. S\u00ed Aguilar, que ya lo analizamos en su momento.<\/p>\n\n\n\n<p>En el siglo XVIII (CME) encontramos a Francisco del \u00c1guila (jornalero), casado con Mariana Limones.<\/p>\n\n\n\n<p>En la actualidad encontramos solo una persona con el apellido \u00c1guila en primer lugar.<\/p>\n\n\n\n<p>Apellido microtopon\u00edmico derivado del nombre <em>El \u00c1guila<\/em>&nbsp;de numerosos lugarejos y parajes de las provincias de C\u00e1ceres, Badajoz, Segovia, Salamanca, etc., DAE. El nombre designa habitualmente una elevada pe\u00f1a.<\/p>\n\n\n\n<p><strong>PEREGR\u00cdN<\/strong><strong><\/strong><\/p>\n\n\n\n<p>En el siglo XVI (LAR) no aparece este apellido.<\/p>\n\n\n\n<p>En el Catastro del Marqu\u00e9s de la Ensenada, del siglo XVIII, solo encontramos a Juan Peregr\u00edn (jornalero), casado con Mar\u00eda Linares.<\/p>\n\n\n\n<p>En la actualidad no hemos encontrado a ninguna persona en Atarfe con este apellido.<\/p>\n\n\n\n<p>Variante del apellido <em>Pelegr\u00edn<\/em>&nbsp;por asimilaci\u00f3n de la <em>-l-<\/em>&nbsp;a la <em>-r-<\/em>&nbsp;siguiente, o bajo la influencia de la voz castellana <em>peregrino<\/em>, NA.<\/p>\n\n\n\n<p><strong>BARRERA<\/strong><strong><\/strong><\/p>\n\n\n\n<p>En el siglo XVI solo encontramos a Juan Barrera, natural de Arjonilla, poblador.<\/p>\n\n\n\n<p>En el siglo XVIII (CME) aparece tan solo Catalina Barrera (viuda) que convive con su hijo Antonio Quadrado.<\/p>\n\n\n\n<p>En la actualidad encontramos a una sola persona en Atarfe con el apellido Barreras, en plural.<\/p>\n\n\n\n<p>Apellido microtopon\u00edmico derivado del castellano <em>barrera<\/em>&nbsp;\u2018valla, compuerta, madero, cadena u otro obst\u00e1culo semejante con que se cierra un paso o se cerca un lugar\u2019, DRAE.<\/p>\n\n\n\n<p><strong>TORRENTE<\/strong><strong><\/strong><\/p>\n\n\n\n<p>En el libro de Apeos del siglo XVI no aparece como apellido.<\/p>\n\n\n\n<p>En el Catastro del Marqu\u00e9s de la Ensenada encontramos a Pedro Torrente (jornalero), que convive con su hija Francisca Torrente, y a Lucas Torrente (jornalero), casado con Mar\u00eda Espinosa.<\/p>\n\n\n\n<p>En la actualidad no hemos encontrado este apellido en Atarfe.<\/p>\n\n\n\n<ul class=\"wp-block-list\">\n<li>Apellido topon\u00edmico derivado del nombre del municipio de <em>Torrente <\/em>(Valencia), <em>Torrente de Cinca<\/em>\u00a0(Huesca) o <em>Torrent<\/em>\u00a0(Gerona), NA.<\/li>\n\n\n\n<li>Apellido microtopon\u00edmico derivado del castellano y gallego <em>torrente<\/em>\u00a0o el catal\u00e1n <em>torrent<\/em>\u00a0\u2018cauce por donde baja una corriente impetuosa de agua en tiempos de muchas lluvias\u2019. En los casos <em>Torrent<\/em>\u00a0y <em>torrent<\/em>\u00a0el apellido se ha castellanizado mediante la agregaci\u00f3n de una <em>-e<\/em>\u00a0final de apoyo, NA.<\/li>\n<\/ul>\n\n\n\n<p><strong>ZAFRA<\/strong><strong><\/strong><\/p>\n\n\n\n<p>En el siglo XVI (LAR) solo aparece Hernando de \u00c7afra que tiene much\u00edsimas propiedades en Atarfe.<\/p>\n\n\n\n<p>En el siglo XVIII (CME) tan solo encontramos otro Fernando de Zafra, que tiene una casa que linda con otra del Mayorazgo de Abell\u00e1n, adem\u00e1s de otras propiedades. &nbsp;<\/p>\n\n\n\n<p>En la actualidad encontramos dos personas que portan este apellido.<\/p>\n\n\n\n<p>Apellido topon\u00edmico derivado del nombre de: el municipio de <em>Zafra<\/em>&nbsp;(Badajoz), el de <em>Zafra de Z\u00e1ncara<\/em>&nbsp;(Cuenca), la pedan\u00eda de <em>La Zafra<\/em>&nbsp;en el t\u00e9rmino de Villena (Alicante), el castillo roquero de <em>Zafra<\/em>&nbsp;en el municipio de <em>Campillo de Due\u00f1as<\/em>&nbsp;(Guadalajara) u otros lugares hom\u00f3nimos de igual o menor entidad, NA.<\/p>\n\n\n\n<p><strong>ZAMORA<\/strong><strong><\/strong><\/p>\n\n\n\n<p>En el siglo XVI (LAR) encontramos a: Juan de \u00c7amora, natural de Arjonilla, poblador, regidor y vecino de Atarfe; Benito de \u00c7amora, natural de la villa de Arjonilla [hermano del anterior], poblador, alcalde ordinario. Y Mat\u00edas de \u00c7amora, natural de Pliego [Murcia], poblador.<\/p>\n\n\n\n<p>En el siglo XVIII (CME) solo hemos encontrado a Juan Fern\u00e1ndez Zamora, menor (labrador), casado con Mar\u00eda de Sierra.<\/p>\n\n\n\n<p>En la actualidad, y como primer apellido, solo lo hemos encontrado en una persona.<\/p>\n\n\n\n<p>Apellido topon\u00edmico derivado del nombre del municipio de <em>Zamora<\/em>&nbsp;(Zamora), NA.<\/p>\n\n\n\n<p><strong>SOTO <\/strong><strong><\/strong><\/p>\n\n\n\n<p>En el LAR (s. XVI) encontramos a Juan de Soto, vezino y estante en el lugar de Atarfe, aparte de muchas referencias al top\u00f3nimo <em>Soto de Roma.<\/em>&nbsp;<\/p>\n\n\n\n<p>En el Catastro del Marqu\u00e9s de la Ensenada encontramos solamente a Manuel de Soto (jornalero), casado con Ana Linares.<\/p>\n\n\n\n<p>En la actualidad hemos hallado a diez personas que lo portan como primer apellido.<\/p>\n\n\n\n<ul class=\"wp-block-list\">\n<li>Apellido topon\u00edmico derivado de nombre del municipio: <em>Soto del Barco<\/em>\u00a0(Asturias), <em>Soto en Cameros<\/em>\u00a0(La Rioja), <em>Soto de la Vega<\/em>\u00a0(Le\u00f3n) u otros lugares hom\u00f3nimos de igual o menor entidad, NA.<\/li>\n\n\n\n<li>Apellido microtopon\u00edmico derivado del castellano <em>soto<\/em>\u00a0\u2018sitio que en las riberas o vegas est\u00e1 poblado de \u00e1rboles y arbustos\u2019, DRAE.<\/li>\n<\/ul>\n\n\n\n<p><strong>S\u00c1NCHEZ<\/strong><strong><\/strong><\/p>\n\n\n\n<p>En el Libro de Apeos (s. XVI) aparecen: Juan S\u00e1nchez de G\u00e1mez\/G\u00e1miz; Loren\u00e7o S\u00e1nchez y Miguel S\u00e1nchez Caracuello.<\/p>\n\n\n\n<p>En el siglo XVIII (CME): Pheliz S\u00e1nchez (jornalero), casado con Fabiana Santiago; Juan S\u00e1nchez (jornalero), casado con Andrea S\u00e1nchez Villamediana; Francisco S\u00e1nchez (jornalero), casado con Ana Rivera y Josepha S\u00e1nchez (viuda) que vive con su hijo Felix Poyatos.<\/p>\n\n\n\n<p>En la actualidad hay much\u00edsimas personas en Atarfe con este apellido.<\/p>\n\n\n\n<p>Patron\u00edmico castellano en <em>-ez<\/em>&nbsp;derivado del nombre de pila <em>Sancho<\/em>.<\/p>\n\n\n\n<p><em>Sancho<\/em>: Patron\u00edmico no marcado procedente del nombre de bautismo <em>Sancho<\/em>, que se remonta a un antrop\u00f3nimo latino derivado de la voz SANCTUS \u2018santo, sagrado, venerable, piadoso\u201d, DNP.<\/p>\n\n\n\n<p><strong>SOLA<\/strong><strong><\/strong><\/p>\n\n\n\n<p>En el siglo XVI (LAR) no lo hemos encontrado.<\/p>\n\n\n\n<p>En el siglo XVIII (CME) solo hemos encontrado a Feliz de Sola (jornalero), casado con Ana Fern\u00e1ndez.<\/p>\n\n\n\n<p>En la actualidad hemos encontrado a tres vecinos que lo llevan como primer apellido. Apellido microtopon\u00edmico derivado del adjetivo castellano femenino <em>sola<\/em>&nbsp;\u2018solitaria, aislada\u2019, NA.<\/p>\n\n\n\n<p><strong>ARAG\u00d3N<\/strong><strong><\/strong><\/p>\n\n\n\n<p>En el Libro de Apeos del siglo XVI (LAR) encontramos dos personas con este apellido, Fran\u00e7isco de Arag\u00f3n, vecino de Granada y Juan de Arag\u00f3n. Existe el top\u00f3nimo conocido como <em>Pago de Arag\u00f3n<\/em>.<\/p>\n\n\n\n<p>En el siglo XVIII (CME) no aparece este apellido.<\/p>\n\n\n\n<p>En la actualidad encontramos solo una persona que lo lleva como primer apellido.<\/p>\n\n\n\n<p>En [https:\/\/www.familysearch.org\/es\/surname?surname=aragon] encontramos, respecto al significado del apellido Arag\u00f3n, lo siguiente: nombre regional de Arag\u00f3n, un reino independiente de 1035 a 1479, que tom\u00f3 su nombre del r\u00edo Arag\u00f3n que surge en su esquina noroeste. El nombre del r\u00edo es de origen desconocido; puede estar relacionado con el vasco <em>(h)ara(n)<\/em>&nbsp;&#8216;valle&#8217;. En vasco, Arag\u00f3n es llamado <em>Aragoa<\/em>&nbsp;o <em>Aragoi<\/em>, lo que puede significar &#8216;valle alto&#8217;.<\/p>\n\n\n\n<p>BIBLIOGRAF\u00cdA<\/p>\n\n\n\n<p>DAE: &nbsp;&nbsp;FAURE, Roberto; RIBES, Mar\u00eda Asunci\u00f3n; GARC\u00cdA, Antonio, <em>Diccionario de apellidos espa\u00f1oles,<\/em>&nbsp;2001, Madrid, Espasa Calpe.<\/p>\n\n\n\n<p>DNP: &nbsp;&nbsp;&nbsp;FAURE, Roberto, <em>Diccionario de nombres propios<\/em>, 2002, Madrid, Espasa Calpe.<\/p>\n\n\n\n<p>DRAE: &nbsp;REAL ACADEMIA ESPA\u00d1OLA, <em>Diccionario de la lengua espa\u00f1ola<\/em>, 22\u00aa ed., 2001, Madrid, Espasa Calpe, 2 vols.<\/p>\n\n\n\n<p>NA: &nbsp;&nbsp;&nbsp;VVAA: <em>Nombres y apellidos tradicionales de Almer\u00eda y su provincia<\/em>, fundaci\u00f3n Ibn Tufayl de Estudios \u00c1rabes Almer\u00eda, 2017.<\/p>\n","protected":false},"excerpt":{"rendered":"<p>Finalizamos con esta novena entrega nuestro acercamiento a la antroponimia de Atarfe (ss. XVI-XVIII-XXI). Han&#8230;<\/p>\n","protected":false},"author":1,"featured_media":78094,"comment_status":"closed","ping_status":"closed","sticky":false,"template":"","format":"standard","meta":{"_coblocks_attr":"","_coblocks_dimensions":"","_coblocks_responsive_height":"","_coblocks_accordion_ie_support":"","jetpack_post_was_ever_published":false,"_jetpack_newsletter_access":"","_jetpack_dont_email_post_to_subs":false,"_jetpack_newsletter_tier_id":0,"_jetpack_memberships_contains_paywalled_content":false,"_jetpack_memberships_contains_paid_content":false,"footnotes":"","jetpack_publicize_message":"","jetpack_publicize_feature_enabled":true,"jetpack_social_post_already_shared":true,"jetpack_social_options":{"image_generator_settings":{"template":"highway","default_image_id":0,"enabled":false},"version":2}},"categories":[12,1161,1225,186,44],"tags":[],"class_list":["post-78093","post","type-post","status-publish","format-standard","has-post-thumbnail","hentry","category-cultura","category-ciudadania","category-ha-de-atarfe","category-instituciones","category-noticias-de-hoy"],"jetpack_publicize_connections":[],"jetpack_featured_media_url":"https:\/\/i0.wp.com\/miradordeatarfe.es\/wp-content\/uploads\/2025\/07\/10447138_838458319573518_7712769258323799031_n.webp?fit=935%2C960&ssl=1","jetpack_likes_enabled":true,"jetpack_sharing_enabled":true,"_links":{"self":[{"href":"https:\/\/miradordeatarfe.es\/index.php?rest_route=\/wp\/v2\/posts\/78093","targetHints":{"allow":["GET"]}}],"collection":[{"href":"https:\/\/miradordeatarfe.es\/index.php?rest_route=\/wp\/v2\/posts"}],"about":[{"href":"https:\/\/miradordeatarfe.es\/index.php?rest_route=\/wp\/v2\/types\/post"}],"author":[{"embeddable":true,"href":"https:\/\/miradordeatarfe.es\/index.php?rest_route=\/wp\/v2\/users\/1"}],"replies":[{"embeddable":true,"href":"https:\/\/miradordeatarfe.es\/index.php?rest_route=%2Fwp%2Fv2%2Fcomments&post=78093"}],"version-history":[{"count":1,"href":"https:\/\/miradordeatarfe.es\/index.php?rest_route=\/wp\/v2\/posts\/78093\/revisions"}],"predecessor-version":[{"id":78095,"href":"https:\/\/miradordeatarfe.es\/index.php?rest_route=\/wp\/v2\/posts\/78093\/revisions\/78095"}],"wp:featuredmedia":[{"embeddable":true,"href":"https:\/\/miradordeatarfe.es\/index.php?rest_route=\/wp\/v2\/media\/78094"}],"wp:attachment":[{"href":"https:\/\/miradordeatarfe.es\/index.php?rest_route=%2Fwp%2Fv2%2Fmedia&parent=78093"}],"wp:term":[{"taxonomy":"category","embeddable":true,"href":"https:\/\/miradordeatarfe.es\/index.php?rest_route=%2Fwp%2Fv2%2Fcategories&post=78093"},{"taxonomy":"post_tag","embeddable":true,"href":"https:\/\/miradordeatarfe.es\/index.php?rest_route=%2Fwp%2Fv2%2Ftags&post=78093"}],"curies":[{"name":"wp","href":"https:\/\/api.w.org\/{rel}","templated":true}]}}