{"id":78099,"date":"2025-07-08T11:30:00","date_gmt":"2025-07-08T09:30:00","guid":{"rendered":"https:\/\/miradordeatarfe.es\/?p=78099"},"modified":"2025-07-07T14:37:04","modified_gmt":"2025-07-07T12:37:04","slug":"d-luis-linares-moreno-director-de-la-banda-de-musica-en-atarfe","status":"publish","type":"post","link":"https:\/\/miradordeatarfe.es\/?p=78099","title":{"rendered":"\u00abD. LUIS LINARES MORENO DIRECTOR DE LA BANDA DE  MUSICA EN ATARFE\u00bb"},"content":{"rendered":"\n<p class=\"has-medium-font-size\"><strong>Nos env\u00eda Mario Mata esta rese\u00f1a para su publicaci\u00f3n en nuestra Gacetilla.<\/strong><\/p>\n\n\n\n<p>&lt;&lt;A muchos el nombre el nombre de Don Luis Linares Moreno no les resulte familiar, pero para much\u00edsima gente de toda la Vega de Granada fue el primer maestro de m\u00fasica que tuvieron en las bandas de sus pueblos. La verdad es que desconozco los a\u00f1os exactos, pero Don Luis tambi\u00e9n fue el director de la banda \u201cAsociaci\u00f3n Amigos de la M\u00fasica de Atarfe\u201d entre los noventa y los primeros a\u00f1os de los 2000(nota). Quiz\u00e1s algunos todav\u00eda se acuerden de su entra\u00f1able \u201ccortinilla\u201d de pelo, caminando delante de su banda, ya fuera la cabalgata de reyes, el pasacalle del d\u00eda de la paz, o la procesi\u00f3n de Santa Ana. Muchos lo recordamos por su incre\u00edble paciencia, facilidad de ense\u00f1ar solfeo incluso a los m\u00e1s d\u00edscolos, y siempre capaz de encontrar las palabras de \u00e1nimo para que ni\u00f1os y ni\u00f1as se enamoraran de sus instrumentos.<\/p>\n\n\n\n<p>En Atarfe, estuvo presente en la inauguraci\u00f3n de la Plaza de Toros Atarfe, donde entre otros, dirigi\u00f3 su m\u00edtico pasodoble \u201cHomenaje a Frascuelo\u201d. Como buen maestro, tambi\u00e9n estuvo presente en los momentos m\u00e1s dif\u00edciles que uno se puede imaginar, acompa\u00f1ando a sus ni\u00f1os cuando toc\u00f3 decir adi\u00f3s a un amigo y compa\u00f1ero con una \u201cSaeta\u201d.<\/p>\n\n\n\n<p>Hoy, a sus casi 95 a\u00f1os, Don Luis Linares nos ha dejado. Ma\u00f1ana, 3 de Julio en su pueblo natal, Churriana de la Vega, a las 8 de la tarde, decenas de m\u00fasicos de toda la provincia de Granada se volver\u00e1n a reunir para acompa\u00f1ar al maestro una vez m\u00e1s. En Atarfe, su nombre siempre quedar\u00e1 ligado a la historia y a la cultura de nuestro pueblo.<\/p>\n\n\n\n<p>A continuaci\u00f3n, pod\u00e9is leer un breve resumen de su casi m\u00e1s de tres cuartos de siglo de carrera musical, publicada en Facebook el 23 de noviembre de 2024 por la Banda \u201cFelipe Moreno\u201d de C\u00fallar Vega, con motivo del concierto de Santa Cecilia, donde se homenajeo a D. Luis Linares, quien tambi\u00e9n tuvo la ocasi\u00f3n de dirigir a dicha banda entre 1986-1996:<\/p>\n\n\n\n<p>\u201cD. Luis Linares Moreno naci\u00f3 en Churriana de la Vega el 7 de julio de 1930. Sus padres, Antonio Agust\u00edn Linares Castro y Mar\u00eda Moreno Morente, le inculcan, desde peque\u00f1o, su amor por la m\u00fasica. Sus primeros profesores fueron precisamente ellos y, gracias a sus ense\u00f1anzas, obtiene Diploma de Honor de Solfeo en el Real Conservatorio Profesional de M\u00fasica \u201cVictoria Eugenia\u201d de Granada. As\u00ed mismo cursa los estudios de Piano y M\u00fasica de C\u00e1mara. En esta etapa destaca como alumno brillante de D. Valent\u00edn Ruiz Aznar, maestro de capilla y compositor de la catedral de Granada.<\/p>\n\n\n\n<p>En el Real Conservatorio de Madrid se examina de Canto y obtiene tambi\u00e9n aqu\u00ed el T\u00edtulo Profesional de Tromb\u00f3n, examin\u00e1ndose de todos los cursos de dicha carrera en un solo d\u00eda. Adem\u00e1s, posee el T\u00edtulo Profesional de Composici\u00f3n y el de Direcci\u00f3n de Orquesta, ambos expedidos por el Real Conservatorio Superior de M\u00fasica de M\u00e1laga.<\/p>\n\n\n\n<p>Su labor profesional ha sido muy extensa a lo largo de su vida estando a\u00fan en activo como organista y cantor de la Capilla Real de Granada y organista em\u00e9rito de la Bas\u00edlica de la Virgen de las Angustias donde lleva ejerciendo desde hace m\u00e1s de 60 a\u00f1os. Tambi\u00e9n fue organista y cantor de la parroquia de San Jos\u00e9 de Calasanz durante m\u00e1s de 20 a\u00f1os\u201d.&gt;&gt;<\/p>\n\n\n\n<p>En la fotograf\u00eda, pasacalles de la Asociaci\u00f3n Amigos de la M\u00fasica de Atarfe, con Luis Linares a la cabeza.<\/p>\n\n\n\n<p><strong>Gacetilla y curiosidades elvirenses.<\/strong><\/p>\n\n\n\n<p>Nota : en la legislatura de 1983-87 ya estuvo contratado por la Concejal\u00eda de Cultura<\/p>\n\n\n\n\n","protected":false},"excerpt":{"rendered":"<p>Nos env\u00eda Mario Mata esta rese\u00f1a para su publicaci\u00f3n en nuestra Gacetilla. &lt;&lt;A muchos el&#8230;<\/p>\n","protected":false},"author":1,"featured_media":78100,"comment_status":"closed","ping_status":"closed","sticky":false,"template":"","format":"standard","meta":{"_coblocks_attr":"","_coblocks_dimensions":"","_coblocks_responsive_height":"","_coblocks_accordion_ie_support":"","jetpack_post_was_ever_published":false,"_jetpack_newsletter_access":"","_jetpack_dont_email_post_to_subs":false,"_jetpack_newsletter_tier_id":0,"_jetpack_memberships_contains_paywalled_content":false,"_jetpack_memberships_contains_paid_content":false,"footnotes":"","jetpack_publicize_message":"","jetpack_publicize_feature_enabled":true,"jetpack_social_post_already_shared":true,"jetpack_social_options":{"image_generator_settings":{"template":"highway","default_image_id":0,"enabled":false},"version":2}},"categories":[1161,1225,186,44],"tags":[],"class_list":["post-78099","post","type-post","status-publish","format-standard","has-post-thumbnail","hentry","category-ciudadania","category-ha-de-atarfe","category-instituciones","category-noticias-de-hoy"],"jetpack_publicize_connections":[],"jetpack_featured_media_url":"https:\/\/i0.wp.com\/miradordeatarfe.es\/wp-content\/uploads\/2025\/07\/514746533_1279616694171810_4458060601645004639_n.jpg?fit=960%2C537&ssl=1","jetpack_likes_enabled":true,"jetpack_sharing_enabled":true,"_links":{"self":[{"href":"https:\/\/miradordeatarfe.es\/index.php?rest_route=\/wp\/v2\/posts\/78099","targetHints":{"allow":["GET"]}}],"collection":[{"href":"https:\/\/miradordeatarfe.es\/index.php?rest_route=\/wp\/v2\/posts"}],"about":[{"href":"https:\/\/miradordeatarfe.es\/index.php?rest_route=\/wp\/v2\/types\/post"}],"author":[{"embeddable":true,"href":"https:\/\/miradordeatarfe.es\/index.php?rest_route=\/wp\/v2\/users\/1"}],"replies":[{"embeddable":true,"href":"https:\/\/miradordeatarfe.es\/index.php?rest_route=%2Fwp%2Fv2%2Fcomments&post=78099"}],"version-history":[{"count":1,"href":"https:\/\/miradordeatarfe.es\/index.php?rest_route=\/wp\/v2\/posts\/78099\/revisions"}],"predecessor-version":[{"id":78101,"href":"https:\/\/miradordeatarfe.es\/index.php?rest_route=\/wp\/v2\/posts\/78099\/revisions\/78101"}],"wp:featuredmedia":[{"embeddable":true,"href":"https:\/\/miradordeatarfe.es\/index.php?rest_route=\/wp\/v2\/media\/78100"}],"wp:attachment":[{"href":"https:\/\/miradordeatarfe.es\/index.php?rest_route=%2Fwp%2Fv2%2Fmedia&parent=78099"}],"wp:term":[{"taxonomy":"category","embeddable":true,"href":"https:\/\/miradordeatarfe.es\/index.php?rest_route=%2Fwp%2Fv2%2Fcategories&post=78099"},{"taxonomy":"post_tag","embeddable":true,"href":"https:\/\/miradordeatarfe.es\/index.php?rest_route=%2Fwp%2Fv2%2Ftags&post=78099"}],"curies":[{"name":"wp","href":"https:\/\/api.w.org\/{rel}","templated":true}]}}