{"id":78117,"date":"2025-09-25T11:17:00","date_gmt":"2025-09-25T09:17:00","guid":{"rendered":"https:\/\/miradordeatarfe.es\/?p=78117"},"modified":"2025-09-11T19:09:41","modified_gmt":"2025-09-11T17:09:41","slug":"los-apellidos-de-atarfe","status":"publish","type":"post","link":"https:\/\/miradordeatarfe.es\/?p=78117","title":{"rendered":"RECOPILACI\u00d3N DE LOS APELLIDOS DE ATARFE por Teresa Grac\u00eda del Moral"},"content":{"rendered":"\r\n<p><span data-huuid=\"1549264154692089679\">Los principales top\u00f3nimos de Atarfe est\u00e1n relacionados con su origen \u00e1rabe, principalmente el nombre de la localidad, \u00abAtarfe\u00bb, que deriva de \u00abal-taraf\u00bb o \u00abartarf\u00bb y que significa \u00abel puntal\u00bb o \u00abel l\u00edmite\u00bb, haciendo referencia a su situaci\u00f3n en la Sierra Elvira o como frontera de la antigua Medina Elvira. <\/span><span data-huuid=\"1549264154692091698\">Otros top\u00f3nimos hist\u00f3ricos, aunque ya olvidados, incluyen nombres como <mark class=\"QVRyCf\">Pago de Elvira, Farfillaz, Xavaca, y Majarguez<\/mark>.<span class=\"pjBG2e\" data-cid=\"ef43f9bc-1ae4-4a41-98cc-1740b4fb1f4e\"><span class=\"UV3uM\">\u00a0<\/span><\/span><\/span><\/p>\r\n<p>Durante 9 entregas han sido 72 los apellidos analizados, pero hemos de decir que en el <em>Libro de Apeos<\/em>\u00a0figuran muchos m\u00e1s pertenecientes tanto a cristianos viejos (vecinos desde antiguo de Atarfe o nuevos pobladores) como a moriscos. De igual manera, en el <em>Catastro del Marqu\u00e9s de la Ensenada<\/em>\u00a0(s. XVIII) hay algunos apellidos m\u00e1s que no han podido recogerse por estar la tinta de sus hojas borrosas, pero que, sin duda, aparecer\u00e1n cuando analicemos en su totalidad los folios correspondientes a las propiedades de esos vecinos.<\/p>\r\n\r\n\r\n<p>Para facilitar la b\u00fasqueda de los apellidos exponemos a continuaci\u00f3n en negrita los aperllidos que se han desarrollado en cada entrega, de manera que sea m\u00e1s f\u00e1cil de buscar .<\/p>\r\n\r\n\r\n<p>HISTORIA DE LOS APELLIDOS DE ATARFE (1) Apellidos de este art\u00edculo: <strong>Arroyo \/ Almodovar\/Aguilar Y Morales<\/strong><\/p>\r\n\r\n\r\n<figure class=\"wp-block-embed is-type-wp-embed is-provider-mirador-de-atarfe wp-block-embed-mirador-de-atarfe\">\r\n<div class=\"wp-block-embed__wrapper\">https:\/\/miradordeatarfe.es\/?p=77244<\/div>\r\n<\/figure>\r\n\r\n\r\n<p>HISTORIA DE LOS APELLIDOS DE ATARFE (2) Apellidos de este art\u00edculo:<strong> Poyatos \/ \u00c1vila \/ Mole\u00f3n \/Aguilera \/ Alejo\/ Agudo\/ Barea<\/strong><\/p>\r\n\r\n\r\n<figure class=\"wp-block-embed is-type-wp-embed is-provider-mirador-de-atarfe wp-block-embed-mirador-de-atarfe\">\r\n<div class=\"wp-block-embed__wrapper\">https:\/\/miradordeatarfe.es\/?p=77290<\/div>\r\n<\/figure>\r\n\r\n\r\n<p>HISTORIA DE LOS APELLIDOS DE ATARFE (3) Apellidos de este art\u00edculo:<strong> Carvajal\/ Carolilla\/ Cabrera\/ Cuenca\/ Cano\/ Corral\/ C\u00e9spedes\/ Cervantes\/ Escobar\/ Esc\u00e1mez\/ Valenzuela\/ Berdino\/ Rueda\/ Ruiz<\/strong><\/p>\r\n\r\n\r\n<figure class=\"wp-block-embed is-type-wp-embed is-provider-mirador-de-atarfe wp-block-embed-mirador-de-atarfe\">\r\n<div class=\"wp-block-embed__wrapper\">https:\/\/miradordeatarfe.es\/?p=77377<\/div>\r\n<\/figure>\r\n\r\n\r\n<p>HISTORIA DE LOS APELLIDOS DE ATARFE (4) Apellidos de este art\u00edculo: En este art\u00edculo se amplian algunos nombres tratados anteriormente con nuevas fuentes: <strong>Arroyo\/Agudo\/ Aguilar\/ Aguilera \/ Alejo\/ Almodovar\/ \u00c1vila\/ Cabrera\/ Cano\/ Carvajal\/ Cervantes\/ C\u00e9spedes\/ Corral\/ Cuenca\/ Esc\u00e1mez\/ Escobar\/ Mole\u00f3n\/ Morales \/ Poyatos\/ Rueda\/ Ruiz\/ Valenzuela<\/strong><\/p>\r\n\r\n\r\n<figure class=\"wp-block-embed is-type-wp-embed is-provider-mirador-de-atarfe wp-block-embed-mirador-de-atarfe\">\r\n<div class=\"wp-block-embed__wrapper\">https:\/\/miradordeatarfe.es\/?p=77576<\/div>\r\n<\/figure>\r\n\r\n\r\n<p>HISTORIA DE LOS APELLIDOS DE ATARFE (5) Apellidos de este art\u00edculo:<strong> Verdejo\/ Fern\u00e1ndez\/ Gallardo\/ Guerrero\/ Guirau\/ G\u00f3mez\/ Gonz\u00e1lez<\/strong><\/p>\r\n\r\n\r\n<figure class=\"wp-block-embed is-type-wp-embed is-provider-mirador-de-atarfe wp-block-embed-mirador-de-atarfe\">\r\n<div class=\"wp-block-embed__wrapper\">https:\/\/miradordeatarfe.es\/?p=77714<\/div>\r\n<\/figure>\r\n\r\n\r\n<p>HISTORIA DE LOS APELLIDOS DE ATARFE (6) Apellidos de este art\u00edculo:<strong> Garc\u00eda\/ Herrera\/ Hita\/ Jim\u00e9nez\/ Moya\/ Molinero\/ Machicado<\/strong><\/p>\r\n\r\n\r\n<figure class=\"wp-block-embed is-type-wp-embed is-provider-mirador-de-atarfe wp-block-embed-mirador-de-atarfe\">\r\n<div class=\"wp-block-embed__wrapper\">https:\/\/miradordeatarfe.es\/?p=77790<\/div>\r\n<\/figure>\r\n\r\n\r\n<p>HISTORIA DE LOS APELLIDOS DE ATARFE (7) Apellidos de este art\u00edculo:<strong> Montes\/mart\u00edn\/ Molina\/ Mendivil\/ L\u00f3pez\/ N\u00fa\u00f1ez\/ Puerta\/ Pe\u00f1as\/ Palenzuela\/ Prados\/ Pinto\/ Perbost\/ Palacio<\/strong><\/p>\r\n\r\n\r\n<figure class=\"wp-block-embed is-type-wp-embed is-provider-mirador-de-atarfe wp-block-embed-mirador-de-atarfe\">\r\n<div class=\"wp-block-embed__wrapper\">https:\/\/miradordeatarfe.es\/?p=77864<\/div>\r\n<\/figure>\r\n\r\n\r\n<p>HISTORIA DE LOS APELLIDOS DE ATARFE (8) Apellidos de este art\u00edculo <strong>:P\u00e9rez\/ Ram\u00edrez\/Roa\/ del Rio\/ Riveras\/ Rodr\u00edguez\/ de la Rosa\/ Rivas\/ Regil o Rexil\/ Sierra<\/strong><\/p>\r\n\r\n\r\n<figure class=\"wp-block-embed is-type-wp-embed is-provider-mirador-de-atarfe wp-block-embed-mirador-de-atarfe\">\r\n<div class=\"wp-block-embed__wrapper\">https:\/\/miradordeatarfe.es\/?p=77905<\/div>\r\n<\/figure>\r\n\r\n\r\n<p>HISTORIA DE LOS APELLIDOS DE ATARFE (9) Apellidos de este art\u00edculo:<strong> Aguila\/ Peregr\u00edn\/ Barrera\/ Torrente\/ Zafra\/ Zamora\/ Soto\/ S\u00e1nchez\/ Sola\/ Arag\u00f3n<\/strong><\/p>\r\n\r\n\r\n<p><a href=\"https:\/\/miradordeatarfe.es\/?p=78093\">https:\/\/miradordeatarfe.es\/?p=78093<\/a><\/p>\r\n\r\n\r\n<p>&nbsp;<\/p>\r\n","protected":false},"excerpt":{"rendered":"<p>Los principales top\u00f3nimos de Atarfe est\u00e1n relacionados con su origen \u00e1rabe, principalmente el nombre de&#8230;<\/p>\n","protected":false},"author":1,"featured_media":78118,"comment_status":"closed","ping_status":"closed","sticky":false,"template":"","format":"standard","meta":{"_coblocks_attr":"","_coblocks_dimensions":"","_coblocks_responsive_height":"","_coblocks_accordion_ie_support":"","jetpack_post_was_ever_published":false,"_jetpack_newsletter_access":"","_jetpack_dont_email_post_to_subs":false,"_jetpack_newsletter_tier_id":0,"_jetpack_memberships_contains_paywalled_content":false,"_jetpack_memberships_contains_paid_content":false,"footnotes":"","jetpack_publicize_message":"","jetpack_publicize_feature_enabled":true,"jetpack_social_post_already_shared":true,"jetpack_social_options":{"image_generator_settings":{"template":"highway","default_image_id":0,"enabled":false},"version":2}},"categories":[1161,1225,186,44,1],"tags":[],"class_list":["post-78117","post","type-post","status-publish","format-standard","has-post-thumbnail","hentry","category-ciudadania","category-ha-de-atarfe","category-instituciones","category-noticias-de-hoy","category-uncategorized"],"jetpack_publicize_connections":[],"jetpack_featured_media_url":"https:\/\/i0.wp.com\/miradordeatarfe.es\/wp-content\/uploads\/2025\/07\/DocumentoMarquesEnsenada.jpg?fit=300%2C181&ssl=1","jetpack_likes_enabled":true,"jetpack_sharing_enabled":true,"_links":{"self":[{"href":"https:\/\/miradordeatarfe.es\/index.php?rest_route=\/wp\/v2\/posts\/78117","targetHints":{"allow":["GET"]}}],"collection":[{"href":"https:\/\/miradordeatarfe.es\/index.php?rest_route=\/wp\/v2\/posts"}],"about":[{"href":"https:\/\/miradordeatarfe.es\/index.php?rest_route=\/wp\/v2\/types\/post"}],"author":[{"embeddable":true,"href":"https:\/\/miradordeatarfe.es\/index.php?rest_route=\/wp\/v2\/users\/1"}],"replies":[{"embeddable":true,"href":"https:\/\/miradordeatarfe.es\/index.php?rest_route=%2Fwp%2Fv2%2Fcomments&post=78117"}],"version-history":[{"count":7,"href":"https:\/\/miradordeatarfe.es\/index.php?rest_route=\/wp\/v2\/posts\/78117\/revisions"}],"predecessor-version":[{"id":78927,"href":"https:\/\/miradordeatarfe.es\/index.php?rest_route=\/wp\/v2\/posts\/78117\/revisions\/78927"}],"wp:featuredmedia":[{"embeddable":true,"href":"https:\/\/miradordeatarfe.es\/index.php?rest_route=\/wp\/v2\/media\/78118"}],"wp:attachment":[{"href":"https:\/\/miradordeatarfe.es\/index.php?rest_route=%2Fwp%2Fv2%2Fmedia&parent=78117"}],"wp:term":[{"taxonomy":"category","embeddable":true,"href":"https:\/\/miradordeatarfe.es\/index.php?rest_route=%2Fwp%2Fv2%2Fcategories&post=78117"},{"taxonomy":"post_tag","embeddable":true,"href":"https:\/\/miradordeatarfe.es\/index.php?rest_route=%2Fwp%2Fv2%2Ftags&post=78117"}],"curies":[{"name":"wp","href":"https:\/\/api.w.org\/{rel}","templated":true}]}}