{"id":78129,"date":"2025-07-15T11:00:11","date_gmt":"2025-07-15T09:00:11","guid":{"rendered":"https:\/\/miradordeatarfe.es\/?p=78129"},"modified":"2025-07-15T11:39:51","modified_gmt":"2025-07-15T09:39:51","slug":"proyecto-atarfeno-rescatar-el-patrimonio-cultural-inmaterial-que-son-los-nombres-de-lugar-toponimia-y-los-nombres-y-apellidos-de-las-personas-antroponimia-que-habitaron","status":"publish","type":"post","link":"https:\/\/miradordeatarfe.es\/?p=78129","title":{"rendered":"PROYECTO ATARFE\u00d1O: RESCATAR EL patrimonio cultural inmaterial que son los nombres de lugar (toponimia) y los nombres y apellidos de las personas (antroponimia) que habitaron"},"content":{"rendered":"\n<p>Cuando el 12 de marzo pasado impartimos la conferencia \u201cEsbozo del estudio topon\u00edmico de Atarfe (Granada)\u201d que a la mayor\u00eda de los asistentes os entusiasm\u00f3, est\u00e1bamos dando los primeros pasos para el proyecto final: <strong>el ansiado libro de la toponimia de Atarfe que pusiera en las manos de los j\u00f3venes y de las generaciones venideras la historia de los nombres de nuestro lugar, Atarfe<\/strong>, esa poblaci\u00f3n que, como<br \/>muchas otras del Reino de Granada, fue repoblada tras la expulsi\u00f3n de los moriscos (que eran atarfe\u00f1os tambi\u00e9n, por cierto); Atarfe, el pueblo al que llegaron nuevos vecinos procedentes de otras regiones y que \u201crenombraron\u201d muchos de estos lugares.<\/p>\n\n\n\n<p>Pues todo ello es lo que queremos RESCATAR, ese patrimonio cultural inmaterial que son los nombres de lugar (toponimia) y los nombres y apellidos de las personas (antroponimia) que habitaron esos pagos, esos cortijos, que cultivaron esas tierras, en las que vivieron y sufrieron tantas emociones a lo largo de los siglos.<br \/><strong>Para este ambicioso proyecto vamos a necesitar vuestra ayuda. \u00bfDe qu\u00e9 forma? <\/strong>Describiendo las tareas puede deducirse el car\u00e1cter de esa ayuda:<br \/><\/p>\n\n\n\n<p><strong>ACCIONES:<\/strong><br \/>\uf0b7 <strong>Visita a Archivos: Hist\u00f3rico, Real Canciller\u00eda, Diocesano, de Protocolos notariales, de la Parroquia de Atarfe, municipal del Ayuntamiento\u2026<\/strong><br \/>\uf0b7<strong> Entrevistas a vecinos del pueblo<\/strong> (y de otros lugares) que tengan los mismos apellidos.<br \/>\uf0b7 <strong>Elaboraci\u00f3n de bases de datos, an\u00e1lisis estad\u00edsticos, dise\u00f1o de libros, uso de plantillas, conocimientos de inform\u00e1tica\u2026<\/strong><br \/>\uf0b7<strong> Lectura de libros del siglo XVI y del XVIII.<\/strong><br \/>\uf0b7 <strong>Visitas a Bibliotecas, por ejemplo, la Biblioteca de Andaluc\u00eda para el manejo de diccionarios de genealog\u00eda.<\/strong><br \/>\uf0b7 <strong>Contrastar la informaci\u00f3n extra\u00edda de las distintas fuentes y elaborar res\u00famenes<\/strong>.<br \/>\uf0b7<strong> B\u00fasqueda de top\u00f3nimos que existan conservados por tradici\u00f3n oral.<\/strong><br \/>\uf0b7 M\u00e1s otras acciones que vayan surgiendo derivadas de las anteriores.<\/p>\n\n\n\n<p>Por lo tanto, <strong>toda aquella persona que disponga de \u00abalgo de tiempo\u00bb aunque se poco, que tenga ilusi\u00f3n por ver esta obra acabada, la que pueda aportar un granito de arena , la que quiera formar parte de esta obra, la que considere que puede llevar a cabo alguna de las acciones arriba expuestas,<\/strong> pues que est\u00e9 al <strong>tanto en septiembre<\/strong> que nos reuniremos para constituir el Grupo de trabajo que estar\u00e1 coordinado por la que suscribe, <strong>Teresa Garc\u00eda del Moral<\/strong>,  por<strong> Manuel Codina<\/strong> y contaremos con la ayuda y el asesoramiento de <strong>Almudena Cabrera<\/strong> (experta en toponimia de Atarfe y miembro del CSIC), as\u00ed como de pale\u00f3grafos, arabistas y profesores de estas especialidades.<\/p>\n\n\n\n<p>Desde aqu\u00ed agradecemos al Ayuntamiento de Atarfe, a las distintas asociaciones que han mostrado inter\u00e9s as\u00ed como a las personas que nos han escrito su disponibilidad a trabajar en este proyecto. <\/p>\n\n\n\n<p>En Septiembre nos pondremos en contacto con las diferentes asociaciones del municipio en especial las asociaciones educativas y culturales como:<strong><em> Asociaci\u00f3n Alumn@s \u201cAntonio Machado\u201d, Asociaci\u00f3n Art\u00edstica y Cultural Ciudad Atarfe, Asociaci\u00f3n de Madres y Padres de alumnos\/as \u201cLa Pizarra\u201d, AMPA La Ermita \u2013 CEIP Clara Campoamor, AMPA \u201cFernando de los R\u00edos\u201d, Asociaci\u00f3n Cultural \u201cCora de Ilbira\u201d, Asociaci\u00f3n Cultural \u201cLa Hoguera\u201d, Asociaci\u00f3n de Madres y Padres de alumnos\/as \u201cLos Almendrales\u201d, CIENCIATARFE, Asociaci\u00f3n para la Integraci\u00f3n de Enfermos\/as y Personas con Discapacidad de Atarfe (APIEMA), Colectivo de Mujeres \u201cAura\u201d, Asociaci\u00f3n Ilbira Moz\u00e1rabe, Asociaci\u00f3n Ilbira Moz\u00e1rabe, Centro de Participaci\u00f3n Activa de Mayores, AMPA \u201cJim\u00e9nez Rueda\u201d, Senderismo \u201cEl Castillejo\u201d<\/em><\/strong> y les citaremos para explicarles el proyecto y crear un grupo de trabajo.<\/p>\n\n\n\n<p>Buen desacnso.<\/p>\n\n\n\n\n","protected":false},"excerpt":{"rendered":"<p>Cuando el 12 de marzo pasado impartimos la conferencia \u201cEsbozo del estudio topon\u00edmico de Atarfe&#8230;<\/p>\n","protected":false},"author":1,"featured_media":78130,"comment_status":"closed","ping_status":"closed","sticky":false,"template":"","format":"standard","meta":{"_coblocks_attr":"","_coblocks_dimensions":"","_coblocks_responsive_height":"","_coblocks_accordion_ie_support":"","jetpack_post_was_ever_published":false,"_jetpack_newsletter_access":"","_jetpack_dont_email_post_to_subs":false,"_jetpack_newsletter_tier_id":0,"_jetpack_memberships_contains_paywalled_content":false,"_jetpack_memberships_contains_paid_content":false,"footnotes":"","jetpack_publicize_message":"","jetpack_publicize_feature_enabled":true,"jetpack_social_post_already_shared":true,"jetpack_social_options":{"image_generator_settings":{"template":"highway","default_image_id":0,"enabled":false},"version":2}},"categories":[2,1225,186,44],"tags":[],"class_list":["post-78129","post","type-post","status-publish","format-standard","has-post-thumbnail","hentry","category-atarfe","category-ha-de-atarfe","category-instituciones","category-noticias-de-hoy"],"jetpack_publicize_connections":[],"jetpack_featured_media_url":"https:\/\/i0.wp.com\/miradordeatarfe.es\/wp-content\/uploads\/2025\/07\/10447138_838458319573518_7712769258323799031_n-1.webp?fit=935%2C960&ssl=1","jetpack_likes_enabled":true,"jetpack_sharing_enabled":true,"_links":{"self":[{"href":"https:\/\/miradordeatarfe.es\/index.php?rest_route=\/wp\/v2\/posts\/78129","targetHints":{"allow":["GET"]}}],"collection":[{"href":"https:\/\/miradordeatarfe.es\/index.php?rest_route=\/wp\/v2\/posts"}],"about":[{"href":"https:\/\/miradordeatarfe.es\/index.php?rest_route=\/wp\/v2\/types\/post"}],"author":[{"embeddable":true,"href":"https:\/\/miradordeatarfe.es\/index.php?rest_route=\/wp\/v2\/users\/1"}],"replies":[{"embeddable":true,"href":"https:\/\/miradordeatarfe.es\/index.php?rest_route=%2Fwp%2Fv2%2Fcomments&post=78129"}],"version-history":[{"count":5,"href":"https:\/\/miradordeatarfe.es\/index.php?rest_route=\/wp\/v2\/posts\/78129\/revisions"}],"predecessor-version":[{"id":78214,"href":"https:\/\/miradordeatarfe.es\/index.php?rest_route=\/wp\/v2\/posts\/78129\/revisions\/78214"}],"wp:featuredmedia":[{"embeddable":true,"href":"https:\/\/miradordeatarfe.es\/index.php?rest_route=\/wp\/v2\/media\/78130"}],"wp:attachment":[{"href":"https:\/\/miradordeatarfe.es\/index.php?rest_route=%2Fwp%2Fv2%2Fmedia&parent=78129"}],"wp:term":[{"taxonomy":"category","embeddable":true,"href":"https:\/\/miradordeatarfe.es\/index.php?rest_route=%2Fwp%2Fv2%2Fcategories&post=78129"},{"taxonomy":"post_tag","embeddable":true,"href":"https:\/\/miradordeatarfe.es\/index.php?rest_route=%2Fwp%2Fv2%2Ftags&post=78129"}],"curies":[{"name":"wp","href":"https:\/\/api.w.org\/{rel}","templated":true}]}}