{"id":78133,"date":"2025-07-10T10:35:00","date_gmt":"2025-07-10T08:35:00","guid":{"rendered":"https:\/\/miradordeatarfe.es\/?p=78133"},"modified":"2025-10-16T10:10:51","modified_gmt":"2025-10-16T08:10:51","slug":"a-por-la-ugr-por-juan-de-dios-villanueva-roa","status":"publish","type":"post","link":"https:\/\/miradordeatarfe.es\/?p=78133","title":{"rendered":"\u00abA por la UGR\u00bb por Juan de Dios Villanueva Roa"},"content":{"rendered":"\n<p class=\"has-medium-font-size\"><strong>Granada podr\u00eda encabezar el campo de la inteligencia artificial y el desarrollo tecnol\u00f3gico relacionado con ella.<\/strong><\/p>\n\n\n\n<p> Muchas son las empresas que han mostrado su voluntad de afincarse aqu\u00ed. Las inversiones estatales est\u00e1n siendo importantes; las palabras pol\u00edticas acompa\u00f1an este h\u00e1bitat que est\u00e1 comenzando a formarse, con el esfuerzo de muchas entidades y personas. La Universidad de Granada es una de las mayores apostantes en este discurso y en estas obras de progreso desde los \u00e1ngulos que le corresponden: conocimiento y capacitaci\u00f3n del personal t\u00e9cnico que ha de desarrollar proyectos que se ejecuten. La voluntad parec\u00eda venir acompa\u00f1ada de hechos, que son amores. <\/p>\n\n\n\n<p>Pero la sorpresa acaba de saltar con la denegaci\u00f3n de estudios universitarios que permitan formarse aqu\u00ed a esos futuros trabajadores.<\/p>\n\n\n\n<p>Esto nos hace un da\u00f1o irreversible, puesto que aquellas empresas pueden asentarse donde s\u00ed habr\u00e1 en un futuro inmediato mano de obra cualificada. Da la casualidad, otra vez, que M\u00e1laga se adelanta y cuenta con estos estudios a trav\u00e9s de una de las universidades privadas que la Junta de Andaluc\u00eda, gobernada por el PP, ese que aqu\u00ed llaman Juanma, est\u00e1 poniendo en marcha, concretamente la Alfonso X El Sabio, a la que el PP autoriz\u00f3 el grado que a la UGR niega.<\/p>\n\n\n\n<p>FOTO; <a href=\"https:\/\/regiondegranada.org\/granada-inteligencia-artificial-aesia\/\">https:\/\/regiondegranada.org\/granada-inteligencia-artificial-aesia\/<\/a><\/p>\n","protected":false},"excerpt":{"rendered":"<p>Granada podr\u00eda encabezar el campo de la inteligencia artificial y el desarrollo tecnol\u00f3gico relacionado con&#8230;<\/p>\n","protected":false},"author":1,"featured_media":78134,"comment_status":"closed","ping_status":"closed","sticky":false,"template":"","format":"standard","meta":{"_coblocks_attr":"","_coblocks_dimensions":"","_coblocks_responsive_height":"","_coblocks_accordion_ie_support":"","jetpack_post_was_ever_published":false,"_jetpack_newsletter_access":"","_jetpack_dont_email_post_to_subs":false,"_jetpack_newsletter_tier_id":0,"_jetpack_memberships_contains_paywalled_content":false,"_jetpack_memberships_contains_paid_content":false,"footnotes":"","jetpack_publicize_message":"","jetpack_publicize_feature_enabled":true,"jetpack_social_post_already_shared":true,"jetpack_social_options":{"image_generator_settings":{"template":"highway","default_image_id":0,"enabled":false},"version":2}},"categories":[10791,10797,10781,9772,44],"tags":[],"class_list":["post-78133","post","type-post","status-publish","format-standard","has-post-thumbnail","hentry","category-andalucia","category-ciencia","category-granada","category-opinion-de-juan-de-dios-villanueva","category-noticias-de-hoy"],"jetpack_publicize_connections":[],"jetpack_featured_media_url":"https:\/\/i0.wp.com\/miradordeatarfe.es\/wp-content\/uploads\/2025\/07\/granada-IA-r5w4w53xlrdmsy1fmkvacltw6ke62jf0tla7k8ikg0.jpg?fit=888%2C500&ssl=1","jetpack_likes_enabled":true,"jetpack_sharing_enabled":true,"_links":{"self":[{"href":"https:\/\/miradordeatarfe.es\/index.php?rest_route=\/wp\/v2\/posts\/78133","targetHints":{"allow":["GET"]}}],"collection":[{"href":"https:\/\/miradordeatarfe.es\/index.php?rest_route=\/wp\/v2\/posts"}],"about":[{"href":"https:\/\/miradordeatarfe.es\/index.php?rest_route=\/wp\/v2\/types\/post"}],"author":[{"embeddable":true,"href":"https:\/\/miradordeatarfe.es\/index.php?rest_route=\/wp\/v2\/users\/1"}],"replies":[{"embeddable":true,"href":"https:\/\/miradordeatarfe.es\/index.php?rest_route=%2Fwp%2Fv2%2Fcomments&post=78133"}],"version-history":[{"count":1,"href":"https:\/\/miradordeatarfe.es\/index.php?rest_route=\/wp\/v2\/posts\/78133\/revisions"}],"predecessor-version":[{"id":78135,"href":"https:\/\/miradordeatarfe.es\/index.php?rest_route=\/wp\/v2\/posts\/78133\/revisions\/78135"}],"wp:featuredmedia":[{"embeddable":true,"href":"https:\/\/miradordeatarfe.es\/index.php?rest_route=\/wp\/v2\/media\/78134"}],"wp:attachment":[{"href":"https:\/\/miradordeatarfe.es\/index.php?rest_route=%2Fwp%2Fv2%2Fmedia&parent=78133"}],"wp:term":[{"taxonomy":"category","embeddable":true,"href":"https:\/\/miradordeatarfe.es\/index.php?rest_route=%2Fwp%2Fv2%2Fcategories&post=78133"},{"taxonomy":"post_tag","embeddable":true,"href":"https:\/\/miradordeatarfe.es\/index.php?rest_route=%2Fwp%2Fv2%2Ftags&post=78133"}],"curies":[{"name":"wp","href":"https:\/\/api.w.org\/{rel}","templated":true}]}}