{"id":78136,"date":"2025-07-12T08:50:00","date_gmt":"2025-07-12T06:50:00","guid":{"rendered":"https:\/\/miradordeatarfe.es\/?p=78136"},"modified":"2025-07-10T10:03:10","modified_gmt":"2025-07-10T08:03:10","slug":"confirmado-espana-quiere-cambiar-las-normas-y-a-partir-de-ahora-incentivar-que-los-jubilados-vuelvan-a-trabajar","status":"publish","type":"post","link":"https:\/\/miradordeatarfe.es\/?p=78136","title":{"rendered":"Confirmado: Espa\u00f1a quiere cambiar las normas y, a partir de ahora, incentivar que los jubilados vuelvan a trabajar"},"content":{"rendered":"\n<p class=\"has-medium-font-size\"><strong>El Gobierno de Pedro S\u00e1nchez, junto con la Seguridad Social, buscan poner en marcha esta nueva reforma legal<\/strong><\/p>\n\n\n\n<p><strong>La jubilaci\u00f3n sigue siendo uno de los temas que m\u00e1s inquietan a los trabajadores espa\u00f1oles<\/strong>. Con una normativa en constante evoluci\u00f3n y reformas que buscan asegurar la viabilidad del sistema p\u00fablico de pensiones, planificar el retiro laboral se ha vuelto cada vez m\u00e1s complejo. La <strong>Seguridad Social<\/strong>, consciente de esta incertidumbre, publica de forma peri\u00f3dica los <strong>requisitos necesarios<\/strong> para acceder a la pensi\u00f3n completa y mantenerse al tanto de los cambios resulta clave para quienes se acercan al final de su <strong>vida laboral<\/strong>.<\/p>\n\n\n\n<p><strong>El progresivo envejecimiento de la poblaci\u00f3n y la baja natalidad<\/strong> han puesto sobre la mesa la necesidad de revisar las reglas del juego. De ah\u00ed que el<strong> Gobierno<\/strong> impulse ajustes con el objetivo de garantizar la<strong> sostenibilidad del sistema<\/strong>. Uno de los aspectos m\u00e1s relevantes es la edad legal de jubilaci\u00f3n, que var\u00eda en funci\u00f3n de los a\u00f1os cotizados.<\/p>\n\n\n\n<p>En<strong> 2025<\/strong>, por ejemplo, se podr\u00e1 acceder a la jubilaci\u00f3n a los <strong>65 a\u00f1os<\/strong> si se ha trabajado durante al menos <strong>38 a\u00f1os y 3 meses<\/strong>. De lo contrario, ser\u00e1 necesario esperar hasta los <strong>66 a\u00f1os y 8 meses<\/strong>. Esta progresi\u00f3n continuar\u00e1 en los pr\u00f3ximos a\u00f1os, y en <strong>2027<\/strong> se necesitar\u00e1n <strong>38 a\u00f1os y 6 meses<\/strong> de cotizaci\u00f3n para jubilarse a los<strong> 65 a\u00f1os<\/strong>; quienes no los alcancen tendr\u00e1n que retrasar su retiro hasta los <strong>67<\/strong>. Lee tambi\u00e9n<\/p>\n\n\n\n<p>En ese sentido, y tras acceder a la ansiada jubilaci\u00f3n, <strong>el Gobierno de Espa\u00f1a ha puesto en marcha una reforma legal que busca permitir a los jubilados volver a trabajar sin perder sus derechos<\/strong>. Lejos de imponer obligaciones, esta medida pretende <strong>incentivar voluntariamente la reincorporaci\u00f3n de personas jubiladas <\/strong>al mercado laboral, ya sea de forma parcial, temporal o indefinida. El objetivo: afrontar el envejecimiento de la poblaci\u00f3n, reforzar el sistema p\u00fablico de pensiones y aprovechar el talento s\u00e9nior en un momento de <strong>escasez de profesionales <\/strong>en algunos sectores clave.<\/p>\n\n\n\n<p>Actualmente, existen f\u00f3rmulas como la<strong> jubilaci\u00f3n parcial o la jubilaci\u00f3n activa<\/strong>, pero el <strong>Ejecutivo<\/strong> reconoce que son muy poco utilizadas por lo restrictivas que son. Por eso, se est\u00e1 tramitando una reforma profunda del modelo, conocida como <strong>\u00abjubilaci\u00f3n reversible\u00bb<\/strong>, que permitir\u00e1 a los pensionistas volver al trabajo en mejores condiciones, con menos tr\u00e1mites y m\u00e1s incentivos econ\u00f3micos.&nbsp;Entre las novedades m\u00e1s relevantes, destaca que <strong>los jubilados podr\u00e1n seguir cobrando parte de su pensi\u00f3n<\/strong>, con porcentajes proporcionales seg\u00fan la jornada.<\/p>\n\n\n\n<p><strong>El Gobierno ha presentado ya el proyecto <\/strong>a los agentes sociales (sindicatos y patronal), y ha confirmado su intenci\u00f3n de llevarlo al <strong>Congreso<\/strong> como proyecto de ley a lo largo de<strong> 2025<\/strong>.&nbsp;De momento, la reforma est\u00e1 en<strong> fase de tramitaci\u00f3n<\/strong>, por lo que no ha entrado a\u00fan en vigor. No obstante, el consenso pol\u00edtico y social en torno a la propuesta hace prever que pueda aprobarse durante los pr\u00f3ximos meses, con vistas a implementarse a<strong>ntes de que termine el a\u00f1o o a inicios de 2026<\/strong>. Y es que la medida llegar\u00eda en un contexto&nbsp;donde, seg\u00fan datos oficiales, las<strong> jubilaciones demoradas<\/strong> (personas que retrasan su retiro) ya representan un <strong>11\u202f% <\/strong>de las nuevas altas, el doble que hace cinco a\u00f1os.<\/p>\n\n\n\n<ul class=\"wp-block-list\">\n<li>Redacci\u00f3n Barcelona MUNDO DEPORTIVO<\/li>\n<\/ul>\n\n\n\n<p><a href=\"https:\/\/www.mundodeportivo.com\/actualidad\/20250709\/1002497296\/confirmado-espana-quiere-cambiar-normas-partir-incentivar-jubilados-vuelvan-trabajar-finanzas-dct.html\">https:\/\/www.mundodeportivo.com\/actualidad\/20250709\/1002497296\/confirmado-espana-quiere-cambiar-normas-partir-incentivar-jubilados-vuelvan-trabajar-finanzas-dct.html<\/a><\/p>\n","protected":false},"excerpt":{"rendered":"<p>El Gobierno de Pedro S\u00e1nchez, junto con la Seguridad Social, buscan poner en marcha esta&#8230;<\/p>\n","protected":false},"author":1,"featured_media":78137,"comment_status":"closed","ping_status":"closed","sticky":false,"template":"","format":"standard","meta":{"_coblocks_attr":"","_coblocks_dimensions":"","_coblocks_responsive_height":"","_coblocks_accordion_ie_support":"","jetpack_post_was_ever_published":false,"_jetpack_newsletter_access":"","_jetpack_dont_email_post_to_subs":false,"_jetpack_newsletter_tier_id":0,"_jetpack_memberships_contains_paywalled_content":false,"_jetpack_memberships_contains_paid_content":false,"footnotes":"","jetpack_publicize_message":"","jetpack_publicize_feature_enabled":true,"jetpack_social_post_already_shared":true,"jetpack_social_options":{"image_generator_settings":{"template":"highway","default_image_id":0,"enabled":false},"version":2}},"categories":[1161,44,6937],"tags":[],"class_list":["post-78136","post","type-post","status-publish","format-standard","has-post-thumbnail","hentry","category-ciudadania","category-noticias-de-hoy","category-sociedad"],"jetpack_publicize_connections":[],"jetpack_featured_media_url":"https:\/\/i0.wp.com\/miradordeatarfe.es\/wp-content\/uploads\/2025\/07\/686e7844eee1f.jpeg?fit=449%2C299&ssl=1","jetpack_likes_enabled":true,"jetpack_sharing_enabled":true,"_links":{"self":[{"href":"https:\/\/miradordeatarfe.es\/index.php?rest_route=\/wp\/v2\/posts\/78136","targetHints":{"allow":["GET"]}}],"collection":[{"href":"https:\/\/miradordeatarfe.es\/index.php?rest_route=\/wp\/v2\/posts"}],"about":[{"href":"https:\/\/miradordeatarfe.es\/index.php?rest_route=\/wp\/v2\/types\/post"}],"author":[{"embeddable":true,"href":"https:\/\/miradordeatarfe.es\/index.php?rest_route=\/wp\/v2\/users\/1"}],"replies":[{"embeddable":true,"href":"https:\/\/miradordeatarfe.es\/index.php?rest_route=%2Fwp%2Fv2%2Fcomments&post=78136"}],"version-history":[{"count":2,"href":"https:\/\/miradordeatarfe.es\/index.php?rest_route=\/wp\/v2\/posts\/78136\/revisions"}],"predecessor-version":[{"id":78140,"href":"https:\/\/miradordeatarfe.es\/index.php?rest_route=\/wp\/v2\/posts\/78136\/revisions\/78140"}],"wp:featuredmedia":[{"embeddable":true,"href":"https:\/\/miradordeatarfe.es\/index.php?rest_route=\/wp\/v2\/media\/78137"}],"wp:attachment":[{"href":"https:\/\/miradordeatarfe.es\/index.php?rest_route=%2Fwp%2Fv2%2Fmedia&parent=78136"}],"wp:term":[{"taxonomy":"category","embeddable":true,"href":"https:\/\/miradordeatarfe.es\/index.php?rest_route=%2Fwp%2Fv2%2Fcategories&post=78136"},{"taxonomy":"post_tag","embeddable":true,"href":"https:\/\/miradordeatarfe.es\/index.php?rest_route=%2Fwp%2Fv2%2Ftags&post=78136"}],"curies":[{"name":"wp","href":"https:\/\/api.w.org\/{rel}","templated":true}]}}