{"id":7814,"date":"2016-03-28T06:03:13","date_gmt":"2016-03-28T06:03:13","guid":{"rendered":"http:\/\/miradordeatarfe.es\/?p=7814"},"modified":"2016-03-23T17:13:30","modified_gmt":"2016-03-23T17:13:30","slug":"llegan-las-alergias","status":"publish","type":"post","link":"https:\/\/miradordeatarfe.es\/?p=7814","title":{"rendered":"\u00a1\u00a1\u00a1Llegan las alergias!!!"},"content":{"rendered":"<div id=\"noticia_titulo\">\n<p style=\"text-align: justify;\">Andaluc\u00eda contar\u00e1 esta primavera con uno de los niveles de p\u00f3lenes m\u00e1s altos de toda Espa\u00f1a<\/p>\n<\/div>\n<p style=\"text-align: justify;\"><!--more-->Con la primavera reci\u00e9n estrenada llegan las temidas alergias que, seg\u00fan los especialistas del Hospital Vithas Xanit Internacional, perteneciente al grupo sanitario Vithas, afectar\u00e1n este a\u00f1o a m\u00e1s de 200.000 malague\u00f1os dado que la previsi\u00f3n de niveles de p\u00f3lenes esta primavera en Andaluc\u00eda es, junto con Extremadura, de los m\u00e1s altos de toda Espa\u00f1a. \u201cActualmente en Espa\u00f1a un 33% de la poblaci\u00f3n padece alg\u00fan tipo de alergia, unas alergias que se incrementan con la llegada de la primavera y que afectar\u00e1 este a\u00f1o a unos 8 millones de espa\u00f1oles. En M\u00e1laga, m\u00e1s de 200.000 malague\u00f1os sufrir\u00e1n los rigores de la alergia primaveral estos meses\u201d, seg\u00fan explica la doctora Clara Isabel P\u00e9rez Padilla, responsable del Servicio de Alergolog\u00eda del Hospital.<\/p>\n<p style=\"text-align: justify;\">\u201cLas alergias de olivo y gram\u00edneas son de las m\u00e1s comunes, sobre todo en el Sur de Espa\u00f1a y en el \u00c1rea Mediterr\u00e1nea, donde la polinizaci\u00f3n comienza siempre un poco antes que en el resto, por las altas temperaturas\u201d, explica la alerg\u00f3loga, quien a\u00f1ade que este tipo de alergias afectan casi a la mitad de los al\u00e9rgicos. \u201cAdem\u00e1s, este a\u00f1o, las altas temperaturas experimentadas durante los meses de diciembre y enero han hecho que se adelante la polinizaci\u00f3n de las cupres\u00e1ceas (cipreses y ariz\u00f3nicas) provocando s\u00edntomas de alergias hasta un mes antes de la fecha habitual. Seg\u00fan el Comit\u00e9 de Aerobiolog\u00eda de la SEAIC (Sociedad Espa\u00f1ola de Alergolog\u00eda e Inmunolog\u00eda Cl\u00ednica), la previsi\u00f3n de niveles de p\u00f3lenes en Andaluc\u00eda esta primavera van a ser los m\u00e1s intensos, junto a Extremadura, de toda Espa\u00f1a\u201d, explica.<\/p>\n<p style=\"text-align: justify;\">Algunos de los s\u00edntomas que puede tener un paciente con alergia son: picor nasal, ocular, del paladar e incluso de los o\u00eddos acompa\u00f1ado frecuentemente de estornudos, mucosidad y congesti\u00f3n nasal. El enrojecimiento ocular, lagrimeo de los ojos o incluso formaci\u00f3n de ampollas o bolsas pueden ser otros s\u00edntomas derivados de una alergia. La dificultad respiratoria, tos o ruidos como pitos en el pecho son tambi\u00e9n comunes cuando se padece un asma al\u00e9rgico \u201cAnte la presencia de algunos de estos s\u00edntomas se recomienda que el paciente acuda a un alerg\u00f3logo para que pueda valorar su caso y determinar si precisa tratamiento de inmunoterapia y as\u00ed prevenir los s\u00edntomas y crisis en primavera\u201d, explica la Dra. P\u00e9rez Padilla.<\/p>\n<p style=\"text-align: justify;\">Desde el Servicio de Alergolog\u00eda de Vithas Xanit ofrecen algunos consejos para sobrellevar mejor la alergia primaveral. \u201cEvitar las estancias en el campo o en zonas con abundante vegetaci\u00f3n durante estos meses es importante para los al\u00e9rgicos a p\u00f3lenes, sobre todo en los d\u00edas con viento. Tambi\u00e9n se recomienda\u00a0 dormir con las ventanas cerradas y, si se viaja, hacerlo tambi\u00e9n con las ventanillas del coche cerrado y empleando filtros antipolen en la ventilaci\u00f3n del coche. El uso de gafas de sol y evitar la exposici\u00f3n a irritantes inespec\u00edficos como humos, polvos u olores fuertes tambi\u00e9n puede ayudarnos a sobrellevar mejor la alergia\u201d; explica la especialista. \u201cY, por supuesto, acudir a un alerg\u00f3logo para su correcto diagn\u00f3stico y tratamiento\u201d, a\u00f1ade.<\/p>\n<p style=\"text-align: justify;\">\n","protected":false},"excerpt":{"rendered":"<p>Andaluc\u00eda contar\u00e1 esta primavera con uno de los niveles de p\u00f3lenes m\u00e1s altos de toda&#8230;<\/p>\n","protected":false},"author":1,"featured_media":7816,"comment_status":"closed","ping_status":"closed","sticky":false,"template":"","format":"standard","meta":{"_coblocks_attr":"","_coblocks_dimensions":"","_coblocks_responsive_height":"","_coblocks_accordion_ie_support":"","jetpack_post_was_ever_published":false,"_jetpack_newsletter_access":"","_jetpack_dont_email_post_to_subs":false,"_jetpack_newsletter_tier_id":0,"_jetpack_memberships_contains_paywalled_content":false,"_jetpack_memberships_contains_paid_content":false,"footnotes":"","jetpack_publicize_message":"","jetpack_publicize_feature_enabled":true,"jetpack_social_post_already_shared":false,"jetpack_social_options":{"image_generator_settings":{"template":"highway","default_image_id":0,"enabled":false},"version":2}},"categories":[44,15,10],"tags":[412,1500,55],"class_list":["post-7814","post","type-post","status-publish","format-standard","has-post-thumbnail","hentry","category-noticias-de-hoy","category-ultimas-noticias","category-salud","tag-alergias","tag-medicinas","tag-salud"],"jetpack_publicize_connections":[],"jetpack_featured_media_url":"https:\/\/i0.wp.com\/miradordeatarfe.es\/wp-content\/uploads\/2016\/03\/alergias-medicacion.jpg?fit=680%2C420&ssl=1","jetpack_likes_enabled":true,"jetpack_sharing_enabled":true,"_links":{"self":[{"href":"https:\/\/miradordeatarfe.es\/index.php?rest_route=\/wp\/v2\/posts\/7814","targetHints":{"allow":["GET"]}}],"collection":[{"href":"https:\/\/miradordeatarfe.es\/index.php?rest_route=\/wp\/v2\/posts"}],"about":[{"href":"https:\/\/miradordeatarfe.es\/index.php?rest_route=\/wp\/v2\/types\/post"}],"author":[{"embeddable":true,"href":"https:\/\/miradordeatarfe.es\/index.php?rest_route=\/wp\/v2\/users\/1"}],"replies":[{"embeddable":true,"href":"https:\/\/miradordeatarfe.es\/index.php?rest_route=%2Fwp%2Fv2%2Fcomments&post=7814"}],"version-history":[{"count":1,"href":"https:\/\/miradordeatarfe.es\/index.php?rest_route=\/wp\/v2\/posts\/7814\/revisions"}],"predecessor-version":[{"id":7815,"href":"https:\/\/miradordeatarfe.es\/index.php?rest_route=\/wp\/v2\/posts\/7814\/revisions\/7815"}],"wp:featuredmedia":[{"embeddable":true,"href":"https:\/\/miradordeatarfe.es\/index.php?rest_route=\/wp\/v2\/media\/7816"}],"wp:attachment":[{"href":"https:\/\/miradordeatarfe.es\/index.php?rest_route=%2Fwp%2Fv2%2Fmedia&parent=7814"}],"wp:term":[{"taxonomy":"category","embeddable":true,"href":"https:\/\/miradordeatarfe.es\/index.php?rest_route=%2Fwp%2Fv2%2Fcategories&post=7814"},{"taxonomy":"post_tag","embeddable":true,"href":"https:\/\/miradordeatarfe.es\/index.php?rest_route=%2Fwp%2Fv2%2Ftags&post=7814"}],"curies":[{"name":"wp","href":"https:\/\/api.w.org\/{rel}","templated":true}]}}