{"id":78151,"date":"2025-07-11T11:30:00","date_gmt":"2025-07-11T09:30:00","guid":{"rendered":"https:\/\/miradordeatarfe.es\/?p=78151"},"modified":"2025-07-11T11:53:03","modified_gmt":"2025-07-11T09:53:03","slug":"fiestas-de-sierra-elvira-2025","status":"publish","type":"post","link":"https:\/\/miradordeatarfe.es\/?p=78151","title":{"rendered":"FIESTAS DE SIERRA ELVIRA 2025"},"content":{"rendered":"\n<p class=\"has-medium-font-size\"><strong>Del 11 al 16 de julio, Sierra Elvira  celebra las fiestas en honor a la Virgen del Carmen, con una programaci\u00f3n pensada para que toda la familia disfrute al m\u00e1ximo.<\/strong><\/p>\n\n\n\n<p> Hoy Viernes 11 comienzan las fiestas con la  Cena de nuestros mayores, uno de los momentos m\u00e1s entra\u00f1ables de nuestras fiestas y el preg\u00f3n de fiestas por \u00c1ngel Fern\u00e1ndez.<\/p>\n\n\n\n<p> Cada d\u00eda: Actividades infantiles con fiestas del agua y espuma.<br \/> Actuaciones musicales con artistas como Iv\u00e1n El Centenillo, la Orquesta \u00c9poka y bailes populares.<br \/> Y este a\u00f1o como novedad\u2026 <strong>\u00a1Fiesta joven el martes 15!<\/strong><\/p>\n\n\n\n<p> Y durante el d\u00eda\u2026 \u00a1ven a vivir el mejor ambiente en la fiesta de d\u00eda! Con carpas, microclima, chorros de agua y un entorno ideal para refrescarse y disfrutar.<\/p>\n\n\n\n<p>Este es el programa de las fiestas;<\/p>\n\n\n\n<figure class=\"wp-block-gallery has-nested-images columns-default is-cropped wp-block-gallery-1 is-layout-flex wp-block-gallery-is-layout-flex\">\n<figure class=\"wp-block-image size-large\"><img data-recalc-dims=\"1\" loading=\"lazy\" decoding=\"async\" width=\"640\" height=\"649\" data-id=\"78155\" src=\"https:\/\/i0.wp.com\/miradordeatarfe.es\/wp-content\/uploads\/2025\/07\/Screenshot-2025-07-11-at-11-42-50-fiestas-sierra-elvira-2025-programa.pdf.png?resize=640%2C649&#038;ssl=1\" alt=\"\" class=\"wp-image-78155\" srcset=\"https:\/\/i0.wp.com\/miradordeatarfe.es\/wp-content\/uploads\/2025\/07\/Screenshot-2025-07-11-at-11-42-50-fiestas-sierra-elvira-2025-programa.pdf.png?w=886&amp;ssl=1 886w, https:\/\/i0.wp.com\/miradordeatarfe.es\/wp-content\/uploads\/2025\/07\/Screenshot-2025-07-11-at-11-42-50-fiestas-sierra-elvira-2025-programa.pdf.png?resize=296%2C300&amp;ssl=1 296w, https:\/\/i0.wp.com\/miradordeatarfe.es\/wp-content\/uploads\/2025\/07\/Screenshot-2025-07-11-at-11-42-50-fiestas-sierra-elvira-2025-programa.pdf.png?resize=768%2C779&amp;ssl=1 768w\" sizes=\"auto, (max-width: 640px) 100vw, 640px\" \/><\/figure>\n<\/figure>\n\n\n\n<figure class=\"wp-block-image size-full\"><img data-recalc-dims=\"1\" loading=\"lazy\" decoding=\"async\" width=\"640\" height=\"615\" src=\"https:\/\/i0.wp.com\/miradordeatarfe.es\/wp-content\/uploads\/2025\/07\/Screenshot-2025-07-11-at-11-43-06-fiestas-sierra-elvira-2025-programa.pdf.png?resize=640%2C615&#038;ssl=1\" alt=\"\" class=\"wp-image-78154\" srcset=\"https:\/\/i0.wp.com\/miradordeatarfe.es\/wp-content\/uploads\/2025\/07\/Screenshot-2025-07-11-at-11-43-06-fiestas-sierra-elvira-2025-programa.pdf.png?w=931&amp;ssl=1 931w, https:\/\/i0.wp.com\/miradordeatarfe.es\/wp-content\/uploads\/2025\/07\/Screenshot-2025-07-11-at-11-43-06-fiestas-sierra-elvira-2025-programa.pdf.png?resize=300%2C288&amp;ssl=1 300w, https:\/\/i0.wp.com\/miradordeatarfe.es\/wp-content\/uploads\/2025\/07\/Screenshot-2025-07-11-at-11-43-06-fiestas-sierra-elvira-2025-programa.pdf.png?resize=768%2C737&amp;ssl=1 768w\" sizes=\"auto, (max-width: 640px) 100vw, 640px\" \/><\/figure>\n\n\n\n\n\n\n\n<figure class=\"wp-block-gallery has-nested-images columns-default is-cropped wp-block-gallery-2 is-layout-flex wp-block-gallery-is-layout-flex\">\n<figure class=\"wp-block-image size-large\"><img data-recalc-dims=\"1\" loading=\"lazy\" decoding=\"async\" width=\"640\" height=\"646\" data-id=\"78153\" src=\"https:\/\/i0.wp.com\/miradordeatarfe.es\/wp-content\/uploads\/2025\/07\/Screenshot-2025-07-11-at-11-43-16-fiestas-sierra-elvira-2025-programa.pdf.png?resize=640%2C646&#038;ssl=1\" alt=\"\" class=\"wp-image-78153\" srcset=\"https:\/\/i0.wp.com\/miradordeatarfe.es\/wp-content\/uploads\/2025\/07\/Screenshot-2025-07-11-at-11-43-16-fiestas-sierra-elvira-2025-programa.pdf.png?w=870&amp;ssl=1 870w, https:\/\/i0.wp.com\/miradordeatarfe.es\/wp-content\/uploads\/2025\/07\/Screenshot-2025-07-11-at-11-43-16-fiestas-sierra-elvira-2025-programa.pdf.png?resize=297%2C300&amp;ssl=1 297w, https:\/\/i0.wp.com\/miradordeatarfe.es\/wp-content\/uploads\/2025\/07\/Screenshot-2025-07-11-at-11-43-16-fiestas-sierra-elvira-2025-programa.pdf.png?resize=150%2C150&amp;ssl=1 150w, https:\/\/i0.wp.com\/miradordeatarfe.es\/wp-content\/uploads\/2025\/07\/Screenshot-2025-07-11-at-11-43-16-fiestas-sierra-elvira-2025-programa.pdf.png?resize=768%2C775&amp;ssl=1 768w\" sizes=\"auto, (max-width: 640px) 100vw, 640px\" \/><\/figure>\n<\/figure>\n\n\n\n\n\n\n\n<figure class=\"wp-block-image size-full\"><img data-recalc-dims=\"1\" loading=\"lazy\" decoding=\"async\" width=\"640\" height=\"618\" src=\"https:\/\/i0.wp.com\/miradordeatarfe.es\/wp-content\/uploads\/2025\/07\/Screenshot-2025-07-11-at-11-43-34-fiestas-sierra-elvira-2025-programa.pdf.png?resize=640%2C618&#038;ssl=1\" alt=\"\" class=\"wp-image-78152\" srcset=\"https:\/\/i0.wp.com\/miradordeatarfe.es\/wp-content\/uploads\/2025\/07\/Screenshot-2025-07-11-at-11-43-34-fiestas-sierra-elvira-2025-programa.pdf.png?w=915&amp;ssl=1 915w, https:\/\/i0.wp.com\/miradordeatarfe.es\/wp-content\/uploads\/2025\/07\/Screenshot-2025-07-11-at-11-43-34-fiestas-sierra-elvira-2025-programa.pdf.png?resize=300%2C290&amp;ssl=1 300w, https:\/\/i0.wp.com\/miradordeatarfe.es\/wp-content\/uploads\/2025\/07\/Screenshot-2025-07-11-at-11-43-34-fiestas-sierra-elvira-2025-programa.pdf.png?resize=768%2C741&amp;ssl=1 768w\" sizes=\"auto, (max-width: 640px) 100vw, 640px\" \/><\/figure>\n","protected":false},"excerpt":{"rendered":"<p>Del 11 al 16 de julio, Sierra Elvira celebra las fiestas en honor a la&#8230;<\/p>\n","protected":false},"author":1,"featured_media":78156,"comment_status":"closed","ping_status":"closed","sticky":false,"template":"","format":"standard","meta":{"_coblocks_attr":"","_coblocks_dimensions":"","_coblocks_responsive_height":"","_coblocks_accordion_ie_support":"","jetpack_post_was_ever_published":false,"_jetpack_newsletter_access":"","_jetpack_dont_email_post_to_subs":false,"_jetpack_newsletter_tier_id":0,"_jetpack_memberships_contains_paywalled_content":false,"_jetpack_memberships_contains_paid_content":false,"footnotes":"","jetpack_publicize_message":"","jetpack_publicize_feature_enabled":true,"jetpack_social_post_already_shared":true,"jetpack_social_options":{"image_generator_settings":{"template":"highway","default_image_id":0,"enabled":false},"version":2}},"categories":[6916,186,44],"tags":[],"class_list":["post-78151","post","type-post","status-publish","format-standard","has-post-thumbnail","hentry","category-ayuntamiento-de-atarfe","category-instituciones","category-noticias-de-hoy"],"jetpack_publicize_connections":[],"jetpack_featured_media_url":"https:\/\/i0.wp.com\/miradordeatarfe.es\/wp-content\/uploads\/2025\/07\/Screenshot-2025-07-11-at-11-42-37-fiestas-sierra-elvira-2025-programa.pdf.png?fit=894%2C875&ssl=1","jetpack_likes_enabled":true,"jetpack_sharing_enabled":true,"_links":{"self":[{"href":"https:\/\/miradordeatarfe.es\/index.php?rest_route=\/wp\/v2\/posts\/78151","targetHints":{"allow":["GET"]}}],"collection":[{"href":"https:\/\/miradordeatarfe.es\/index.php?rest_route=\/wp\/v2\/posts"}],"about":[{"href":"https:\/\/miradordeatarfe.es\/index.php?rest_route=\/wp\/v2\/types\/post"}],"author":[{"embeddable":true,"href":"https:\/\/miradordeatarfe.es\/index.php?rest_route=\/wp\/v2\/users\/1"}],"replies":[{"embeddable":true,"href":"https:\/\/miradordeatarfe.es\/index.php?rest_route=%2Fwp%2Fv2%2Fcomments&post=78151"}],"version-history":[{"count":1,"href":"https:\/\/miradordeatarfe.es\/index.php?rest_route=\/wp\/v2\/posts\/78151\/revisions"}],"predecessor-version":[{"id":78158,"href":"https:\/\/miradordeatarfe.es\/index.php?rest_route=\/wp\/v2\/posts\/78151\/revisions\/78158"}],"wp:featuredmedia":[{"embeddable":true,"href":"https:\/\/miradordeatarfe.es\/index.php?rest_route=\/wp\/v2\/media\/78156"}],"wp:attachment":[{"href":"https:\/\/miradordeatarfe.es\/index.php?rest_route=%2Fwp%2Fv2%2Fmedia&parent=78151"}],"wp:term":[{"taxonomy":"category","embeddable":true,"href":"https:\/\/miradordeatarfe.es\/index.php?rest_route=%2Fwp%2Fv2%2Fcategories&post=78151"},{"taxonomy":"post_tag","embeddable":true,"href":"https:\/\/miradordeatarfe.es\/index.php?rest_route=%2Fwp%2Fv2%2Ftags&post=78151"}],"curies":[{"name":"wp","href":"https:\/\/api.w.org\/{rel}","templated":true}]}}