{"id":78164,"date":"2025-07-12T11:05:00","date_gmt":"2025-07-12T09:05:00","guid":{"rendered":"https:\/\/miradordeatarfe.es\/?p=78164"},"modified":"2025-07-11T13:54:32","modified_gmt":"2025-07-11T11:54:32","slug":"fiestas-de-atarfe-cena-para-nuestros-mayores","status":"publish","type":"post","link":"https:\/\/miradordeatarfe.es\/?p=78164","title":{"rendered":"Fiestas de Atarfe: Cena para nuestros Mayores"},"content":{"rendered":"\n<p><strong>El Ayuntamiento de Atarfe  celebra en estas fiestas la tradicional   cena de nuestros mayores<\/strong>. <strong>Cena y verbena para nuestros\/as mayores con m\u00fasica en directo de La Gran Banda y la Orquesta \u00c9poka.<\/strong><\/p>\n\n\n\n<p>Es importante tener en cuenta que la cena de mayores en estas fiestas puede ser un momento nost\u00e1lgico para los adultos mayores. Puede recordarles a seres queridos que ya no est\u00e1n presentes o a personas que se encuentran lejos. Por tanto, esencial brindarles un espacio acogedor y amoroso, donde se sientan valorados y escuchados. <\/p>\n\n\n\n<p>Los adultos mayores son una parte vital de estas fiestas aunque una mayor\u00eda ya no participen como en su juventud. Su presencia y participaci\u00f3n activa aportan la esencia de la tradici\u00f3n, transmiten valores y brindan un sentido de continuidad emocional.<strong> Adem\u00e1s, en estas fiestas es una oportunidad para honrarlos y mostrarles nuestro amor y aprecio por todo lo que representan<\/strong>. Recordemos que el verdadero esp\u00edritu de las fiestas durante muchos a\u00f1os, radica en el amor y la uni\u00f3n familiar, y los adultos mayores son el coraz\u00f3n de esta celebraci\u00f3n especial.<\/p>\n\n\n\n<p>Recuerda abrir las puertas del ferial a nuestros seres queridos, especialmente a los adultos mayores, es una de las mayores bendiciones que se puede ofrecer.  Celebremos juntos y creemos recuerdos inolvidables en esta m\u00e1gica cena festiva.<\/p>\n\n\n\n<p>&#x1f4c5; Mi\u00e9rcoles, 23 de julio<br \/>&#x1f55a; Hora: 23:00 h<br \/>&#x1f4cd; Caseta Municipal<\/p>\n\n\n\n<p class=\"has-medium-font-size\"><strong>Precio: 10\u20ac<br \/>Inscripciones a partir del viernes 11 de julio en el Centro C\u00edvico.<\/strong><\/p>\n\n\n\n<p> Requisitos para participar:<br \/>1.-  Tener m\u00e1s de 60 a\u00f1os<br \/>2.- Estar empadronado\/a en Atarfe<br \/>Las personas con movilidad reducida o en situaci\u00f3n de dependencia podr\u00e1n asistir con un\/a acompa\u00f1ante, que deber\u00e1 ser indicado en el momento de la inscripci\u00f3n.<\/p>\n\n\n\n<p>El Ayuntamiento de Atarfe ofrece de manera gratuita poder usar el  Trenecito desde las 21:00 h. para facilitar el acceso al Recinto Ferial.<\/p>\n\n\n\n<p>Como expresa el Concejal de Bienestar Social  \u00abnuestros mayores se merecen lo mejor\u2026\u00a1Nos vemos en la verbena m\u00e1s entra\u00f1able del verano!\u00bb<\/p>\n\n\n\n<p><strong>Organizan: Concejal\u00edas de Fiestas y Bienestar Social.<\/strong><\/p>\n","protected":false},"excerpt":{"rendered":"<p>El Ayuntamiento de Atarfe celebra en estas fiestas la tradicional cena de nuestros mayores. Cena&#8230;<\/p>\n","protected":false},"author":1,"featured_media":78165,"comment_status":"closed","ping_status":"closed","sticky":false,"template":"","format":"standard","meta":{"_coblocks_attr":"","_coblocks_dimensions":"","_coblocks_responsive_height":"","_coblocks_accordion_ie_support":"","jetpack_post_was_ever_published":false,"_jetpack_newsletter_access":"","_jetpack_dont_email_post_to_subs":false,"_jetpack_newsletter_tier_id":0,"_jetpack_memberships_contains_paywalled_content":false,"_jetpack_memberships_contains_paid_content":false,"footnotes":"","jetpack_publicize_message":"","jetpack_publicize_feature_enabled":true,"jetpack_social_post_already_shared":true,"jetpack_social_options":{"image_generator_settings":{"template":"highway","default_image_id":0,"enabled":false},"version":2}},"categories":[6916,1161,186,44],"tags":[],"class_list":["post-78164","post","type-post","status-publish","format-standard","has-post-thumbnail","hentry","category-ayuntamiento-de-atarfe","category-ciudadania","category-instituciones","category-noticias-de-hoy"],"jetpack_publicize_connections":[],"jetpack_featured_media_url":"https:\/\/i0.wp.com\/miradordeatarfe.es\/wp-content\/uploads\/2025\/07\/Screenshot-2025-07-11-at-13-53-32-a.png?fit=584%2C555&ssl=1","jetpack_likes_enabled":true,"jetpack_sharing_enabled":true,"_links":{"self":[{"href":"https:\/\/miradordeatarfe.es\/index.php?rest_route=\/wp\/v2\/posts\/78164","targetHints":{"allow":["GET"]}}],"collection":[{"href":"https:\/\/miradordeatarfe.es\/index.php?rest_route=\/wp\/v2\/posts"}],"about":[{"href":"https:\/\/miradordeatarfe.es\/index.php?rest_route=\/wp\/v2\/types\/post"}],"author":[{"embeddable":true,"href":"https:\/\/miradordeatarfe.es\/index.php?rest_route=\/wp\/v2\/users\/1"}],"replies":[{"embeddable":true,"href":"https:\/\/miradordeatarfe.es\/index.php?rest_route=%2Fwp%2Fv2%2Fcomments&post=78164"}],"version-history":[{"count":1,"href":"https:\/\/miradordeatarfe.es\/index.php?rest_route=\/wp\/v2\/posts\/78164\/revisions"}],"predecessor-version":[{"id":78166,"href":"https:\/\/miradordeatarfe.es\/index.php?rest_route=\/wp\/v2\/posts\/78164\/revisions\/78166"}],"wp:featuredmedia":[{"embeddable":true,"href":"https:\/\/miradordeatarfe.es\/index.php?rest_route=\/wp\/v2\/media\/78165"}],"wp:attachment":[{"href":"https:\/\/miradordeatarfe.es\/index.php?rest_route=%2Fwp%2Fv2%2Fmedia&parent=78164"}],"wp:term":[{"taxonomy":"category","embeddable":true,"href":"https:\/\/miradordeatarfe.es\/index.php?rest_route=%2Fwp%2Fv2%2Fcategories&post=78164"},{"taxonomy":"post_tag","embeddable":true,"href":"https:\/\/miradordeatarfe.es\/index.php?rest_route=%2Fwp%2Fv2%2Ftags&post=78164"}],"curies":[{"name":"wp","href":"https:\/\/api.w.org\/{rel}","templated":true}]}}