{"id":78172,"date":"2025-07-14T11:37:00","date_gmt":"2025-07-14T09:37:00","guid":{"rendered":"https:\/\/miradordeatarfe.es\/?p=78172"},"modified":"2025-07-12T12:46:36","modified_gmt":"2025-07-12T10:46:36","slug":"aquella-granada-de-los-setenta-por-remedios-sanchez","status":"publish","type":"post","link":"https:\/\/miradordeatarfe.es\/?p=78172","title":{"rendered":"\u00abAQUELLA GRANADA DE LOS SETENTA\u00bb por Remedios S\u00e1nchez"},"content":{"rendered":"\n<p class=\"has-medium-font-size\"><strong>Yo no lo vi, pero me lo contaron: hubo una vez una Granada literariamente transformadora, art\u00edsticamente iconoclasta, sorprendentemente revolucionaria. <\/strong><\/p>\n\n\n\n<p>La lluvia en aquel tiempo alborotaba las primaveras con su risa de abril, con su entusiasmo por lo que estaba por descubrirse. Porque en aquella ciudad en plena metamorfosis suced\u00edan cosas prodigiosas: exist\u00eda una hermandad de los poetas -radio, noche, nocturno, escribir\u00eda Elena Mart\u00edn Vivaldi una d\u00e9cada despu\u00e9s- y los pintores constru\u00edan un universo de colores desde su heterodoxia, desde su di\u00e1logo perpetuo con la tradici\u00f3n pero fragment\u00e1ndola en mil pedazos, como un espejo que se cae al suelo y cuyas piezas luego se pegan con cuidado para formar un caligrama capaz de impresionar a Apollinaire. <\/p>\n\n\n\n<p>Quiero decir que Granada era distinta, que se hab\u00eda quedado con la bufanda roja de modernidad que le prest\u00f3 Pablo del \u00c1guila antes de marcharse apresuradamente a las estrellas, una vez terminado su poemario inmenso, \u2018Desde estas altas rocas innombrables pudiera verse el mar\u2019.<\/p>\n\n\n\n<p>Las ma\u00f1anas transcurr\u00edan con monoton\u00eda de sue\u00f1o y trabajo, pero al caer la tarde despertaba la ilusi\u00f3n. Era entonces cuando Javier Egea, \u201cserena luz del viento\u201d, tanteaba el camino; el instante preciso en que Mariluz Escribano, entre el verso oculto y la prosa, redactaba un nuevo manifiesto contra el urbanismo desaforado que firmar\u00eda como \u2018Mujeres Universitarias\u2019. En la cafeter\u00eda de la facultad, el maestro Juan Carlos Rodr\u00edguez animaba tertulias althusserianas mientras Dolores Montijano, Espadafor y Pepe Lomas modernizaban el grabado desde el taller de la Fundaci\u00f3n Rodr\u00edguez Acosta. Simult\u00e1neamente, Ladr\u00f3n de Guevara, siempre con los dedos manchados de ceniza, paseaba del brazo de Rafael Guill\u00e9n por la Gran V\u00eda y se cruzaban con Carlos Cano y Sabina que llegaban tarde. Entre tanto, en el \u2018Suizo\u2019, Elena, vestida de nostalgias, conversaba con un fervoroso Emilio de Santiago sobre la \u00faltima carta de Aleixandre. Pero en el n\u00facleo de la audacia mayor estaban Juan de Loxa y Claudio S\u00e1nchez Muros con su creatividad desbordante y una apasionada ambici\u00f3n de ruptura. Tanta que acababan pasando media vida en la Casa de los Tiros, presagiando una sanci\u00f3n por saltarse la censura, a menos que la bonhom\u00eda militante del delegado Antonio Gallego Morell lograra remediarlo. O sea, que Juan y Claudio, torbellino y paciencia, conformaban el equipo perfecto para planear la m\u00edtica \u2018Poes\u00eda 70\u2019, la revista-programa de radio-cosmovisi\u00f3n vital que ejerc\u00eda de enlace con el futuro.<\/p>\n\n\n\n<p> Juan, Juan setenta, era el motor, la letra, la voz radiof\u00f3nica de veintisiete a\u00f1os en la madrugada con los poemas por bandera; y Claudio, sutil iron\u00eda, el trazo delicado que convert\u00eda en arte lo ins\u00f3lito, el mago que supo hacer del dise\u00f1o un espacio sensible e inteligente a la vez. As\u00ed triunf\u00f3 \u2018Poes\u00eda 70\u2019 con tres n\u00fameros: conjugando la innovaci\u00f3n de dos artistas irrepetibles que hicieron de la vanguardia est\u00e9tica una forma de estar en este mundo. Juan continu\u00f3 desde la Casa-museo de Federico en Fuentevaqueros que fund\u00f3 y es su obra magna; y Claudio, de la pintura al grafismo, aplicando un lirismo refinado a lo que rozaba: dibujos, revistas, libros o carteles. \u00a0Por eso, cuando optamos con ilusi\u00f3n a la \u2018Capitalidad Cultural\u2019, conviene no olvidarnos de que\u00a0en los albores de la democracia Granada fue tambi\u00e9n -como siempre- pionera, un territorio de asombro donde la belleza y la rebeld\u00eda abrieron sendas que ahora son un poderoso legado para transitar en el futuro que merecemos.<\/p>\n","protected":false},"excerpt":{"rendered":"<p>Yo no lo vi, pero me lo contaron: hubo una vez una Granada literariamente transformadora,&#8230;<\/p>\n","protected":false},"author":1,"featured_media":78174,"comment_status":"closed","ping_status":"closed","sticky":false,"template":"","format":"standard","meta":{"_coblocks_attr":"","_coblocks_dimensions":"","_coblocks_responsive_height":"","_coblocks_accordion_ie_support":"","jetpack_post_was_ever_published":false,"_jetpack_newsletter_access":"","_jetpack_dont_email_post_to_subs":false,"_jetpack_newsletter_tier_id":0,"_jetpack_memberships_contains_paywalled_content":false,"_jetpack_memberships_contains_paid_content":false,"footnotes":"","jetpack_publicize_message":"","jetpack_publicize_feature_enabled":true,"jetpack_social_post_already_shared":true,"jetpack_social_options":{"image_generator_settings":{"template":"highway","default_image_id":0,"enabled":false},"version":2}},"categories":[1161,10781,44,6914,6937],"tags":[],"class_list":["post-78172","post","type-post","status-publish","format-standard","has-post-thumbnail","hentry","category-ciudadania","category-granada","category-noticias-de-hoy","category-opinion-de-reme-sanchez","category-sociedad"],"jetpack_publicize_connections":[],"jetpack_featured_media_url":"https:\/\/i0.wp.com\/miradordeatarfe.es\/wp-content\/uploads\/2025\/07\/poesia70-1.jpg?fit=230%2C301&ssl=1","jetpack_likes_enabled":true,"jetpack_sharing_enabled":true,"_links":{"self":[{"href":"https:\/\/miradordeatarfe.es\/index.php?rest_route=\/wp\/v2\/posts\/78172","targetHints":{"allow":["GET"]}}],"collection":[{"href":"https:\/\/miradordeatarfe.es\/index.php?rest_route=\/wp\/v2\/posts"}],"about":[{"href":"https:\/\/miradordeatarfe.es\/index.php?rest_route=\/wp\/v2\/types\/post"}],"author":[{"embeddable":true,"href":"https:\/\/miradordeatarfe.es\/index.php?rest_route=\/wp\/v2\/users\/1"}],"replies":[{"embeddable":true,"href":"https:\/\/miradordeatarfe.es\/index.php?rest_route=%2Fwp%2Fv2%2Fcomments&post=78172"}],"version-history":[{"count":1,"href":"https:\/\/miradordeatarfe.es\/index.php?rest_route=\/wp\/v2\/posts\/78172\/revisions"}],"predecessor-version":[{"id":78173,"href":"https:\/\/miradordeatarfe.es\/index.php?rest_route=\/wp\/v2\/posts\/78172\/revisions\/78173"}],"wp:featuredmedia":[{"embeddable":true,"href":"https:\/\/miradordeatarfe.es\/index.php?rest_route=\/wp\/v2\/media\/78174"}],"wp:attachment":[{"href":"https:\/\/miradordeatarfe.es\/index.php?rest_route=%2Fwp%2Fv2%2Fmedia&parent=78172"}],"wp:term":[{"taxonomy":"category","embeddable":true,"href":"https:\/\/miradordeatarfe.es\/index.php?rest_route=%2Fwp%2Fv2%2Fcategories&post=78172"},{"taxonomy":"post_tag","embeddable":true,"href":"https:\/\/miradordeatarfe.es\/index.php?rest_route=%2Fwp%2Fv2%2Ftags&post=78172"}],"curies":[{"name":"wp","href":"https:\/\/api.w.org\/{rel}","templated":true}]}}