{"id":78176,"date":"2025-07-15T10:30:00","date_gmt":"2025-07-15T08:30:00","guid":{"rendered":"https:\/\/miradordeatarfe.es\/?p=78176"},"modified":"2025-07-13T12:42:07","modified_gmt":"2025-07-13T10:42:07","slug":"pinturas-rupestres-en-sierra-elvira-por-jose-enrique-granados","status":"publish","type":"post","link":"https:\/\/miradordeatarfe.es\/?p=78176","title":{"rendered":"\u00abPinturas rupestres en Sierra Elvira\u00bb por Jos\u00e9 Enrique Granados"},"content":{"rendered":"\n<p class=\"has-medium-font-size\"><strong>En el n\u00famero 7 de la revista \u201cCuadernos de Prehistoria\u201d de la Universidad de Granada publicado en 1982, Carrasco y colaboradores describen por primera vez, la existencia en Sierra Elvira, de un nuevo conjunto de pinturas rupestres<\/strong>.<\/p>\n\n\n\n<p>Las nuevas pinturas fueron descubiertas por don Juan P\u00e9rez Villanueva, miembro del grupo de espeleolog\u00eda \u00abIliberis\u00bb de Granada, en una de sus frecuentes prospecciones en busca de vestigios arqueol\u00f3gicos.<\/p>\n\n\n\n<p>Seg\u00fan los autores, el enclave se localiza en el cerro del Piorno. Las pinturas han sido realizadas sobre un pared\u00f3n liso extraplomado, localizado a unos 825 m. sobre el nivel del mar, en un afloramiento calizo cerca de la parte alta de la ladera sureste de Sierra Elvira. Los materiales sobre los que se sit\u00faan pertenecen al L\u00edas Inferior y Medio, conformado b\u00e1sicamente por calizas grises con gran cantidad de n\u00f3dulos de s\u00edlex.<\/p>\n\n\n\n<p>Las pinturas son de color rojo vinoso extendi\u00e9ndose a lo ancho de la parte baja del pared\u00f3n anteriormente descrito. Su estado de conservaci\u00f3n es bastante deficiente, habiendo sido atacados los motivos pict\u00f3ricos no solamente por la acci\u00f3n de los agentes erosivos cl\u00e1sicos, sino por la mano del hombre, ya que sobre ellos han sido pintados grandes letreros con cal y pintura pl\u00e1stica de color blanco. Los motivos representados, esquem\u00e1ticos, son similares a muchos otros localizados en covachas y abrigos a lo largo de las Cadenas Subb\u00e9ticas, estando constituidos por grandes manchas informes y figuraciones antropom\u00f3rficas del tipo denominado \u00abgolondrina\u00bb.<\/p>\n\n\n\n<p>Otro motivo m\u00e1s para conocer, proteger y conservar en Sierra Elvira.<\/p>\n\n\n\n<p>En la fotograf\u00eda, Tajo del Sereno y detalle de una de las pinturas.<\/p>\n\n\n\n<p>Gacetilla y curiosidades elvirenses.<\/p>\n","protected":false},"excerpt":{"rendered":"<p>En el n\u00famero 7 de la revista \u201cCuadernos de Prehistoria\u201d de la Universidad de Granada&#8230;<\/p>\n","protected":false},"author":1,"featured_media":78177,"comment_status":"closed","ping_status":"closed","sticky":false,"template":"","format":"standard","meta":{"_coblocks_attr":"","_coblocks_dimensions":"","_coblocks_responsive_height":"","_coblocks_accordion_ie_support":"","jetpack_post_was_ever_published":false,"_jetpack_newsletter_access":"","_jetpack_dont_email_post_to_subs":false,"_jetpack_newsletter_tier_id":0,"_jetpack_memberships_contains_paywalled_content":false,"_jetpack_memberships_contains_paid_content":false,"footnotes":"","jetpack_publicize_message":"","jetpack_publicize_feature_enabled":true,"jetpack_social_post_already_shared":true,"jetpack_social_options":{"image_generator_settings":{"template":"highway","default_image_id":0,"enabled":false},"version":2}},"categories":[1225,186,38,44],"tags":[],"class_list":["post-78176","post","type-post","status-publish","format-standard","has-post-thumbnail","hentry","category-ha-de-atarfe","category-instituciones","category-opinion-de-jose-enrique-granados","category-noticias-de-hoy"],"jetpack_publicize_connections":[],"jetpack_featured_media_url":"https:\/\/i0.wp.com\/miradordeatarfe.es\/wp-content\/uploads\/2025\/07\/506679541_1261955919271221_7590024734234725912_n.jpg?fit=960%2C540&ssl=1","jetpack_likes_enabled":true,"jetpack_sharing_enabled":true,"_links":{"self":[{"href":"https:\/\/miradordeatarfe.es\/index.php?rest_route=\/wp\/v2\/posts\/78176","targetHints":{"allow":["GET"]}}],"collection":[{"href":"https:\/\/miradordeatarfe.es\/index.php?rest_route=\/wp\/v2\/posts"}],"about":[{"href":"https:\/\/miradordeatarfe.es\/index.php?rest_route=\/wp\/v2\/types\/post"}],"author":[{"embeddable":true,"href":"https:\/\/miradordeatarfe.es\/index.php?rest_route=\/wp\/v2\/users\/1"}],"replies":[{"embeddable":true,"href":"https:\/\/miradordeatarfe.es\/index.php?rest_route=%2Fwp%2Fv2%2Fcomments&post=78176"}],"version-history":[{"count":1,"href":"https:\/\/miradordeatarfe.es\/index.php?rest_route=\/wp\/v2\/posts\/78176\/revisions"}],"predecessor-version":[{"id":78178,"href":"https:\/\/miradordeatarfe.es\/index.php?rest_route=\/wp\/v2\/posts\/78176\/revisions\/78178"}],"wp:featuredmedia":[{"embeddable":true,"href":"https:\/\/miradordeatarfe.es\/index.php?rest_route=\/wp\/v2\/media\/78177"}],"wp:attachment":[{"href":"https:\/\/miradordeatarfe.es\/index.php?rest_route=%2Fwp%2Fv2%2Fmedia&parent=78176"}],"wp:term":[{"taxonomy":"category","embeddable":true,"href":"https:\/\/miradordeatarfe.es\/index.php?rest_route=%2Fwp%2Fv2%2Fcategories&post=78176"},{"taxonomy":"post_tag","embeddable":true,"href":"https:\/\/miradordeatarfe.es\/index.php?rest_route=%2Fwp%2Fv2%2Ftags&post=78176"}],"curies":[{"name":"wp","href":"https:\/\/api.w.org\/{rel}","templated":true}]}}