{"id":78182,"date":"2025-07-15T10:23:00","date_gmt":"2025-07-15T08:23:00","guid":{"rendered":"https:\/\/miradordeatarfe.es\/?p=78182"},"modified":"2025-07-12T21:27:08","modified_gmt":"2025-07-12T19:27:08","slug":"michel-entrenara-al-atarfe-industrial-la-proxima-temporada","status":"publish","type":"post","link":"https:\/\/miradordeatarfe.es\/?p=78182","title":{"rendered":"M\u00edchel entrenar\u00e1 al Atarfe Industrial la pr\u00f3xima temporada"},"content":{"rendered":"\n<h2 class=\"wp-block-heading has-medium-font-size\">El joven t\u00e9cnico llega avalado por una destacada trayectoria en la Primera Andaluza<a href=\"https:\/\/www.granadaenjuego.com\/ficheros\/202506\/imagen61022_0_original.jpg\"><\/a><\/h2>\n\n\n\n<p>El Atarfe Industrial ha anunciado oficialmente la incorporaci\u00f3n de Miguel Fern\u00e1ndez Moreno, conocido como M\u00edchel, como nuevo entrenador de su equipo senior. Con tan solo 39 a\u00f1os, el joven t\u00e9cnico llega avalado por una destacada trayectoria en la Primera Andaluza, donde la pasada temporada dirigi\u00f3 al Base Gabia CF en su lucha por el ascenso.<\/p>\n\n\n\n<p>M\u00edchel es reconocido por su energ\u00eda, pasi\u00f3n y enfoque competitivo, cualidades que le permitieron cohesionar al vestuario del Base Gabia y mantener al equipo en la parte alta de la tabla durante toda la campa\u00f1a. Su capacidad para construir grupo y su car\u00e1cter ganador ser\u00e1n claves para el proyecto del Atarfe Industrial.<\/p>\n\n\n\n<p>El nuevo entrenador tiene un objetivo claro: mantener el impulso ganador, consolidar un bloque s\u00f3lido y devolver la ilusi\u00f3n a la grada con un f\u00fatbol intenso, comprometido y valiente. La directiva y la afici\u00f3n conf\u00edan en que M\u00edchel dejar\u00e1 una huella positiva en el club.<\/p>\n\n\n\n<p><strong>David Contreras<\/strong><\/p>\n\n\n\n<p>FOTO: <em>Michel entrenar\u00e1 al Atarfe Industrial (ATARFE INDUSTRIAL)<\/em><\/p>\n\n\n\n<p><a href=\"https:\/\/www.granadaenjuego.com\/atarfe-industrial-\/michel-entrenara-al-atarfe-industrial-la-proxima-temporada-\">https:\/\/www.granadaenjuego.com\/atarfe-industrial-\/michel-entrenara-al-atarfe-industrial-la-proxima-temporada-<\/a><\/p>\n","protected":false},"excerpt":{"rendered":"<p>El joven t\u00e9cnico llega avalado por una destacada trayectoria en la Primera Andaluza El Atarfe&#8230;<\/p>\n","protected":false},"author":1,"featured_media":78183,"comment_status":"closed","ping_status":"closed","sticky":false,"template":"","format":"standard","meta":{"_coblocks_attr":"","_coblocks_dimensions":"","_coblocks_responsive_height":"","_coblocks_accordion_ie_support":"","jetpack_post_was_ever_published":false,"_jetpack_newsletter_access":"","_jetpack_dont_email_post_to_subs":false,"_jetpack_newsletter_tier_id":0,"_jetpack_memberships_contains_paywalled_content":false,"_jetpack_memberships_contains_paid_content":false,"footnotes":"","jetpack_publicize_message":"","jetpack_publicize_feature_enabled":true,"jetpack_social_post_already_shared":true,"jetpack_social_options":{"image_generator_settings":{"template":"highway","default_image_id":0,"enabled":false},"version":2}},"categories":[182,186,44],"tags":[],"class_list":["post-78182","post","type-post","status-publish","format-standard","has-post-thumbnail","hentry","category-deportes","category-instituciones","category-noticias-de-hoy"],"jetpack_publicize_connections":[],"jetpack_featured_media_url":"https:\/\/i0.wp.com\/miradordeatarfe.es\/wp-content\/uploads\/2025\/07\/imagen61022_0_original.jpg?fit=970%2C970&ssl=1","jetpack_likes_enabled":true,"jetpack_sharing_enabled":true,"_links":{"self":[{"href":"https:\/\/miradordeatarfe.es\/index.php?rest_route=\/wp\/v2\/posts\/78182","targetHints":{"allow":["GET"]}}],"collection":[{"href":"https:\/\/miradordeatarfe.es\/index.php?rest_route=\/wp\/v2\/posts"}],"about":[{"href":"https:\/\/miradordeatarfe.es\/index.php?rest_route=\/wp\/v2\/types\/post"}],"author":[{"embeddable":true,"href":"https:\/\/miradordeatarfe.es\/index.php?rest_route=\/wp\/v2\/users\/1"}],"replies":[{"embeddable":true,"href":"https:\/\/miradordeatarfe.es\/index.php?rest_route=%2Fwp%2Fv2%2Fcomments&post=78182"}],"version-history":[{"count":2,"href":"https:\/\/miradordeatarfe.es\/index.php?rest_route=\/wp\/v2\/posts\/78182\/revisions"}],"predecessor-version":[{"id":78185,"href":"https:\/\/miradordeatarfe.es\/index.php?rest_route=\/wp\/v2\/posts\/78182\/revisions\/78185"}],"wp:featuredmedia":[{"embeddable":true,"href":"https:\/\/miradordeatarfe.es\/index.php?rest_route=\/wp\/v2\/media\/78183"}],"wp:attachment":[{"href":"https:\/\/miradordeatarfe.es\/index.php?rest_route=%2Fwp%2Fv2%2Fmedia&parent=78182"}],"wp:term":[{"taxonomy":"category","embeddable":true,"href":"https:\/\/miradordeatarfe.es\/index.php?rest_route=%2Fwp%2Fv2%2Fcategories&post=78182"},{"taxonomy":"post_tag","embeddable":true,"href":"https:\/\/miradordeatarfe.es\/index.php?rest_route=%2Fwp%2Fv2%2Ftags&post=78182"}],"curies":[{"name":"wp","href":"https:\/\/api.w.org\/{rel}","templated":true}]}}