{"id":78192,"date":"2025-07-13T10:00:00","date_gmt":"2025-07-13T08:00:00","guid":{"rendered":"https:\/\/miradordeatarfe.es\/?p=78192"},"modified":"2025-07-13T13:52:34","modified_gmt":"2025-07-13T11:52:34","slug":"la-realidad-de-la-mortalidad-en-andalucia","status":"publish","type":"post","link":"https:\/\/miradordeatarfe.es\/?p=78192","title":{"rendered":"La realidad de la mortalidad en Andaluc\u00eda"},"content":{"rendered":"\n<p class=\"has-medium-font-size\"><strong>as defunciones superan a los nacimientos por 13.038 personas, lo que confirma una p\u00e9rdida neta de poblaci\u00f3n. Un an\u00e1lisis sint\u00e9tico con los \u00faltimos datos del INE por Joan Carles March.<\/strong><\/p>\n\n\n\n<p>En el a\u00f1o 2024, Andaluc\u00eda registr\u00f3 un total de 73.\u202f485 defunciones, seg\u00fan datos provisionales del Instituto Nacional de Estad\u00edstica (INE) \u2060.Comparado con las 74.696 muertes de 2023, supone una ligera reducci\u00f3n del 1,6\u202f%. Sin embargo, la cifra sigue siendo elevada y marca un nuevo desequilibrio demogr\u00e1fico: las defunciones superan los nacimientos por 13.038 personas, lo que confirma una p\u00e9rdida neta de poblaci\u00f3n.<\/p>\n\n\n\n<h4 class=\"wp-block-heading\"><strong>Andaluc\u00eda en el marco estatal<\/strong><\/h4>\n\n\n\n<ul class=\"wp-block-list\">\n<li>Andaluc\u00eda tuvo el mayor n\u00famero absoluto de fallecimientos en 2024 entre las comunidades espa\u00f1olas, seguida por Catalu\u00f1a (67\u202f001) y Madrid (49\u202f667).<\/li>\n\n\n\n<li>En la evoluci\u00f3n de los \u00faltimos diez a\u00f1os, las muertes diarias en Andaluc\u00eda crecieron un 11,6\u202f% (de 184 a 205 diarias) \u2014ligeramente por encima de la media nacional (11,45\u202f%)\u2060.<\/li>\n\n\n\n<li>En tasa de mortalidad ajustada (muertes por 100.000 habitantes), Andaluc\u00eda registr\u00f3 8,68\u202f\u2030 en 2023, por debajo del 8,96\u202f\u2030 nacional, pero a\u00fan en l\u00ednea con la media espa\u00f1ola.<\/li>\n<\/ul>\n\n\n\n<h4 class=\"wp-block-heading\">\u00bfCu\u00e1les fueron las principales causas de muerte en Andaluc\u00eda?<\/h4>\n\n\n\n<p>Aunque el INE a\u00fan no ofrece datos desagregados de causas para el conjunto de 2024, las tendencias indican una continuidad respecto a 2023:<\/p>\n\n\n\n<p><strong>&nbsp;1.- Tumores<\/strong><\/p>\n\n\n\n<ul class=\"wp-block-list\">\n<li>El crecimiento de fallecimientos por c\u00e1ncer en Andaluc\u00eda fue de \u20133,8\u202f% en 2024, frente a una reducci\u00f3n del 1,1% a nivel nacional.<\/li>\n<\/ul>\n\n\n\n<p><strong>&nbsp;2.- Enfermedades del sistema circulatorio<\/strong><\/p>\n\n\n\n<ul class=\"wp-block-list\">\n<li>\u00a0Las muertes por esta causa en Andaluc\u00eda descendieron un 3,8\u202f%, mientras que a nivel nacional bajaron un 0,1%.<\/li>\n<\/ul>\n\n\n\n<p><strong>3.- Enfermedades respiratorias<\/strong><\/p>\n\n\n\n<ul class=\"wp-block-list\">\n<li>En contraste, en Andaluc\u00eda se produjo un incremento leve (+0,8\u202f%), aunque se moder\u00f3 frente al alza nacional del 13%.<\/li>\n<\/ul>\n\n\n\n<p><strong>Casos concretos durante el a\u00f1o:<\/strong><\/p>\n\n\n\n<ul class=\"wp-block-list\">\n<li>En el tercer trimestre de 2024, ocurrieron 16\u202f674 defunciones (4\u202f% menos que en 2023). De \u00e9stas, el 83,4\u202f% eran mayores de 65 a\u00f1os, siendo las enfermedades circulatorias la principal causa (27% en mayores)\u2060.<\/li>\n\n\n\n<li>En el primer trimestre, se anotaron 20\u202f830 muertes (\u20132,7\u202f%). En mayores de 65 a\u00f1os, el 29\u202f% fue consecuencia de enfermedades circulatorias y el 20,4\u202f% de tumores \u2014ambos en reducci\u00f3n\u2014\u2060.<\/li>\n<\/ul>\n\n\n\n<h4 class=\"wp-block-heading\">Andaluc\u00eda frente a otras CCAA: tasa de muerte estandarizada<\/h4>\n\n\n\n<p>Seg\u00fan datos del Ministerio de Sanidad de 2023 (\u00faltimos disponibles por causa):<\/p>\n\n\n\n<figure class=\"wp-block-table\"><table class=\"has-fixed-layout\"><tbody><tr><td><strong>CAUSA\/SEXO<\/strong><\/td><td><strong>ESPA\u00d1A<\/strong><\/td><td><strong>ANDALUC\u00cdA<\/strong><\/td><\/tr><tr><td><strong>Enfermedad cerebrovascular (mujeres)<\/strong><\/td><td>36,6<\/td><td>47,6<\/td><\/tr><tr><td><strong>Enfermedad isqu\u00e9mica del coraz\u00f3n (hombres)<\/strong><\/td><td>76,7<\/td><td>86,6<\/td><\/tr><tr><td><strong>C\u00e1ncer de pulm\u00f3n (hombres)<\/strong><\/td><td>72,9<\/td><td>75,5<\/td><\/tr><tr><td><strong>C\u00e1ncer de colon (hombres)<\/strong><\/td><td>39,3<\/td><td>45.6<\/td><\/tr><\/tbody><\/table><\/figure>\n\n\n\n<p>Andaluc\u00eda se sit\u00faa por encima de la media nacional en casi todas las causas principales de mortalidad\u2060&nbsp; \ufffc<\/p>\n\n\n\n<h4 class=\"wp-block-heading\">Conclusiones y reflexiones<\/h4>\n\n\n\n<p><strong>1.- <\/strong>Sutil descenso: las defunciones totales bajaron ligeramente, pero siguen en niveles elevados.<\/p>\n\n\n\n<p><strong>2.-<\/strong> Desequilibrio demogr\u00e1fico: m\u00e1s muertes que nacimientos reflejan p\u00e9rdida poblacional y envejecimiento.<\/p>\n\n\n\n<p><strong>3.- <\/strong>Alta carga de mortalidad cardiovascular y c\u00e1ncer: Andaluc\u00eda supera en ambas tasas a la media nacional.<\/p>\n\n\n\n<p>4.- Preocupante aumento en muertes respiratorias \u2014contrasta con la reducci\u00f3n en otros grandes grupos de causa.<\/p>\n\n\n\n<h4 class=\"wp-block-heading\">Evoluci\u00f3n de la mortalidad total<\/h4>\n\n\n\n<p>La tasa bruta de mortalidad en Andaluc\u00eda se ha mantenido en torno a los 8\u20139\u202f\u2030 desde el a\u00f1o 2000, con leves fluctuaciones:<\/p>\n\n\n\n<ul class=\"wp-block-list\">\n<li>En 2000, fue 8,27\u202f\u2030 (60\u202f366 muertes).<\/li>\n\n\n\n<li>Tras un ligero aumento en la d\u00e9cada siguiente, se situ\u00f3 en 9,24\u202f\u2030 en 2022, descendiendo a 8,68\u202f\u2030 en 2023 (74\u202f.696 muertes).<\/li>\n\n\n\n<li>A escala nacional, Espa\u00f1a pas\u00f3 de 8,27\u202f\u2030 en 2000 a 8,96\u202f\u2030 en 2023, situando Andaluc\u00eda por debajo de la media, aunque con diferencias m\u00ednimas.<\/li>\n<\/ul>\n\n\n\n<h4 class=\"wp-block-heading\">Enfermedades circulatorias<\/h4>\n\n\n\n<ul class=\"wp-block-list\">\n<li>A principios de los a\u00f1os 2000, estas enfermedades representaban en Espa\u00f1a un 29\u201330\u202f% de los defunciones en hombres y un 39\u201340\u202f% en mujeres.<\/li>\n\n\n\n<li>En Andaluc\u00eda, este grupo contin\u00faa siendo la primera causa entre los mayores de 65 a\u00f1os, explicando el 29\u202f% de las muertes en 2023.<\/li>\n\n\n\n<li>En 2024, el 28,1\u202f% de las muertes en mayores correspondieron a enfermedades circulatorias en el segundo trimestre.<\/li>\n\n\n\n<li>A escala regional, Andaluc\u00eda presenta tasas estandarizadas m\u00e1s altas que la media nacional junto a Murcia, Canarias y Comunidad Valenciana, especialmente en cardiopat\u00eda isqu\u00e9mica.<\/li>\n<\/ul>\n\n\n\n<h4 class=\"wp-block-heading\">Tumores<\/h4>\n\n\n\n<ul class=\"wp-block-list\">\n<li>Desde 2000, el c\u00e1ncer ha sido la principal causa de muerte en hombres y la segunda en mujeres a nivel nacional (32,5\u202f% y 21,5\u202f% en 2001).<\/li>\n\n\n\n<li>En Andaluc\u00eda, los tumores constituyeron el 23,1\u202f% de las muertes en mayores de 65 a\u00f1os en 2023.<\/li>\n\n\n\n<li>En poblaci\u00f3n de 15 a 64 a\u00f1os, representaron el 41,2\u202f%.<\/li>\n\n\n\n<li>En 2024 continuaron siendo la principal causa en adultos, con cifras de 24,1\u202f% de defunciones en mayores y 40,8\u202f% en la poblaci\u00f3n trabajadora (segundo trimestre).<\/li>\n<\/ul>\n\n\n\n<h4 class=\"wp-block-heading\">Enfermedades respiratorias<\/h4>\n\n\n\n<ul class=\"wp-block-list\">\n<li>En 2000\u20132001, representaban aproximadamente un 11\u201312\u202f% de las muertes.<\/li>\n\n\n\n<li>En Andaluc\u00eda, su peso entre mayores fue del 11,1\u202f% en 2023, aumentando un 13,4\u202f% frente a 2022.<\/li>\n\n\n\n<li>En 2024, se mantuvieron en niveles similares: 11,1\u202f% en mayores durante el segundo trimestre.<\/li>\n<\/ul>\n\n\n\n<h4 class=\"wp-block-heading\">Causas externas (accidentes, suicidios\u2026)<\/h4>\n\n\n\n<ul class=\"wp-block-list\">\n<li>En 2000, estos representaban el 5\u20136\u202f% en hombres y mujeres.<\/li>\n\n\n\n<li>En Andaluc\u00eda en 2023 fueron el 12,7\u202f% de las muertes en poblaci\u00f3n adulta joven (15\u201364).\u00a0<\/li>\n\n\n\n<li>En el segundo trimestre de 2024, crecieron hasta el 13,7\u202f% en este grupo adulto.<\/li>\n\n\n\n<li>A nivel nacional, los suicidios siguen siendo la causa externa m\u00e1s frecuente en hombres, seguido por las ca\u00eddas accidentales.<\/li>\n<\/ul>\n\n\n\n<p> <strong>Joan Carles March <\/strong><\/p>\n\n\n\n<p>FOTO Emucesa Recinto de tanatorios del cementerio de San Jos\u00e9, en Granada.<\/p>\n\n\n\n<p><a href=\"https:\/\/www.elindependientedegranada.es\/economia\/realidad-mortalidad-andalucia\">https:\/\/www.elindependientedegranada.es\/economia\/realidad-mortalidad-andalucia<\/a><\/p>\n","protected":false},"excerpt":{"rendered":"<p>as defunciones superan a los nacimientos por 13.038 personas, lo que confirma una p\u00e9rdida neta&#8230;<\/p>\n","protected":false},"author":1,"featured_media":78193,"comment_status":"closed","ping_status":"closed","sticky":false,"template":"","format":"standard","meta":{"_coblocks_attr":"","_coblocks_dimensions":"","_coblocks_responsive_height":"","_coblocks_accordion_ie_support":"","jetpack_post_was_ever_published":false,"_jetpack_newsletter_access":"","_jetpack_dont_email_post_to_subs":false,"_jetpack_newsletter_tier_id":0,"_jetpack_memberships_contains_paywalled_content":false,"_jetpack_memberships_contains_paid_content":false,"footnotes":"","jetpack_publicize_message":"","jetpack_publicize_feature_enabled":true,"jetpack_social_post_already_shared":true,"jetpack_social_options":{"image_generator_settings":{"template":"highway","default_image_id":0,"enabled":false},"version":2}},"categories":[10791,44,6937],"tags":[],"class_list":["post-78192","post","type-post","status-publish","format-standard","has-post-thumbnail","hentry","category-andalucia","category-noticias-de-hoy","category-sociedad"],"jetpack_publicize_connections":[],"jetpack_featured_media_url":"https:\/\/i0.wp.com\/miradordeatarfe.es\/wp-content\/uploads\/2025\/07\/emucesa-funeraria-tanatorio-cementerio-san-jose-granada-37.jpg?fit=650%2C365&ssl=1","jetpack_likes_enabled":true,"jetpack_sharing_enabled":true,"_links":{"self":[{"href":"https:\/\/miradordeatarfe.es\/index.php?rest_route=\/wp\/v2\/posts\/78192","targetHints":{"allow":["GET"]}}],"collection":[{"href":"https:\/\/miradordeatarfe.es\/index.php?rest_route=\/wp\/v2\/posts"}],"about":[{"href":"https:\/\/miradordeatarfe.es\/index.php?rest_route=\/wp\/v2\/types\/post"}],"author":[{"embeddable":true,"href":"https:\/\/miradordeatarfe.es\/index.php?rest_route=\/wp\/v2\/users\/1"}],"replies":[{"embeddable":true,"href":"https:\/\/miradordeatarfe.es\/index.php?rest_route=%2Fwp%2Fv2%2Fcomments&post=78192"}],"version-history":[{"count":1,"href":"https:\/\/miradordeatarfe.es\/index.php?rest_route=\/wp\/v2\/posts\/78192\/revisions"}],"predecessor-version":[{"id":78194,"href":"https:\/\/miradordeatarfe.es\/index.php?rest_route=\/wp\/v2\/posts\/78192\/revisions\/78194"}],"wp:featuredmedia":[{"embeddable":true,"href":"https:\/\/miradordeatarfe.es\/index.php?rest_route=\/wp\/v2\/media\/78193"}],"wp:attachment":[{"href":"https:\/\/miradordeatarfe.es\/index.php?rest_route=%2Fwp%2Fv2%2Fmedia&parent=78192"}],"wp:term":[{"taxonomy":"category","embeddable":true,"href":"https:\/\/miradordeatarfe.es\/index.php?rest_route=%2Fwp%2Fv2%2Fcategories&post=78192"},{"taxonomy":"post_tag","embeddable":true,"href":"https:\/\/miradordeatarfe.es\/index.php?rest_route=%2Fwp%2Fv2%2Ftags&post=78192"}],"curies":[{"name":"wp","href":"https:\/\/api.w.org\/{rel}","templated":true}]}}