{"id":78202,"date":"2025-07-15T09:30:00","date_gmt":"2025-07-15T07:30:00","guid":{"rendered":"https:\/\/miradordeatarfe.es\/?p=78202"},"modified":"2025-07-14T07:55:49","modified_gmt":"2025-07-14T05:55:49","slug":"la-epidemia-silenciosa-de-los-bulos-otra-amenaza-para-la-salud","status":"publish","type":"post","link":"https:\/\/miradordeatarfe.es\/?p=78202","title":{"rendered":"La epidemia silenciosa de los bulos, otra amenaza para la salud"},"content":{"rendered":"\n<p class=\"has-medium-font-size\"><strong>El espacio p\u00fablico se llena de mensajes que erosionan la confianza en la verdad cient\u00edfica y afectan a \u00e1mbitos clave de la prevenci\u00f3n<\/strong><\/p>\n\n\n\n<p>La <strong>informaci\u00f3n es poder<\/strong>, pero tambi\u00e9n puede ser <strong>salud<\/strong>. Tener una <strong>mejor informaci\u00f3n<\/strong> permite tomar <strong>decisiones m\u00e1s adecuadas<\/strong> en torno al <strong>autocuidado<\/strong>, la <strong>prevenci\u00f3n<\/strong> y c\u00f3mo <strong>gestionar la llegada de una nueva patolog\u00eda<\/strong> a nuestras vidas. Pero igual que el ritmo de vida nos pone dif\u00edcil dejar la <strong>vida sedentaria<\/strong> y los <strong>ultraprocesados<\/strong>, la <strong>desinformaci\u00f3n<\/strong> que colapsa las <strong>redes sociales<\/strong> nos pone dif\u00edcil nutrirnos de la <strong>informaci\u00f3n clave para nuestro bienestar<\/strong>.<\/p>\n\n\n\n<p>Las horas que pasamos haciendo <strong>scroll<\/strong> nos llenan de mensajes de <strong>repollos contra el c\u00e1ncer de mama<\/strong>, <strong>lavados de orina infantil para prevenir el Covid<\/strong> o mensajes de <strong>antivacunas<\/strong> sin ning\u00fan tipo de <strong>aval ni evidencia cient\u00edfica<\/strong>. Nada nuevo en el horizonte. Las <strong>teor\u00edas antivacunas<\/strong> existen desde que se crearon las propias <strong>vacunas<\/strong>, cuando ya se hac\u00edan caricaturas ridiculizando a <strong>Jenner<\/strong> o <strong>Pasteur<\/strong>. Incluso la conocida imagen de <strong>\u2018An\u00eds del mono\u2019<\/strong> es una caricatura que intentaba ridiculizar al mism\u00edsimo <strong>Darwin<\/strong> por su <strong>teor\u00eda de la evoluci\u00f3n<\/strong>. <strong>Desacreditar a los cient\u00edficos<\/strong> no es un invento de este siglo, aunque lo que ha cambiado es que gracias a las <strong>redes sociales<\/strong> los mensajes llegan m\u00e1s r\u00e1pido, gracias al <strong>big data<\/strong> y al <strong>marketing digital<\/strong> los mensajes llegan de forma m\u00e1s <strong>personalizada<\/strong> y m\u00e1s <strong>atractiva<\/strong>, y gracias a la <strong>inteligencia artificial (IA)<\/strong> resulta f\u00e1cil <strong>enga\u00f1ar al ojo humano<\/strong>.<\/p>\n\n\n\n<p>Sobre todo ello se ha debatido en la <strong>III Edici\u00f3n del programa \u2018Esto es Ciencia, no Ficci\u00f3n\u2019<\/strong> realizado por <strong>Pfizer<\/strong>. Durante el mismo, <strong>Marc Amor\u00f3s<\/strong>, periodista experto en <strong>desinformaci\u00f3n<\/strong>, ofrec\u00eda datos como que este <strong>2025<\/strong> ya el <strong>76% de los j\u00f3venes europeos<\/strong> lee <strong>noticias falsas<\/strong> una vez por semana o que el <strong>30% de las personas que decide no vacunarse<\/strong> lo hace debido a las <strong>fake news<\/strong>. No obstante, el <strong>62% de las noticias<\/strong> que circulan por <strong>internet<\/strong> ya son <strong>falsas<\/strong>, y aunque <strong>6 de cada 10<\/strong> dice poder distinguirlas, la realidad es que solo logra hacerlo <strong>3 de cada 20<\/strong>.<\/p>\n\n\n\n<h3 class=\"wp-block-heading\"><strong>La industria de la desinformaci\u00f3n<\/strong><\/h3>\n\n\n\n<p>Ante este panorama, si en <strong>2017<\/strong> el <strong>51% de la poblaci\u00f3n confiaba en las noticias<\/strong>, a d\u00eda de hoy en <strong>Espa\u00f1a<\/strong> solo deposita esta confianza el <strong>31%<\/strong>. \u201cLa <strong>industria de la desinformaci\u00f3n<\/strong> se <strong>automatiza<\/strong>, trata de <strong>saturarnos<\/strong> no para que creamos en sus mensajes, sino para que dejemos de <strong>creer en la verdad<\/strong> y estemos abiertos a cualquier tipo de <strong>relato<\/strong>\u201d. Y ese es en gran parte el problema, que al final la gente <strong>huye de las noticias contrastadas<\/strong>, las que de verdad est\u00e1n verificadas por <strong>profesionales<\/strong>, pero no deja de consumir <strong>informaci\u00f3n discutible<\/strong> en <strong>redes sociales<\/strong>, donde vive en una <strong>burbuja informativa<\/strong> que reafirma sus <strong>emociones<\/strong>, <strong>ideolog\u00edas<\/strong> o <strong>creencias<\/strong>, aunque muchas de ellas sean <strong>falsas<\/strong>.<\/p>\n\n\n\n<p>En este bucle perverso, <strong>Laura Chaparro<\/strong>, responsable de redacci\u00f3n del <strong>Science Media Center Espa\u00f1a<\/strong> de <strong>FECYT<\/strong>, apuntaba que otro de los problemas es que se acabe <strong>silenciando a la ciencia<\/strong>. Y es que, seg\u00fan una de sus encuestas, la <strong>mitad de los cient\u00edficos<\/strong> que han colaborado en medios han recibido <strong>ataques en redes<\/strong>, motivo por el que cada vez optan menos por <strong>prestar su voz de expertos<\/strong>, fundamental para <strong>combatir los bulos<\/strong>.<\/p>\n\n\n\n<h3 class=\"wp-block-heading\">Alfabetizaci\u00f3n medi\u00e1tica y otros desaf\u00edos<\/h3>\n\n\n\n<p>Por ello, seg\u00fan la experta, \u201cla <strong>alfabetizaci\u00f3n medi\u00e1tica es clave<\/strong>, es necesario saber c\u00f3mo funcionan los <strong>medios de comunicaci\u00f3n<\/strong> y c\u00f3mo funciona la <strong>ciencia<\/strong>, para <strong>prevenir esta desinformaci\u00f3n<\/strong>\u201d. Finalmente queda por reflexionar que, en tiempos de <strong>desaf\u00edos globales<\/strong> como <strong>problemas de salud relacionados con la contaminaci\u00f3n<\/strong>, con los <strong>cambios de alimentaci\u00f3n<\/strong>, con <strong>virus que viajan miles de kil\u00f3metros<\/strong> y <strong>epidemias que acaban siendo pandemias<\/strong>, es urgente que la poblaci\u00f3n, circule la <strong>desinformaci\u00f3n<\/strong> que circule, sepa que siempre habr\u00e1 <strong>fuentes fiables<\/strong>, como los <strong>medios tradicionales<\/strong> y los <strong>cient\u00edficos reales<\/strong>, en los que poder confiar para <strong>informarse con rigor<\/strong>.<\/p>\n\n\n\n<p><strong>Silvia C. Carpallo<\/strong><\/p>\n\n\n\n<p>FOTO: Los ponentes de tercera edici\u00f3n del programa \u2018Esto es Ciencia, no Ficci\u00f3n\u2019: David Botello, Marc Amor\u00f3s, Maite Hern\u00e1ndez y Laura Chaparro. \/ M.G.<\/p>\n\n\n\n<p><a href=\"https:\/\/www.granadahoy.com\/salud\/actualidad\/epidemia-silenciosa-bulos-amenaza-salud_0_2004299172.html\">https:\/\/www.granadahoy.com\/salud\/actualidad\/epidemia-silenciosa-bulos-amenaza-salud_0_2004299172.html<\/a><\/p>\n","protected":false},"excerpt":{"rendered":"<p>El espacio p\u00fablico se llena de mensajes que erosionan la confianza en la verdad cient\u00edfica&#8230;<\/p>\n","protected":false},"author":1,"featured_media":78203,"comment_status":"closed","ping_status":"closed","sticky":false,"template":"","format":"standard","meta":{"_coblocks_attr":"","_coblocks_dimensions":"","_coblocks_responsive_height":"","_coblocks_accordion_ie_support":"","jetpack_post_was_ever_published":false,"_jetpack_newsletter_access":"","_jetpack_dont_email_post_to_subs":false,"_jetpack_newsletter_tier_id":0,"_jetpack_memberships_contains_paywalled_content":false,"_jetpack_memberships_contains_paid_content":false,"footnotes":"","jetpack_publicize_message":"","jetpack_publicize_feature_enabled":true,"jetpack_social_post_already_shared":true,"jetpack_social_options":{"image_generator_settings":{"template":"highway","default_image_id":0,"enabled":false},"version":2}},"categories":[10797,1161,44,10],"tags":[],"class_list":["post-78202","post","type-post","status-publish","format-standard","has-post-thumbnail","hentry","category-ciencia","category-ciudadania","category-noticias-de-hoy","category-salud"],"jetpack_publicize_connections":[],"jetpack_featured_media_url":"https:\/\/i0.wp.com\/miradordeatarfe.es\/wp-content\/uploads\/2025\/07\/ae770b82-f6b7-41cc-90d8-efc483ac153d_16-9-aspect-ratio_1600w_0.webp?fit=1600%2C900&ssl=1","jetpack_likes_enabled":true,"jetpack_sharing_enabled":true,"_links":{"self":[{"href":"https:\/\/miradordeatarfe.es\/index.php?rest_route=\/wp\/v2\/posts\/78202","targetHints":{"allow":["GET"]}}],"collection":[{"href":"https:\/\/miradordeatarfe.es\/index.php?rest_route=\/wp\/v2\/posts"}],"about":[{"href":"https:\/\/miradordeatarfe.es\/index.php?rest_route=\/wp\/v2\/types\/post"}],"author":[{"embeddable":true,"href":"https:\/\/miradordeatarfe.es\/index.php?rest_route=\/wp\/v2\/users\/1"}],"replies":[{"embeddable":true,"href":"https:\/\/miradordeatarfe.es\/index.php?rest_route=%2Fwp%2Fv2%2Fcomments&post=78202"}],"version-history":[{"count":2,"href":"https:\/\/miradordeatarfe.es\/index.php?rest_route=\/wp\/v2\/posts\/78202\/revisions"}],"predecessor-version":[{"id":78206,"href":"https:\/\/miradordeatarfe.es\/index.php?rest_route=\/wp\/v2\/posts\/78202\/revisions\/78206"}],"wp:featuredmedia":[{"embeddable":true,"href":"https:\/\/miradordeatarfe.es\/index.php?rest_route=\/wp\/v2\/media\/78203"}],"wp:attachment":[{"href":"https:\/\/miradordeatarfe.es\/index.php?rest_route=%2Fwp%2Fv2%2Fmedia&parent=78202"}],"wp:term":[{"taxonomy":"category","embeddable":true,"href":"https:\/\/miradordeatarfe.es\/index.php?rest_route=%2Fwp%2Fv2%2Fcategories&post=78202"},{"taxonomy":"post_tag","embeddable":true,"href":"https:\/\/miradordeatarfe.es\/index.php?rest_route=%2Fwp%2Fv2%2Ftags&post=78202"}],"curies":[{"name":"wp","href":"https:\/\/api.w.org\/{rel}","templated":true}]}}