{"id":78209,"date":"2025-07-15T10:00:00","date_gmt":"2025-07-15T08:00:00","guid":{"rendered":"https:\/\/miradordeatarfe.es\/?p=78209"},"modified":"2025-07-15T10:28:33","modified_gmt":"2025-07-15T08:28:33","slug":"los-datos-y-no-los-cuentos-de-la-inmigracion-las-pensiones-proceden-en-buena-parte-de-las-aportaciones-de-los-extranjeros","status":"publish","type":"post","link":"https:\/\/miradordeatarfe.es\/?p=78209","title":{"rendered":"Los datos (y no los cuentos) de la inmigraci\u00f3n: \u00abLas pensiones proceden, en buena parte, de las aportaciones de los extranjeros\u00bb"},"content":{"rendered":"\n<h2 class=\"wp-block-heading has-medium-font-size\">l director de coyuntura y an\u00e1lisis internacional de Funcas, Raymond Torres, analiza la cat\u00e1strofe que supondr\u00eda la deportaci\u00f3n masiva propuesta por Vox<\/h2>\n\n\n\n<p>La propuesta de <a href=\"https:\/\/cadenaser.com\/nacional\/2025\/07\/07\/vox-asegura-abiertamente-que-quiere-deportar-a-millones-de-migrantes-para-que-espana-no-llegue-a-su-fin-cadena-ser\/\" target=\"_blank\" rel=\"noreferrer noopener\">Vox de deportar hasta ocho millones de presuntos inmigrantes<\/a>, entre los que la formaci\u00f3n incluye a espa\u00f1oles de primera generaci\u00f3n, carece de base econ\u00f3mica. El aumento de la <a href=\"https:\/\/cadenaser.com\/nacional\/2025\/07\/07\/cruzada-contra-la-inmigracion-cadena-ser\/\" target=\"_blank\" rel=\"noreferrer noopener\">inmigraci\u00f3n<\/a> se explica por una mayor actividad econ\u00f3mica. Ocurri\u00f3 durante el <em>boom<\/em> inmobiliario y est\u00e1 ocurriendo ahora, lo que refleja la necesidad de mano de obra barata, adem\u00e1s de chocar con la teor\u00eda de una gran invasi\u00f3n de la formaci\u00f3n de Abascal.<\/p>\n\n\n\n<p>M\u00e1s informaci\u00f3n<\/p>\n\n\n\n<ul class=\"wp-block-list\">\n<li><a href=\"https:\/\/cadenaser.com\/nacional\/2025\/07\/08\/desmontando-los-bulos-de-vox-sobre-su-plan-de-expulsar-a-ocho-millones-de-migrantes-cadena-ser\/\">Desmontamos los bulos de Vox sobre su plan de expulsar a ocho millones de migrantes en Espa\u00f1a<\/a><\/li>\n\n\n\n<li><a href=\"https:\/\/cadenaser.com\/nacional\/2025\/07\/07\/manuel-jabois-sobre-vox-la-leccion-mas-vieja-del-fascismo-la-culpa-de-los-delitos-es-del-origen-no-de-los-delincuentes-cadena-ser\/\">Manuel Jabois, sobre Vox: \u00abLa lecci\u00f3n m\u00e1s vieja del fascismo: la culpa de los delitos es del origen, no de los delincuentes\u00bb<\/a><\/li>\n<\/ul>\n\n\n\n<p>Desde el a\u00f1o 2022 y el <em>boom<\/em> tur\u00edstico, se est\u00e1 registrando una media de 650.000 inmigrantes nuevos en el pa\u00eds cada a\u00f1o. La actividad econ\u00f3mica est\u00e1 dando alas a la <a href=\"https:\/\/cadenaser.com\/cmadrid\/2025\/07\/08\/ayuso-acusa-al-gobierno-de-provocar-la-inmigracion-ilegal-para-crear-problemas-de-convivencia-y-saturar-los-servicios-publicos-radio-madrid\/\" target=\"_blank\" rel=\"noreferrer noopener\">inmigraci\u00f3n<\/a>, tal y como ha descrito el Banco de Espa\u00f1a en numerosos informes. No obstante, respecto a la inseguridad que, seg\u00fan la formaci\u00f3n de Abascal, acarrea la inmigraci\u00f3n, los datos del Ministerio del Interior dicen justo lo contrario.<\/p>\n\n\n\n<p>La criminalidad en Espa\u00f1a ha ca\u00eddo un 2,8% en el \u00faltimo a\u00f1o. Est\u00e1 en m\u00ednimos hist\u00f3ricos con 40,6 delitos por cada mil habitantes, una de las cifras m\u00e1s bajas del planeta. Los homicidios tambi\u00e9n han descendido en Espa\u00f1a un 11% en el \u00faltimo a\u00f1o y los robos un 14%. Sin embargo, los delitos sexuales, que aumentan un 3,8%, lo hacen por una mayor conciencia para la denuncia, como indican los datos de Interior. Adem\u00e1s, la mayor\u00eda de esas violaciones se producen en c\u00edrculos cercanos.<\/p>\n\n\n\n<p>Seg\u00fan calcula el Banco de Espa\u00f1a, el 25% del crecimiento del PIB per c\u00e1pita desde el a\u00f1o 2022 es gracias a la contribuci\u00f3n de los trabajadores nacidos fuera de Espa\u00f1a. Estos trabajadores han aportado 0,7 puntos del crecimiento del PIB per c\u00e1pita, y el PIB ha crecido un 2,9 en este per\u00edodo.<\/p>\n\n\n\n<p>El grueso de ese avance se logra gracias a que se ha incorporado m\u00e1s mano de obra. Esto es algo habitual en la econom\u00eda espa\u00f1ola, que tradicionalmente basa su crecimiento en un incremento del empleo, no tanto de la productividad, aunque tambi\u00e9n dice el supervisor que, en esta ocasi\u00f3n, la contribuci\u00f3n de la productividad de los trabajadores nacidos en el extranjero ha sido superior.<\/p>\n\n\n\n<h3 class=\"wp-block-heading\">\u00abEsta deportaci\u00f3n ser\u00eda una cat\u00e1strofe para la econom\u00eda espa\u00f1ola\u00bb<\/h3>\n\n\n\n<p>Para Raymond Torres, director de coyuntura y an\u00e1lisis internacional de Funcas, esta gran deportaci\u00f3n supondr\u00eda una cat\u00e1strofe para la econom\u00eda espa\u00f1ola. Torres apunta a que, en determinados sectores, \u00abla actividad solamente se sostiene por los trabajadores extranjeros\u00bb y su expulsi\u00f3n ser\u00eda letal para \u00abla construcci\u00f3n, la agricultura (con cerca de la mitad del trabajo desempe\u00f1ado por extranjeros), los cuidados de la persona etc.\u00bb.<\/p>\n\n\n\n<p>Para el director, una econom\u00eda como la espa\u00f1ola, basada en un fuerte componente exportador, necesita mano de obra extranjera para poder operar. Adem\u00e1s, alerta de que su desaparici\u00f3n tendr\u00eda un impacto en la viabilidad de las pensiones porque \u00abel 84% de la poblaci\u00f3n nacional extranjera se encuentra en edad de trabajar, frente al 62% de los espa\u00f1oles\u00bb.<\/p>\n\n\n\n<p>En consecuencia, \u00abmatem\u00e1ticamente van a aportar mucho m\u00e1s a las pensiones de lo que cobran, puesto que son m\u00e1s j\u00f3venes\u00bb y asegura que \u00ablas pensiones de los jubilados, en este momento, proceden en buena parte tambi\u00e9n de las contribuciones de los extranjeros a la Seguridad Social\u00bb.<\/p>\n\n\n\n<p><a href=\"https:\/\/cadenaser.com\/autor\/cadena_ser\/a\/\">Redacci\u00f3n<\/a>  <a href=\"https:\/\/cadenaser.com\/cadena-ser\/\">Cadena SER<\/a><\/p>\n\n\n\n<p><a href=\"https:\/\/cadenaser.com\/nacional\/2025\/07\/08\/los-datos-y-no-los-cuentos-de-la-inmigracion-cadena-ser\">https:\/\/cadenaser.com\/nacional\/2025\/07\/08\/los-datos-y-no-los-cuentos-de-la-inmigracion-cadena-ser<\/a><\/p>\n","protected":false},"excerpt":{"rendered":"<p>l director de coyuntura y an\u00e1lisis internacional de Funcas, Raymond Torres, analiza la cat\u00e1strofe que&#8230;<\/p>\n","protected":false},"author":1,"featured_media":78210,"comment_status":"closed","ping_status":"closed","sticky":false,"template":"","format":"standard","meta":{"_coblocks_attr":"","_coblocks_dimensions":"","_coblocks_responsive_height":"","_coblocks_accordion_ie_support":"","jetpack_post_was_ever_published":false,"_jetpack_newsletter_access":"","_jetpack_dont_email_post_to_subs":false,"_jetpack_newsletter_tier_id":0,"_jetpack_memberships_contains_paywalled_content":false,"_jetpack_memberships_contains_paid_content":false,"footnotes":"","jetpack_publicize_message":"","jetpack_publicize_feature_enabled":true,"jetpack_social_post_already_shared":true,"jetpack_social_options":{"image_generator_settings":{"template":"highway","default_image_id":0,"enabled":false},"version":2}},"categories":[1161,186,44],"tags":[],"class_list":["post-78209","post","type-post","status-publish","format-standard","has-post-thumbnail","hentry","category-ciudadania","category-instituciones","category-noticias-de-hoy"],"jetpack_publicize_connections":[],"jetpack_featured_media_url":"https:\/\/i0.wp.com\/miradordeatarfe.es\/wp-content\/uploads\/2025\/07\/Screenshot-2025-07-15-at-10-26-48-Los-datos-y-no-los-cuentos-de-la-inmigracion-Las-pensiones-proceden-en-buena-parte-de-las-aportaciones-de-los-extranjeros-Hora-25-de-los-Negocios-Cadena-SER.png?fit=524%2C357&ssl=1","jetpack_likes_enabled":true,"jetpack_sharing_enabled":true,"_links":{"self":[{"href":"https:\/\/miradordeatarfe.es\/index.php?rest_route=\/wp\/v2\/posts\/78209","targetHints":{"allow":["GET"]}}],"collection":[{"href":"https:\/\/miradordeatarfe.es\/index.php?rest_route=\/wp\/v2\/posts"}],"about":[{"href":"https:\/\/miradordeatarfe.es\/index.php?rest_route=\/wp\/v2\/types\/post"}],"author":[{"embeddable":true,"href":"https:\/\/miradordeatarfe.es\/index.php?rest_route=\/wp\/v2\/users\/1"}],"replies":[{"embeddable":true,"href":"https:\/\/miradordeatarfe.es\/index.php?rest_route=%2Fwp%2Fv2%2Fcomments&post=78209"}],"version-history":[{"count":1,"href":"https:\/\/miradordeatarfe.es\/index.php?rest_route=\/wp\/v2\/posts\/78209\/revisions"}],"predecessor-version":[{"id":78211,"href":"https:\/\/miradordeatarfe.es\/index.php?rest_route=\/wp\/v2\/posts\/78209\/revisions\/78211"}],"wp:featuredmedia":[{"embeddable":true,"href":"https:\/\/miradordeatarfe.es\/index.php?rest_route=\/wp\/v2\/media\/78210"}],"wp:attachment":[{"href":"https:\/\/miradordeatarfe.es\/index.php?rest_route=%2Fwp%2Fv2%2Fmedia&parent=78209"}],"wp:term":[{"taxonomy":"category","embeddable":true,"href":"https:\/\/miradordeatarfe.es\/index.php?rest_route=%2Fwp%2Fv2%2Fcategories&post=78209"},{"taxonomy":"post_tag","embeddable":true,"href":"https:\/\/miradordeatarfe.es\/index.php?rest_route=%2Fwp%2Fv2%2Ftags&post=78209"}],"curies":[{"name":"wp","href":"https:\/\/api.w.org\/{rel}","templated":true}]}}