{"id":78215,"date":"2025-07-17T11:01:31","date_gmt":"2025-07-17T09:01:31","guid":{"rendered":"https:\/\/miradordeatarfe.es\/?p=78215"},"modified":"2025-08-27T12:58:22","modified_gmt":"2025-08-27T10:58:22","slug":"alberto-y-su-piano-por-juan-de-dios-villanueva-roa","status":"publish","type":"post","link":"https:\/\/miradordeatarfe.es\/?p=78215","title":{"rendered":"\u00abAlberto y su piano\u00bb por Juan de Dios Villanueva Roa"},"content":{"rendered":"\n<p><strong>Uno de los principales aciertos del 74 Festival Internacional de M\u00fasica y Danza de este, como de cada a\u00f1o, es dar participaci\u00f3n a los j\u00f3venes valores de estas artes y hacerlo en espacios (FEX) a los que el p\u00fablico puede acceder de manera gratuita. <\/strong><\/p>\n\n\n\n<p>Y as\u00ed, las notas y la danza se expanden desde las instalaciones del Merca 80, la plaza de Bib Rambla, Pasiegas, el Cementerio de San Jos\u00e9, Las Gabias, Montefr\u00edo, Alfacar, V\u00e9lez, Aldeire\u2026 Alberto V\u00edlchez es uno de estos j\u00f3venes valores que pasean su don por Granada. Su maestr\u00eda ante las teclas del piano, conquistada a lo largo de quince a\u00f1os de aprendizaje en el conservatorio, en escuelas de m\u00fasica, en horas atendiendo a sus maestros; horas de espera de sus padres cuando lo acompa\u00f1aban de ni\u00f1o a que aprendiera a tocar este instrumento. <\/p>\n\n\n\n<p>Ahora Alberto interpreta, hace volar por los aires las fusas y semifusas, las negras y las blancas venerando los acordes y los silencios que los conforman, creando arte, creando m\u00fasica, porque la m\u00fasica se crea en el instante mismo de generarla. Y haciendo a los espectadores subir y bajar en estados an\u00edmicos, haciendo que las melod\u00edas nacidas inicialmente en las mentes de Falla, Beethoven o cualquier otro genio a lo largo de los siglos, hace centenares de a\u00f1os, se materialicen en los aires actuales como si estuviesen reci\u00e9n escritas para nosotros en este mismo instante.<\/p>\n\n\n\n<p> Y todo renacido de manera magistral de los dedos de Alberto o de Lidia, o de Pablo o de Alicia, int\u00e9rpretes o creadores, j\u00f3venes que nos hacen mantener la fe, la ilusi\u00f3n, la esperanza en estos trabajadores de la m\u00fasica, en estos creadores del arte, en estas personas que nos garantizan un futuro al menos lleno de maravillosas melod\u00edas.<\/p>\n\n\n\n<p>\u00ab<\/p>\n","protected":false},"excerpt":{"rendered":"<p>Uno de los principales aciertos del 74 Festival Internacional de M\u00fasica y Danza de este,&#8230;<\/p>\n","protected":false},"author":1,"featured_media":78216,"comment_status":"closed","ping_status":"closed","sticky":false,"template":"","format":"standard","meta":{"_coblocks_attr":"","_coblocks_dimensions":"","_coblocks_responsive_height":"","_coblocks_accordion_ie_support":"","jetpack_post_was_ever_published":false,"_jetpack_newsletter_access":"","_jetpack_dont_email_post_to_subs":false,"_jetpack_newsletter_tier_id":0,"_jetpack_memberships_contains_paywalled_content":false,"_jetpack_memberships_contains_paid_content":false,"footnotes":"","jetpack_publicize_message":"","jetpack_publicize_feature_enabled":true,"jetpack_social_post_already_shared":true,"jetpack_social_options":{"image_generator_settings":{"template":"highway","default_image_id":0,"enabled":false},"version":2}},"categories":[1161,10781,9772,44,6937],"tags":[],"class_list":["post-78215","post","type-post","status-publish","format-standard","has-post-thumbnail","hentry","category-ciudadania","category-granada","category-opinion-de-juan-de-dios-villanueva","category-noticias-de-hoy","category-sociedad"],"jetpack_publicize_connections":[],"jetpack_featured_media_url":"https:\/\/i0.wp.com\/miradordeatarfe.es\/wp-content\/uploads\/2025\/07\/Alberto-68374d028f348.jpg?fit=1200%2C600&ssl=1","jetpack_likes_enabled":true,"jetpack_sharing_enabled":true,"_links":{"self":[{"href":"https:\/\/miradordeatarfe.es\/index.php?rest_route=\/wp\/v2\/posts\/78215","targetHints":{"allow":["GET"]}}],"collection":[{"href":"https:\/\/miradordeatarfe.es\/index.php?rest_route=\/wp\/v2\/posts"}],"about":[{"href":"https:\/\/miradordeatarfe.es\/index.php?rest_route=\/wp\/v2\/types\/post"}],"author":[{"embeddable":true,"href":"https:\/\/miradordeatarfe.es\/index.php?rest_route=\/wp\/v2\/users\/1"}],"replies":[{"embeddable":true,"href":"https:\/\/miradordeatarfe.es\/index.php?rest_route=%2Fwp%2Fv2%2Fcomments&post=78215"}],"version-history":[{"count":1,"href":"https:\/\/miradordeatarfe.es\/index.php?rest_route=\/wp\/v2\/posts\/78215\/revisions"}],"predecessor-version":[{"id":78217,"href":"https:\/\/miradordeatarfe.es\/index.php?rest_route=\/wp\/v2\/posts\/78215\/revisions\/78217"}],"wp:featuredmedia":[{"embeddable":true,"href":"https:\/\/miradordeatarfe.es\/index.php?rest_route=\/wp\/v2\/media\/78216"}],"wp:attachment":[{"href":"https:\/\/miradordeatarfe.es\/index.php?rest_route=%2Fwp%2Fv2%2Fmedia&parent=78215"}],"wp:term":[{"taxonomy":"category","embeddable":true,"href":"https:\/\/miradordeatarfe.es\/index.php?rest_route=%2Fwp%2Fv2%2Fcategories&post=78215"},{"taxonomy":"post_tag","embeddable":true,"href":"https:\/\/miradordeatarfe.es\/index.php?rest_route=%2Fwp%2Fv2%2Ftags&post=78215"}],"curies":[{"name":"wp","href":"https:\/\/api.w.org\/{rel}","templated":true}]}}