{"id":78219,"date":"2025-07-17T10:17:00","date_gmt":"2025-07-17T08:17:00","guid":{"rendered":"https:\/\/miradordeatarfe.es\/?p=78219"},"modified":"2025-07-17T13:45:18","modified_gmt":"2025-07-17T11:45:18","slug":"el-mirador-de-atarfe-es-visitado-anualmente-por-471535-personas-de-distintos-paises","status":"publish","type":"post","link":"https:\/\/miradordeatarfe.es\/?p=78219","title":{"rendered":"EL MIRADOR DE ATARFE  es visitado anualmente  por  471,535 personas"},"content":{"rendered":"\n<p class=\"has-medium-font-size\"><strong>El Mapa de los cibermedios de Espa\u00f1a en 2018 saca a la luz que tres cuartas partes de los medios digitales identificados ten\u00edan alcance local o hiperlocal<\/strong><\/p>\n\n\n\n<p>Los medios locales o hiperlocales son los que m\u00e1s han crecido en la \u00faltima d\u00e9cada, seg\u00fan pone de relieve el <strong>Mapa de los cibermedios de Espa\u00f1a en 2018: an\u00e1lisis cuantitativo<\/strong>, presentado en el XXIV Congreso de la Sociedad Espa\u00f1ola de Period\u00edstica y fue publicado en la&nbsp;<em>Revista Latina de Comunicaci\u00f3n Social<\/em>.<\/p>\n\n\n\n<p>Seg\u00fan el estudio, se han localizado 3.431 medios digitales en marzo de 2018, de los cuales 3.065 estaban activos (es decir, se hab\u00edan actualizado al menos una vez en los \u00faltimos tres meses). Esta cifra de medios digitales activos supone, indica el estudio, un <strong>espectacular crecimiento en la \u00faltima d\u00e9cada, pues pr\u00e1cticamente triplica los 1.274 cibermedios censados en la pasada d\u00e9cada<\/strong>, seg\u00fan constat\u00f3 entonces un estudio de <a href=\"https:\/\/laboratoriodeperiodismo.org\/salaverria-encontrar-el-equilibrio-entre-la-actualizacion-tecnologica-y-la-preservacion-de-los-valores-periodisticos-es-uno-de-los-grandes-desafios-actuales\/\">Ram\u00f3n Salaverr\u00eda<\/a> en 2005.<\/p>\n\n\n\n<p>El crecimiento es especialmente significativo por \u00abhaber coincidido con un per\u00edodo de profunda crisis econ\u00f3mica, que contribuy\u00f3 a deteriorar el mercado de los medios tradicionales (D\u00edaz Nosty, 2011). Adem\u00e1s, se ha comprobado que <strong>el crecimiento ha tenido lugar especialmente entre los medios digitales de alcance municipal, provincial y de comunidad&nbsp;aut\u00f3noma<\/strong>: tres cuartas partes de los medios digitales identificados para este estudio ten\u00edan alcance local o hiperlocal (75%). Por otro lado, una tercera parte del total de los cibermedios del pa\u00eds (35%) eran nativos digitales\u00bb.<\/p>\n\n\n\n<p>Todas estas evidencias, apunta el estudio, confirman plenamente una de las hip\u00f3tesis del estudio: que <strong>los cibermedios espa\u00f1oles han experimentado un importante crecimiento y se han consolidado en el ecosistema de medios<\/strong>, sobre todo en el \u00e1mbito local y a pesar de la crisis de los medios tradicionales.<\/p>\n\n\n\n<p>EL MIRADOR DE ATARFE NO RECIBE NINGUNA AYUDA P\u00daBLICA Y ES MANTENIDO POR LAS PERSONAS QUE COLABORAN CON ESTE MEDIO de MANERA GRATUITA.<\/p>\n\n\n\n<p>EL MIRADOR DE ATARFE NO PRETENDE TENER M\u00c1XIMA AUDIENCIA SINO <strong>SER UN MEDIO HIST\u00d3RICO DE LO QUE ACONTECE EN NUESTRO MUNICIPIO<\/strong> DONDE SE REFLEJE LA VIDA DE NUESTRO MUNICIPIO Y QUEDE EN ARCHIVO PERMANENTE DE CONSULTA.<\/p>\n\n\n\n<p><strong>HA RECIBIDO EN ESTE A\u00d1O <mark style=\"background-color:rgba(0, 0, 0, 0)\" class=\"has-inline-color has-vivid-red-color\">471,535 VISITAS<\/mark>  Y ES VISTO EN <mark style=\"background-color:rgba(0, 0, 0, 0)\" class=\"has-inline-color has-vivid-red-color\">ESPA\u00d1A POR 77004 PERSONAS<\/mark>  Y <mark style=\"background-color:rgba(0, 0, 0, 0)\" class=\"has-inline-color has-vivid-red-color\">102 PA\u00cdSES<\/mark> DEL MUNDO EN ALG\u00daN MOMENTO HAN CONECTADO CON EL MIRADOR DE ATARFE <\/strong><\/p>\n\n\n\n<figure class=\"wp-block-image size-large\"><img data-recalc-dims=\"1\" loading=\"lazy\" decoding=\"async\" width=\"640\" height=\"233\" src=\"https:\/\/i0.wp.com\/miradordeatarfe.es\/wp-content\/uploads\/2025\/07\/Screenshot-2025-07-16-at-10-21-13-Jetpack-Mirador-de-Atarfe-%E2%80%94-WordPress.png?resize=640%2C233&#038;ssl=1\" alt=\"\" class=\"wp-image-78221\" srcset=\"https:\/\/i0.wp.com\/miradordeatarfe.es\/wp-content\/uploads\/2025\/07\/Screenshot-2025-07-16-at-10-21-13-Jetpack-Mirador-de-Atarfe-%E2%80%94-WordPress.png?resize=1024%2C373&amp;ssl=1 1024w, https:\/\/i0.wp.com\/miradordeatarfe.es\/wp-content\/uploads\/2025\/07\/Screenshot-2025-07-16-at-10-21-13-Jetpack-Mirador-de-Atarfe-%E2%80%94-WordPress.png?resize=300%2C109&amp;ssl=1 300w, https:\/\/i0.wp.com\/miradordeatarfe.es\/wp-content\/uploads\/2025\/07\/Screenshot-2025-07-16-at-10-21-13-Jetpack-Mirador-de-Atarfe-%E2%80%94-WordPress.png?resize=768%2C280&amp;ssl=1 768w, https:\/\/i0.wp.com\/miradordeatarfe.es\/wp-content\/uploads\/2025\/07\/Screenshot-2025-07-16-at-10-21-13-Jetpack-Mirador-de-Atarfe-%E2%80%94-WordPress.png?w=1035&amp;ssl=1 1035w\" sizes=\"auto, (max-width: 640px) 100vw, 640px\" \/><\/figure>\n\n\n\n<figure class=\"wp-block-image size-large\"><img data-recalc-dims=\"1\" loading=\"lazy\" decoding=\"async\" width=\"640\" height=\"416\" src=\"https:\/\/i0.wp.com\/miradordeatarfe.es\/wp-content\/uploads\/2025\/07\/Screenshot-2025-07-17-at-09-50-22-STRATO-Acceso-Clientes-Estadisticas-1024x666.png?resize=640%2C416&#038;ssl=1\" alt=\"\" class=\"wp-image-78332\" srcset=\"https:\/\/i0.wp.com\/miradordeatarfe.es\/wp-content\/uploads\/2025\/07\/Screenshot-2025-07-17-at-09-50-22-STRATO-Acceso-Clientes-Estadisticas.png?resize=1024%2C666&amp;ssl=1 1024w, https:\/\/i0.wp.com\/miradordeatarfe.es\/wp-content\/uploads\/2025\/07\/Screenshot-2025-07-17-at-09-50-22-STRATO-Acceso-Clientes-Estadisticas.png?resize=300%2C195&amp;ssl=1 300w, https:\/\/i0.wp.com\/miradordeatarfe.es\/wp-content\/uploads\/2025\/07\/Screenshot-2025-07-17-at-09-50-22-STRATO-Acceso-Clientes-Estadisticas.png?resize=768%2C500&amp;ssl=1 768w, https:\/\/i0.wp.com\/miradordeatarfe.es\/wp-content\/uploads\/2025\/07\/Screenshot-2025-07-17-at-09-50-22-STRATO-Acceso-Clientes-Estadisticas.png?w=1225&amp;ssl=1 1225w\" sizes=\"auto, (max-width: 640px) 100vw, 640px\" \/><\/figure>\n\n\n\n<figure class=\"wp-block-image size-large\"><img data-recalc-dims=\"1\" loading=\"lazy\" decoding=\"async\" width=\"640\" height=\"456\" src=\"https:\/\/i0.wp.com\/miradordeatarfe.es\/wp-content\/uploads\/2025\/07\/Screenshot-2025-07-16-at-10-30-52-Jetpack-Stats-%E2%80%94-Mirador-de-Atarfe.png?resize=640%2C456&#038;ssl=1\" alt=\"\" class=\"wp-image-78224\" srcset=\"https:\/\/i0.wp.com\/miradordeatarfe.es\/wp-content\/uploads\/2025\/07\/Screenshot-2025-07-16-at-10-30-52-Jetpack-Stats-%E2%80%94-Mirador-de-Atarfe.png?resize=1024%2C729&amp;ssl=1 1024w, https:\/\/i0.wp.com\/miradordeatarfe.es\/wp-content\/uploads\/2025\/07\/Screenshot-2025-07-16-at-10-30-52-Jetpack-Stats-%E2%80%94-Mirador-de-Atarfe.png?resize=300%2C214&amp;ssl=1 300w, https:\/\/i0.wp.com\/miradordeatarfe.es\/wp-content\/uploads\/2025\/07\/Screenshot-2025-07-16-at-10-30-52-Jetpack-Stats-%E2%80%94-Mirador-de-Atarfe.png?resize=768%2C547&amp;ssl=1 768w, https:\/\/i0.wp.com\/miradordeatarfe.es\/wp-content\/uploads\/2025\/07\/Screenshot-2025-07-16-at-10-30-52-Jetpack-Stats-%E2%80%94-Mirador-de-Atarfe.png?w=1258&amp;ssl=1 1258w\" sizes=\"auto, (max-width: 640px) 100vw, 640px\" \/><\/figure>\n\n\n\n\n\n\n\n<figure class=\"wp-block-image size-large\"><img data-recalc-dims=\"1\" loading=\"lazy\" decoding=\"async\" width=\"640\" height=\"584\" src=\"https:\/\/i0.wp.com\/miradordeatarfe.es\/wp-content\/uploads\/2025\/07\/Screenshot-2025-07-16-at-10-31-11-Jetpack-Stats-%E2%80%94-Mirador-de-Atarfe.png?resize=640%2C584&#038;ssl=1\" alt=\"\" class=\"wp-image-78225\" srcset=\"https:\/\/i0.wp.com\/miradordeatarfe.es\/wp-content\/uploads\/2025\/07\/Screenshot-2025-07-16-at-10-31-11-Jetpack-Stats-%E2%80%94-Mirador-de-Atarfe.png?resize=1024%2C934&amp;ssl=1 1024w, https:\/\/i0.wp.com\/miradordeatarfe.es\/wp-content\/uploads\/2025\/07\/Screenshot-2025-07-16-at-10-31-11-Jetpack-Stats-%E2%80%94-Mirador-de-Atarfe.png?resize=300%2C274&amp;ssl=1 300w, https:\/\/i0.wp.com\/miradordeatarfe.es\/wp-content\/uploads\/2025\/07\/Screenshot-2025-07-16-at-10-31-11-Jetpack-Stats-%E2%80%94-Mirador-de-Atarfe.png?resize=768%2C701&amp;ssl=1 768w, https:\/\/i0.wp.com\/miradordeatarfe.es\/wp-content\/uploads\/2025\/07\/Screenshot-2025-07-16-at-10-31-11-Jetpack-Stats-%E2%80%94-Mirador-de-Atarfe.png?w=1230&amp;ssl=1 1230w\" sizes=\"auto, (max-width: 640px) 100vw, 640px\" \/><\/figure>\n\n\n\n\n\n\n\n<figure class=\"wp-block-image size-large\"><img data-recalc-dims=\"1\" loading=\"lazy\" decoding=\"async\" width=\"640\" height=\"504\" src=\"https:\/\/i0.wp.com\/miradordeatarfe.es\/wp-content\/uploads\/2025\/07\/Screenshot-2025-07-16-at-10-31-28-Jetpack-Stats-%E2%80%94-Mirador-de-Atarfe.png?resize=640%2C504&#038;ssl=1\" alt=\"\" class=\"wp-image-78226\" srcset=\"https:\/\/i0.wp.com\/miradordeatarfe.es\/wp-content\/uploads\/2025\/07\/Screenshot-2025-07-16-at-10-31-28-Jetpack-Stats-%E2%80%94-Mirador-de-Atarfe.png?resize=1024%2C806&amp;ssl=1 1024w, https:\/\/i0.wp.com\/miradordeatarfe.es\/wp-content\/uploads\/2025\/07\/Screenshot-2025-07-16-at-10-31-28-Jetpack-Stats-%E2%80%94-Mirador-de-Atarfe.png?resize=300%2C236&amp;ssl=1 300w, https:\/\/i0.wp.com\/miradordeatarfe.es\/wp-content\/uploads\/2025\/07\/Screenshot-2025-07-16-at-10-31-28-Jetpack-Stats-%E2%80%94-Mirador-de-Atarfe.png?resize=768%2C604&amp;ssl=1 768w, https:\/\/i0.wp.com\/miradordeatarfe.es\/wp-content\/uploads\/2025\/07\/Screenshot-2025-07-16-at-10-31-28-Jetpack-Stats-%E2%80%94-Mirador-de-Atarfe.png?w=1229&amp;ssl=1 1229w\" sizes=\"auto, (max-width: 640px) 100vw, 640px\" \/><\/figure>\n\n\n\n\n","protected":false},"excerpt":{"rendered":"<p>El Mapa de los cibermedios de Espa\u00f1a en 2018 saca a la luz que tres&#8230;<\/p>\n","protected":false},"author":1,"featured_media":73636,"comment_status":"closed","ping_status":"closed","sticky":false,"template":"","format":"standard","meta":{"_coblocks_attr":"","_coblocks_dimensions":"","_coblocks_responsive_height":"","_coblocks_accordion_ie_support":"","jetpack_post_was_ever_published":false,"_jetpack_newsletter_access":"","_jetpack_dont_email_post_to_subs":false,"_jetpack_newsletter_tier_id":0,"_jetpack_memberships_contains_paywalled_content":false,"_jetpack_memberships_contains_paid_content":false,"footnotes":"","jetpack_publicize_message":"","jetpack_publicize_feature_enabled":true,"jetpack_social_post_already_shared":true,"jetpack_social_options":{"image_generator_settings":{"template":"highway","default_image_id":0,"enabled":false},"version":2}},"categories":[1225,186,44],"tags":[],"class_list":["post-78219","post","type-post","status-publish","format-standard","has-post-thumbnail","hentry","category-ha-de-atarfe","category-instituciones","category-noticias-de-hoy"],"jetpack_publicize_connections":[],"jetpack_featured_media_url":"https:\/\/i0.wp.com\/miradordeatarfe.es\/wp-content\/uploads\/2024\/12\/Screenshot-2024-12-23-at-10-56-40-EL-MIRADOR-DE-ATARFE-JUNTO-A-SUS-COLABORADORES-LES-DESEA-FELIZ-2019-%E2%80%93-Mirador-de-Atarfe.png?fit=1651%2C402&ssl=1","jetpack_likes_enabled":true,"jetpack_sharing_enabled":true,"_links":{"self":[{"href":"https:\/\/miradordeatarfe.es\/index.php?rest_route=\/wp\/v2\/posts\/78219","targetHints":{"allow":["GET"]}}],"collection":[{"href":"https:\/\/miradordeatarfe.es\/index.php?rest_route=\/wp\/v2\/posts"}],"about":[{"href":"https:\/\/miradordeatarfe.es\/index.php?rest_route=\/wp\/v2\/types\/post"}],"author":[{"embeddable":true,"href":"https:\/\/miradordeatarfe.es\/index.php?rest_route=\/wp\/v2\/users\/1"}],"replies":[{"embeddable":true,"href":"https:\/\/miradordeatarfe.es\/index.php?rest_route=%2Fwp%2Fv2%2Fcomments&post=78219"}],"version-history":[{"count":3,"href":"https:\/\/miradordeatarfe.es\/index.php?rest_route=\/wp\/v2\/posts\/78219\/revisions"}],"predecessor-version":[{"id":78333,"href":"https:\/\/miradordeatarfe.es\/index.php?rest_route=\/wp\/v2\/posts\/78219\/revisions\/78333"}],"wp:featuredmedia":[{"embeddable":true,"href":"https:\/\/miradordeatarfe.es\/index.php?rest_route=\/wp\/v2\/media\/73636"}],"wp:attachment":[{"href":"https:\/\/miradordeatarfe.es\/index.php?rest_route=%2Fwp%2Fv2%2Fmedia&parent=78219"}],"wp:term":[{"taxonomy":"category","embeddable":true,"href":"https:\/\/miradordeatarfe.es\/index.php?rest_route=%2Fwp%2Fv2%2Fcategories&post=78219"},{"taxonomy":"post_tag","embeddable":true,"href":"https:\/\/miradordeatarfe.es\/index.php?rest_route=%2Fwp%2Fv2%2Ftags&post=78219"}],"curies":[{"name":"wp","href":"https:\/\/api.w.org\/{rel}","templated":true}]}}