{"id":78325,"date":"2025-07-17T09:39:00","date_gmt":"2025-07-17T07:39:00","guid":{"rendered":"https:\/\/miradordeatarfe.es\/?p=78325"},"modified":"2025-07-17T13:51:30","modified_gmt":"2025-07-17T11:51:30","slug":"escuchen-a-daniel","status":"publish","type":"post","link":"https:\/\/miradordeatarfe.es\/?p=78325","title":{"rendered":"# ESCUCHEN A DANIEL"},"content":{"rendered":"\n<p class=\"has-medium-font-size\"><strong>El pr\u00f3ximo martes 22 de julio, la justicia de Granada entregar\u00e1 a Daniel, el hijo menor de Juana Rivas, a su padre. <\/strong><\/p>\n\n\n\n<p>Esto ocurrir\u00e1 pese a que el ni\u00f1o ha denunciado reiteradamente <strong>haber sufrido maltratos f\u00edsicos y psicol\u00f3gicos durante los siete a\u00f1os que vivi\u00f3 con \u00e9l en Italia<\/strong>. Daniel se niega a regresar con quien, precisamente, <strong>se sentar\u00e1 en el banquillo el 18 de septiembre<\/strong>&nbsp;por los hechos mencionados.<\/p>\n\n\n\n<p>Por su lado, Gabriel, el hijo mayor de Juana, escap\u00f3 de su padre a los 16 a\u00f1os. Al cumplir la mayor\u00eda de edad, denunci\u00f3 la violencia y reclam\u00f3 ayuda para Daniel, quien tambi\u00e9n alz\u00f3 la voz contra la obligaci\u00f3n de volver a Italia. Sin embargo, <strong>la jueza del Juzgado n\u00ba 3 de Granada, responsable de esta dantesca resoluci\u00f3n, se neg\u00f3 y se niega a escucharlo<\/strong>, violando principios b\u00e1sicos del Derecho europeo y espa\u00f1ol, as\u00ed como los derechos fundamentales del ni\u00f1o, al ceder totalmente a las presiones de un hombre procesado por maltrato grave y al evitar las solicitudes del equipo jur\u00eddico de Juana Rivas.<\/p>\n\n\n\n<p>\u00bfC\u00f3mo es posible que, en 2025, en Europa, se obligue a un ni\u00f1o a volver con un padre acusado de maltratar f\u00edsica y psicol\u00f3gicamente, y <strong>amenazar de muerte<\/strong>&nbsp;a su hijo?<\/p>\n\n\n\n<p>Ante este desprop\u00f3sito, <strong>hacemos un llamamiento urgente a todas las personas con conciencia<\/strong>, que forman parte de la sociedad civil, del mundo acad\u00e9mico, sanitario, educativo, jur\u00eddico, cultural, del movimiento feminista, y a quienes defienden los derechos humanos.<\/p>\n\n\n\n<p>No podemos mirar a otro lado, mientras se ejecuta una decisi\u00f3n que <strong>pone en grave peligro la vida de un ni\u00f1o de 11 a\u00f1os<\/strong>.<\/p>\n\n\n\n<p><strong>\u00bfC\u00f3mo puedes colaborar?<\/strong><strong><\/strong><\/p>\n\n\n\n<ul class=\"wp-block-list\">\n<li>Publica en tus redes con el hashtag <strong>#EscuchenADaniel<\/strong>.<\/li>\n\n\n\n<li>Comparte un v\u00eddeo o imagen con el lema <strong>\u201cJuana y Daniel est\u00e1n en mi casa\u201d<\/strong>.<\/li>\n\n\n\n<li>Acompa\u00f1a simb\u00f3licamente este llamamiento con <strong>acciones, palabras, gestos o arte<\/strong>.<\/li>\n\n\n\n<li>Uni\u00e9ndote al grupo de trabajo \u201cEscuchen a Daniel\u201d, desde el que trabajamos desde una campa\u00f1a en redes sociales, enlace de acceso: https:\/\/chat.whatsapp.com\/B9yJuPdLgSYC2vi2eryRdz<\/li>\n<\/ul>\n\n\n\n<p><strong>Cada minuto cuenta y tu voz importa.<\/strong><strong><br \/><\/strong><strong>\u00a1Exigimos que escuchen a Daniel!<\/strong><strong><\/strong><\/p>\n\n\n\n<p><strong>Si te sumas, etiqueta tu acci\u00f3n con:<\/strong><strong><\/strong><\/p>\n\n\n\n<p>#EscuchenADaniel<\/p>\n\n\n\n<p>#JuanaYDanielEst\u00e1nEnMiCasa<\/p>\n\n\n\n<p>#JusticiaParaDaniel<\/p>\n\n\n\n<figure class=\"wp-block-image size-full\"><img data-recalc-dims=\"1\" loading=\"lazy\" decoding=\"async\" width=\"520\" height=\"320\" src=\"https:\/\/i0.wp.com\/miradordeatarfe.es\/wp-content\/uploads\/2025\/07\/Imagen-de-WhatsApp-2025-07-17-a-las-12.11.59_2a62342c.jpg?resize=520%2C320&#038;ssl=1\" alt=\"\" class=\"wp-image-78326\" srcset=\"https:\/\/i0.wp.com\/miradordeatarfe.es\/wp-content\/uploads\/2025\/07\/Imagen-de-WhatsApp-2025-07-17-a-las-12.11.59_2a62342c.jpg?w=520&amp;ssl=1 520w, https:\/\/i0.wp.com\/miradordeatarfe.es\/wp-content\/uploads\/2025\/07\/Imagen-de-WhatsApp-2025-07-17-a-las-12.11.59_2a62342c.jpg?resize=300%2C185&amp;ssl=1 300w\" sizes=\"auto, (max-width: 520px) 100vw, 520px\" \/><\/figure>\n","protected":false},"excerpt":{"rendered":"<p>El pr\u00f3ximo martes 22 de julio, la justicia de Granada entregar\u00e1 a Daniel, el hijo&#8230;<\/p>\n","protected":false},"author":1,"featured_media":78334,"comment_status":"closed","ping_status":"closed","sticky":false,"template":"","format":"standard","meta":{"_coblocks_attr":"","_coblocks_dimensions":"","_coblocks_responsive_height":"","_coblocks_accordion_ie_support":"","jetpack_post_was_ever_published":false,"_jetpack_newsletter_access":"","_jetpack_dont_email_post_to_subs":false,"_jetpack_newsletter_tier_id":0,"_jetpack_memberships_contains_paywalled_content":false,"_jetpack_memberships_contains_paid_content":false,"footnotes":"","jetpack_publicize_message":"","jetpack_publicize_feature_enabled":true,"jetpack_social_post_already_shared":true,"jetpack_social_options":{"image_generator_settings":{"template":"highway","default_image_id":0,"enabled":false},"version":2}},"categories":[1161,14,44],"tags":[],"class_list":["post-78325","post","type-post","status-publish","format-standard","has-post-thumbnail","hentry","category-ciudadania","category-feminismo","category-noticias-de-hoy"],"jetpack_publicize_connections":[],"jetpack_featured_media_url":"https:\/\/i0.wp.com\/miradordeatarfe.es\/wp-content\/uploads\/2025\/07\/OIP.jpeg?fit=320%2C180&ssl=1","jetpack_likes_enabled":true,"jetpack_sharing_enabled":true,"_links":{"self":[{"href":"https:\/\/miradordeatarfe.es\/index.php?rest_route=\/wp\/v2\/posts\/78325","targetHints":{"allow":["GET"]}}],"collection":[{"href":"https:\/\/miradordeatarfe.es\/index.php?rest_route=\/wp\/v2\/posts"}],"about":[{"href":"https:\/\/miradordeatarfe.es\/index.php?rest_route=\/wp\/v2\/types\/post"}],"author":[{"embeddable":true,"href":"https:\/\/miradordeatarfe.es\/index.php?rest_route=\/wp\/v2\/users\/1"}],"replies":[{"embeddable":true,"href":"https:\/\/miradordeatarfe.es\/index.php?rest_route=%2Fwp%2Fv2%2Fcomments&post=78325"}],"version-history":[{"count":3,"href":"https:\/\/miradordeatarfe.es\/index.php?rest_route=\/wp\/v2\/posts\/78325\/revisions"}],"predecessor-version":[{"id":78336,"href":"https:\/\/miradordeatarfe.es\/index.php?rest_route=\/wp\/v2\/posts\/78325\/revisions\/78336"}],"wp:featuredmedia":[{"embeddable":true,"href":"https:\/\/miradordeatarfe.es\/index.php?rest_route=\/wp\/v2\/media\/78334"}],"wp:attachment":[{"href":"https:\/\/miradordeatarfe.es\/index.php?rest_route=%2Fwp%2Fv2%2Fmedia&parent=78325"}],"wp:term":[{"taxonomy":"category","embeddable":true,"href":"https:\/\/miradordeatarfe.es\/index.php?rest_route=%2Fwp%2Fv2%2Fcategories&post=78325"},{"taxonomy":"post_tag","embeddable":true,"href":"https:\/\/miradordeatarfe.es\/index.php?rest_route=%2Fwp%2Fv2%2Ftags&post=78325"}],"curies":[{"name":"wp","href":"https:\/\/api.w.org\/{rel}","templated":true}]}}