{"id":78356,"date":"2025-07-28T12:00:00","date_gmt":"2025-07-28T10:00:00","guid":{"rendered":"https:\/\/miradordeatarfe.es\/?p=78356"},"modified":"2025-10-16T09:57:16","modified_gmt":"2025-10-16T07:57:16","slug":"jovenes-que-vienen-por-remedios-sanchez","status":"publish","type":"post","link":"https:\/\/miradordeatarfe.es\/?p=78356","title":{"rendered":"\u00abJ\u00d3VENES QUE VIENEN\u00bb por Remedios S\u00e1nchez"},"content":{"rendered":"\n<p class=\"has-medium-font-size\"><strong>Cada julio, al cumplirse los dieciocho a\u00f1os, el aire se viste invariablemente de neblina a\u00f1il que se mezcla con el intenso azul del mar visto desde el rebalaje. Este fen\u00f3meno, casi m\u00e1gico, pasa inadvertido tanto para los mayores como para quienes a\u00fan no han alcanzado esa edad: es el paso de un Rubic\u00f3n imaginario, el umbral que marca el comienzo de la adultez.<\/strong><\/p>\n\n\n\n<p> Nuestros j\u00f3venes, cargados de incertidumbres y tras superar las pruebas pertinentes de acceso a la universidad, debieran escoger la senda profesional que m\u00e1s les entusiasme, prepararse a conciencia y, con suerte, ejercerla durante el resto de sus vidas. Sin embargo, con frecuencia no se les ha explicado con la debida claridad la trascendencia de esta decisi\u00f3n ni la importancia de priorizar la vocaci\u00f3n frente a intereses espurios que oscilan entre planear la opci\u00f3n a un empleo bien remunerado o con baja tasa de desempleo.<\/p>\n\n\n\n<p>Pero es que no se trata solo de desempe\u00f1ar un cometido, sino de que esa labor sea suficientemente gratificante para mantener viva la ilusi\u00f3n y acudir a ella con alegr\u00eda y verdadero compromiso. En la conformaci\u00f3n del engranaje social, es fundamental que cada persona ejerza su funci\u00f3n eficazmente para que todo funcione: desde el administrativo que ayuda a rellenar una instancia hasta la m\u00e9dico del centro de salud, pasando por la ingeniera que dise\u00f1a un puente, el economista que prepara la declaraci\u00f3n de la renta. Y no me olvido del fontanero, de la cajera del supermercado, del agricultor o de la taxista que me acerca a casa. El problema radica adem\u00e1s en esa obsesi\u00f3n casi generalizada por ser universitario; graduado en cualquier \u00e1rea, pero universitario con t\u00edtulo, como si ah\u00ed residiera la panacea y se garantizara la satisfacci\u00f3n personal o eso tan confuso\/difuso a lo que llamamos \u00e9xito. <\/p>\n\n\n\n<p>Dos d\u00e9cadas de experiencia docente me confirman en la percepci\u00f3n de que demasiados estudiantes no saben bien qu\u00e9 les apasiona realmente porque nadie les ha ayudado a encontrar la verdadera vocaci\u00f3n en esas etapas previas en la que, progresivamente, debieron irles abriendo el abanico de posibilidades m\u00e1s all\u00e1 de dibujarles un mundo perfectamente superficial y consumista, imitando aquel que Huxley retrataba en \u201cUn mundo feliz\u201d. O como el que muestra la televisi\u00f3n a cada rato, obcecada en reivindicar como arquetipos de lo deseable a futbolistas o influencers sin oficio real pero con beneficio temporal. Es decir, la manera m\u00e1s eficaz de bloquearles la autoestima, de que nada de lo que puedan escoger sea comparable al universo glamouroso que se percibe a trav\u00e9s de las redes. Aunque sea de cart\u00f3n piedra y con fecha de caducidad, en esta etapa no se concibe as\u00ed. Por eso en muchos casos, se aferran al mal menor: estudiar una titulaci\u00f3n universitaria, aunque suponga frustraci\u00f3n, desagrado o soberano aburrimiento o\u00edr hablar de materias que interesan entre poco o nada a quienes se sienten atrapados en un c\u00edrculo vicioso que obliga a seguir siempre adelante. <\/p>\n\n\n\n<p>Seguramente, para estos chicos y chicas habr\u00eda que reivindicar el derecho a equivocarse, a desandar el camino hasta encontrarse para retomarlo despu\u00e9s con pasi\u00f3n, con \u00edmpetu renovado y con la conciencia de estar prepar\u00e1ndose para ser \u00fatil. Nada es un naufragio cuando se tienen veinte a\u00f1os y un jard\u00edn con senderos que se bifurcan por recorrer; es la oportunidad de construir una trayectoria profesional que tenga el sentido pleno que cada persona merece.<\/p>\n","protected":false},"excerpt":{"rendered":"<p>Cada julio, al cumplirse los dieciocho a\u00f1os, el aire se viste invariablemente de neblina a\u00f1il&#8230;<\/p>\n","protected":false},"author":1,"featured_media":78357,"comment_status":"closed","ping_status":"closed","sticky":false,"template":"","format":"standard","meta":{"_coblocks_attr":"","_coblocks_dimensions":"","_coblocks_responsive_height":"","_coblocks_accordion_ie_support":"","jetpack_post_was_ever_published":false,"_jetpack_newsletter_access":"","_jetpack_dont_email_post_to_subs":false,"_jetpack_newsletter_tier_id":0,"_jetpack_memberships_contains_paywalled_content":false,"_jetpack_memberships_contains_paid_content":false,"footnotes":"","jetpack_publicize_message":"","jetpack_publicize_feature_enabled":true,"jetpack_social_post_already_shared":true,"jetpack_social_options":{"image_generator_settings":{"template":"highway","default_image_id":0,"enabled":false},"version":2}},"categories":[187,10797,1161,44,6914],"tags":[],"class_list":["post-78356","post","type-post","status-publish","format-standard","has-post-thumbnail","hentry","category-centros-educativos","category-ciencia","category-ciudadania","category-noticias-de-hoy","category-opinion-de-reme-sanchez"],"jetpack_publicize_connections":[],"jetpack_featured_media_url":"https:\/\/i0.wp.com\/miradordeatarfe.es\/wp-content\/uploads\/2025\/07\/14867357612210.jpg?fit=660%2C439&ssl=1","jetpack_likes_enabled":true,"jetpack_sharing_enabled":true,"_links":{"self":[{"href":"https:\/\/miradordeatarfe.es\/index.php?rest_route=\/wp\/v2\/posts\/78356","targetHints":{"allow":["GET"]}}],"collection":[{"href":"https:\/\/miradordeatarfe.es\/index.php?rest_route=\/wp\/v2\/posts"}],"about":[{"href":"https:\/\/miradordeatarfe.es\/index.php?rest_route=\/wp\/v2\/types\/post"}],"author":[{"embeddable":true,"href":"https:\/\/miradordeatarfe.es\/index.php?rest_route=\/wp\/v2\/users\/1"}],"replies":[{"embeddable":true,"href":"https:\/\/miradordeatarfe.es\/index.php?rest_route=%2Fwp%2Fv2%2Fcomments&post=78356"}],"version-history":[{"count":1,"href":"https:\/\/miradordeatarfe.es\/index.php?rest_route=\/wp\/v2\/posts\/78356\/revisions"}],"predecessor-version":[{"id":78358,"href":"https:\/\/miradordeatarfe.es\/index.php?rest_route=\/wp\/v2\/posts\/78356\/revisions\/78358"}],"wp:featuredmedia":[{"embeddable":true,"href":"https:\/\/miradordeatarfe.es\/index.php?rest_route=\/wp\/v2\/media\/78357"}],"wp:attachment":[{"href":"https:\/\/miradordeatarfe.es\/index.php?rest_route=%2Fwp%2Fv2%2Fmedia&parent=78356"}],"wp:term":[{"taxonomy":"category","embeddable":true,"href":"https:\/\/miradordeatarfe.es\/index.php?rest_route=%2Fwp%2Fv2%2Fcategories&post=78356"},{"taxonomy":"post_tag","embeddable":true,"href":"https:\/\/miradordeatarfe.es\/index.php?rest_route=%2Fwp%2Fv2%2Ftags&post=78356"}],"curies":[{"name":"wp","href":"https:\/\/api.w.org\/{rel}","templated":true}]}}