{"id":78369,"date":"2025-08-01T10:56:00","date_gmt":"2025-08-01T08:56:00","guid":{"rendered":"https:\/\/miradordeatarfe.es\/?p=78369"},"modified":"2025-08-01T10:56:03","modified_gmt":"2025-08-01T08:56:03","slug":"el-cdu-atarfe-recupera-plaza-en-la-superliga-2","status":"publish","type":"post","link":"https:\/\/miradordeatarfe.es\/?p=78369","title":{"rendered":"El CDU Atarfe recupera plaza en la Superliga 2"},"content":{"rendered":"\n<p class=\"has-medium-font-size\"><strong>Encauza su sexto curso consecutivo en la categor\u00eda tras quedarse con una plaza de manera administrativa<\/strong><\/p>\n\n\n\n<p>Un nuevo equipo granadino ha recuperado una plaza en categor\u00eda superior a pesar de sufrir el reciente descenso deportivo. El CDU Atarfe, de voleibol femenino, volver\u00e1 a jugar en Superliga 2 y encauza as\u00ed su sexta temporada consecutiva en esta categor\u00eda. Todo a pesar de haber tenido que afrontar un relevo generacional.<\/p>\n\n\n\n<p>El club se hab\u00eda llegado a plantear la compra de una plaza, pero no fue necesario porque quedaron huecos y ten\u00eda prioridad para ocuparlos: el del FC Barcelona, que baj\u00f3 desde Superliga 1 y ya ten\u00eda un equipo en la 2; y la concentraci\u00f3n permanente de la selecci\u00f3n espa\u00f1ola, que la Federaci\u00f3n mand\u00f3 a 1\u00aa nacional.<\/p>\n\n\n\n<p>Fran Santos, presidente y entrenador del CDU, espera que la campa\u00f1a sea m\u00e1s tranquila. \u00abHubo muchos cambios, pero seguro que competiremos mejor ahora\u00bb, coment\u00f3 a IDEAL.<\/p>\n\n\n\n<p>R. L.<\/p>\n\n\n\n<p>Plantilla del CDU Atarfe durante la pasada temporada. R. I.<\/p>\n\n\n\n<p><a href=\"https:\/\/www.ideal.es\/deportes\/provincial-granada\/cdu-atarfe-recupera-plaza-superliga-20250722120632-nt.html\">https:\/\/www.ideal.es\/deportes\/provincial-granada\/cdu-atarfe-recupera-plaza-superliga-20250722120632-nt.html<\/a><\/p>\n","protected":false},"excerpt":{"rendered":"<p>Encauza su sexto curso consecutivo en la categor\u00eda tras quedarse con una plaza de manera&#8230;<\/p>\n","protected":false},"author":1,"featured_media":78370,"comment_status":"closed","ping_status":"closed","sticky":false,"template":"","format":"standard","meta":{"_coblocks_attr":"","_coblocks_dimensions":"","_coblocks_responsive_height":"","_coblocks_accordion_ie_support":"","jetpack_post_was_ever_published":false,"_jetpack_newsletter_access":"","_jetpack_dont_email_post_to_subs":false,"_jetpack_newsletter_tier_id":0,"_jetpack_memberships_contains_paywalled_content":false,"_jetpack_memberships_contains_paid_content":false,"footnotes":"","jetpack_publicize_message":"","jetpack_publicize_feature_enabled":true,"jetpack_social_post_already_shared":true,"jetpack_social_options":{"image_generator_settings":{"template":"highway","default_image_id":0,"enabled":false},"version":2}},"categories":[2,1161,182,44],"tags":[],"class_list":["post-78369","post","type-post","status-publish","format-standard","has-post-thumbnail","hentry","category-atarfe","category-ciudadania","category-deportes","category-noticias-de-hoy"],"jetpack_publicize_connections":[],"jetpack_featured_media_url":"https:\/\/i0.wp.com\/miradordeatarfe.es\/wp-content\/uploads\/2025\/08\/voleibol-atarfe-U190632066343PAC-U23024434997456OE-1200x840%40Ideal.webp?fit=1200%2C840&ssl=1","jetpack_likes_enabled":true,"jetpack_sharing_enabled":true,"_links":{"self":[{"href":"https:\/\/miradordeatarfe.es\/index.php?rest_route=\/wp\/v2\/posts\/78369","targetHints":{"allow":["GET"]}}],"collection":[{"href":"https:\/\/miradordeatarfe.es\/index.php?rest_route=\/wp\/v2\/posts"}],"about":[{"href":"https:\/\/miradordeatarfe.es\/index.php?rest_route=\/wp\/v2\/types\/post"}],"author":[{"embeddable":true,"href":"https:\/\/miradordeatarfe.es\/index.php?rest_route=\/wp\/v2\/users\/1"}],"replies":[{"embeddable":true,"href":"https:\/\/miradordeatarfe.es\/index.php?rest_route=%2Fwp%2Fv2%2Fcomments&post=78369"}],"version-history":[{"count":1,"href":"https:\/\/miradordeatarfe.es\/index.php?rest_route=\/wp\/v2\/posts\/78369\/revisions"}],"predecessor-version":[{"id":78371,"href":"https:\/\/miradordeatarfe.es\/index.php?rest_route=\/wp\/v2\/posts\/78369\/revisions\/78371"}],"wp:featuredmedia":[{"embeddable":true,"href":"https:\/\/miradordeatarfe.es\/index.php?rest_route=\/wp\/v2\/media\/78370"}],"wp:attachment":[{"href":"https:\/\/miradordeatarfe.es\/index.php?rest_route=%2Fwp%2Fv2%2Fmedia&parent=78369"}],"wp:term":[{"taxonomy":"category","embeddable":true,"href":"https:\/\/miradordeatarfe.es\/index.php?rest_route=%2Fwp%2Fv2%2Fcategories&post=78369"},{"taxonomy":"post_tag","embeddable":true,"href":"https:\/\/miradordeatarfe.es\/index.php?rest_route=%2Fwp%2Fv2%2Ftags&post=78369"}],"curies":[{"name":"wp","href":"https:\/\/api.w.org\/{rel}","templated":true}]}}