{"id":78372,"date":"2025-08-01T10:59:51","date_gmt":"2025-08-01T08:59:51","guid":{"rendered":"https:\/\/miradordeatarfe.es\/?p=78372"},"modified":"2025-08-27T12:56:08","modified_gmt":"2025-08-27T10:56:08","slug":"cierra-el-unico-kiosco-de-prensa-de-atarfe-por-jose-enrique-granados","status":"publish","type":"post","link":"https:\/\/miradordeatarfe.es\/?p=78372","title":{"rendered":"\u00abCIERRA EL \u00daNICO KIOSCO DE PRENSA DE ATARFE\u00bb por Jos\u00e9 Enrique Granados"},"content":{"rendered":"\n<p class=\"has-medium-font-size\"><strong>Ayer fue un d\u00eda triste. Cierra sus puertas \u201cAGR, Prensa y Revistas\u201d establecimiento dedicado a la venta de peri\u00f3dicos y productos relacionados. Con m\u00e1s de 75 a\u00f1os de existencia \u201cLa Barber\u00eda\u201d se ve abocada a echar el cierre definitivo.<\/strong><\/p>\n\n\n\n<p>Puede ostentar sin duda, el haber sido hasta hoy, uno de los establecimientos comerciales m\u00e1s antiguos de nuestro municipio. Los nuevos h\u00e1bitos para informarse de la ciudadan\u00eda han hecho que la prensa en papel tenga cada vez menos peso entre los medios de comunicaci\u00f3n, pasando a estar en un segundo o tercer t\u00e9rmino entre las preferencias de los ciudadanos; al menos a nivel local, eso se percibe. La crisis del COVID agrav\u00f3 mucho la situaci\u00f3n, por lo que en la actualidad es inviable mantener este tipo de negocio. Las suscripciones y ventas han disminuido y los peri\u00f3dicos son casi un recuerdo.<br \/><br \/>A partir de ma\u00f1ana, quien quiera comprar un peri\u00f3dico tendr\u00e1 que desplazarse a otra localidad. Es penoso que un pueblo con m\u00e1s de 20.000 habitantes se haya quedado sin un punto de venta de prensa.<br \/><br \/>Haciendo un poco de historia, la relaci\u00f3n de mi familia con la prensa se remonta a 1945 o 1946 cuando IDEAL para establecerse en los municipios granadinos, busca lugares en los que instalar puntos de venta. No hay que olvidar que, hasta esas fechas, los peri\u00f3dicos se distribu\u00edan fundamentalmente a los suscriptores, mediante Correos. Mi t\u00edo Sergio recuerda que con 5 o 6 a\u00f1os, empez\u00f3 a repartir algunas suscripciones ya que sus hermanos mayores, mi padre y mi t\u00edo Antonio se dedicaban a otros menesteres.<br \/><br \/>Fue en esos a\u00f1os rese\u00f1ados, 1945 o 1946, cuando mi abuelo Jos\u00e9 Granados Pozo, comenz\u00f3 a vender prensa en la barber\u00eda que pose\u00eda en la plaza del Ayuntamiento, siendo nombrado corresponsal administrativo del medio. Tambi\u00e9n fue el corresponsal administrativo de PATRIA. Hasta su muerte en noviembre de 1955 ejerci\u00f3 como tal, pasando ese cargo con posterioridad a mi padre, Arsenio Granados. Los m\u00e1s viejos del lugar, recordar\u00e1n esa barber\u00eda ubicada en los bajos del Ayuntamiento, en donde adem\u00e1s de arreglarse los caballeros, se dispensaba la prensa diaria a suscriptores fundamentalmente y a compradores ocasionales. En paralelo se ofrec\u00edan los servicios publicitarios de IDEAL y HOJA DEL LUNES, esquelas principalmente, aunque tambi\u00e9n anuncios por palabras y otros m\u00f3dulos comerciales.<br \/><br \/>En aquella \u00e9poca fue cuando tuve contacto con la rotativa de IDEAL en Comp\u00e1s de San Jer\u00f3nimo, antes de su traslado al pol\u00edgono ASEGRA. El olor a tinta y el trabajo de los linotipistas los guardo celosamente en mi olfato y retinas. A\u00fan recuerdo aquellos viajes en tranv\u00eda primero y luego en autob\u00fas, para llevar la esquela que la familia de los difuntos contrataba para ser publicada al d\u00eda siguiente, en la que \u201crogaban una oraci\u00f3n por su alma y la asistencia a la conducci\u00f3n del cad\u00e1ver que tendr\u00e1 lugar hoy desde su domicilio\u2026\u201d En aquella \u00e9poca no exist\u00eda los tanatorios y el duelo se celebraba en la casa del difunto. En el peri\u00f3dico era frecuente comunicar el \u00f3bito.<br \/><br \/>All\u00e1 por 1978, aquella simbiosis de barber\u00eda y venta de peri\u00f3dicos cambi\u00f3 de ubicaci\u00f3n a la calle Real, al edificio que hasta entonces hab\u00eda albergado a TEL\u00c9FONOS. Desde entonces, aquella fue nuestra casa. En nuestra gacetilla de 26 de marzo de 2024, informamos de la sesi\u00f3n ordinaria celebrada el 30 de noviembre de 1977, bajo la presidencia del alcalde D. Alfonso Bail\u00f3n Verdejo, para la compra de los bajos de la Casa Consistorial, propiedad de Don Arsenio Granados Ram\u00edrez.<br \/><br \/>Desde mediados de 1978 hasta el fallecimiento de mi padre, en diciembre de 2003 convivieron en esa nueva ubicaci\u00f3n ambas actividades, peluquer\u00eda de caballeros y venta de peri\u00f3dicos. Todo en un mismo local.<br \/><br \/>La transici\u00f3n trajo consigo la aparici\u00f3n de nuevas cabeceras las cuales se fueron incorporando a la oferta de nuestro establecimiento. El Pa\u00eds, El Mundo, ABC, Diario de Granada, El Defensor de Granada, El Sol, etc. a su vez que Tiempo, Intervi\u00fa se fueron colocando en los anaqueles de unas vetustas estanter\u00edas que conviv\u00edan con el sill\u00f3n de barbero y cinco o seis sillas en los que los clientes que iban a afeitarse o cortarse el pelo, esperaban su turno. Una enorme luna decoraba todo el testero, sobre una mesa longitudinal en la que se dispon\u00edan, navajas, peines y tijeras adem\u00e1s de perfumadores y otros utensilios propios de la profesi\u00f3n de barbero. El olor a alcohol reci\u00e9n destilado de San Fernando era caracter\u00edstico y propio de la barber\u00eda.<br \/><br \/>Recuerdo aquel lugar al que muchos llegaban para coger y leer un peri\u00f3dico del mont\u00f3n que se dispon\u00eda sobre la mesa, mientras se comentaban las noticias. Los compradores al entrar y saludar depositaban el precio del peri\u00f3dico sobre esta mesa a la par que retiraban un ejemplar. Nunca falt\u00f3 un peri\u00f3dico que no fuera abonado. Al final de la ma\u00f1ana, cuadraban las cuentas. Eran quiz\u00e1s otros momentos.<br \/><br \/>Cuando cambiaba el precio del peri\u00f3dico un folio de color rojo indicaba \u201cOJO AL PRECIO\u201d. Cuantas an\u00e9cdotas se podr\u00edan contar.<br \/><br \/>Tras la muerte de mi padre, el local sufri\u00f3 una profunda remodelaci\u00f3n, quedando tal como hasta hoy se ha conocido, pasando a ser exclusivamente un puesto de venta de prensa y revistas. Primero mi madre, Carmen Torres Triana y tras su jubilaci\u00f3n, mi hermano Sergio Granados han estado al frente del establecimiento, con amabilidad y complacencia, ofreciendo a sus clientes lo mejor de s\u00ed.<br \/><br \/>La publicidad, los especiales de las fiestas y otros suplementos, las esquelas y notas necrol\u00f3gicas tambi\u00e9n han ido quedando en el olvido de los nuevos usuarios. Poco queda de aquellos servicios que se ofrec\u00edan en aquel establecimiento pionero en la venta de prensa en Atarfe. Nuevos servicios como recargas de m\u00f3viles, tarjetas de transporte, mensajer\u00eda o fotocopias se han ofrecido a la clientela para continuar existiendo y seguir siendo el punto de uni\u00f3n de Atarfe con los diarios. Todos los esfuerzos han sido vanos, no ha sido posible mantener ese nexo y punto de encuentro de los atarfe\u00f1os con la prensa escrita.<br \/><br \/>Por eso, con abatimiento y mucho pesar \u201cLa Barber\u00eda\u201d ya es historia de nuestro pueblo.<br \/><br \/>Montaje fotogr\u00e1fico del establecimiento en sus dos ubicaciones y en momentos diferentes de su existencia.<br \/><br \/>Gacetilla y curiosidades elvirense<\/p>\n","protected":false},"excerpt":{"rendered":"<p>Ayer fue un d\u00eda triste. Cierra sus puertas \u201cAGR, Prensa y Revistas\u201d establecimiento dedicado a&#8230;<\/p>\n","protected":false},"author":1,"featured_media":78373,"comment_status":"closed","ping_status":"closed","sticky":false,"template":"","format":"standard","meta":{"_coblocks_attr":"","_coblocks_dimensions":"","_coblocks_responsive_height":"","_coblocks_accordion_ie_support":"","jetpack_post_was_ever_published":false,"_jetpack_newsletter_access":"","_jetpack_dont_email_post_to_subs":false,"_jetpack_newsletter_tier_id":0,"_jetpack_memberships_contains_paywalled_content":false,"_jetpack_memberships_contains_paid_content":false,"footnotes":"","jetpack_publicize_message":"","jetpack_publicize_feature_enabled":true,"jetpack_social_post_already_shared":true,"jetpack_social_options":{"image_generator_settings":{"template":"highway","default_image_id":0,"enabled":false},"version":2}},"categories":[2,12,1161,186,38,44],"tags":[],"class_list":["post-78372","post","type-post","status-publish","format-standard","has-post-thumbnail","hentry","category-atarfe","category-cultura","category-ciudadania","category-instituciones","category-opinion-de-jose-enrique-granados","category-noticias-de-hoy"],"jetpack_publicize_connections":[],"jetpack_featured_media_url":"https:\/\/i0.wp.com\/miradordeatarfe.es\/wp-content\/uploads\/2025\/08\/518292527_1287505216716291_4977392364211224010_n.jpg?fit=1280%2C720&ssl=1","jetpack_likes_enabled":true,"jetpack_sharing_enabled":true,"_links":{"self":[{"href":"https:\/\/miradordeatarfe.es\/index.php?rest_route=\/wp\/v2\/posts\/78372","targetHints":{"allow":["GET"]}}],"collection":[{"href":"https:\/\/miradordeatarfe.es\/index.php?rest_route=\/wp\/v2\/posts"}],"about":[{"href":"https:\/\/miradordeatarfe.es\/index.php?rest_route=\/wp\/v2\/types\/post"}],"author":[{"embeddable":true,"href":"https:\/\/miradordeatarfe.es\/index.php?rest_route=\/wp\/v2\/users\/1"}],"replies":[{"embeddable":true,"href":"https:\/\/miradordeatarfe.es\/index.php?rest_route=%2Fwp%2Fv2%2Fcomments&post=78372"}],"version-history":[{"count":1,"href":"https:\/\/miradordeatarfe.es\/index.php?rest_route=\/wp\/v2\/posts\/78372\/revisions"}],"predecessor-version":[{"id":78374,"href":"https:\/\/miradordeatarfe.es\/index.php?rest_route=\/wp\/v2\/posts\/78372\/revisions\/78374"}],"wp:featuredmedia":[{"embeddable":true,"href":"https:\/\/miradordeatarfe.es\/index.php?rest_route=\/wp\/v2\/media\/78373"}],"wp:attachment":[{"href":"https:\/\/miradordeatarfe.es\/index.php?rest_route=%2Fwp%2Fv2%2Fmedia&parent=78372"}],"wp:term":[{"taxonomy":"category","embeddable":true,"href":"https:\/\/miradordeatarfe.es\/index.php?rest_route=%2Fwp%2Fv2%2Fcategories&post=78372"},{"taxonomy":"post_tag","embeddable":true,"href":"https:\/\/miradordeatarfe.es\/index.php?rest_route=%2Fwp%2Fv2%2Ftags&post=78372"}],"curies":[{"name":"wp","href":"https:\/\/api.w.org\/{rel}","templated":true}]}}