{"id":78376,"date":"2025-08-08T10:22:00","date_gmt":"2025-08-08T08:22:00","guid":{"rendered":"https:\/\/miradordeatarfe.es\/?p=78376"},"modified":"2025-08-27T12:55:16","modified_gmt":"2025-08-27T10:55:16","slug":"una-vieja-con-candil-por-juan-de-dios-villanueva-roa","status":"publish","type":"post","link":"https:\/\/miradordeatarfe.es\/?p=78376","title":{"rendered":"\u00abUna vieja con candil\u00bb por Juan de Dios Villanueva Roa"},"content":{"rendered":"\n<p class=\"has-medium-font-size\"><strong>Una anciana de 92 a\u00f1os deambula por el pasillo de madrugada. De pronto empieza a dar voces: \u00a1Una vieja con un candil! \u00a1Ay\u00a1\u00a1Ay\u00a1\u00a1Ay!<\/strong><\/p>\n\n\n\n<p>Entre las graves carencias formativas que tenemos una inmensa mayor\u00eda de seres humanos del primer mundo est\u00e1 la de cuidar de nuestros mayores cuando llegan a una edad en la que sus capacidades disminuyen notablemente y su dependencia se acrecienta mes a mes. Lo m\u00e1s c\u00f3modo es dejarlos en una residencia para que se hagan cargo de cuidarlos y cubrir sus necesidades b\u00e1sicas. No vamos a entrar aqu\u00ed a valorar nada, ni hay espacio ni hay voluntad. Lo cierto es que llegado el momento en el que el deterioro, normal por razones biol\u00f3gicas, se hace patente, es indispensable cuidar, s\u00ed, cuidar y proteger a quienes debemos la vida, las bases y esencia de todo lo que llegamos a ser despu\u00e9s<\/p>\n\n\n\n<p>. Ya s\u00e9 que cada cual tiene sus tiempos, ocupaciones, problemas\u2026, sus otras obligaciones. Y que es dif\u00edcil, muy dif\u00edcil esta labor que, llegado un tiempo en nuestras vidas, nos toca ejercer por humanidad, por derecho y por ser personas (lo que caracteriza a los humanos es el cuidado de los otros). Cada cual, no obstante, que busque sus excusas si es menester, y que se dedique a salvar el mundo desde su atalaya de importante. Pero nuestros mayores, desde su callado silencio, s\u00ed nos necesitan, porque su organismo ya no es el que fue, aunque sus hijos tal vez tampoco lo sean ni ejerzan.<\/p>\n\n\n\n<p>El nieto llegaba de su fiesta alumbrando con el m\u00f3vil para no molestar a nadie y se encuentra con su abuela. Susto mutuo espectacular. Seguiremos, que no queda espacio.<\/p>\n\n\n\n<p>FOTO: https:\/\/latinodetroit.com\/la-espeluznante-leyenda-de-la-mujer-del-candil\/<\/p>\n\n\n\n\n","protected":false},"excerpt":{"rendered":"<p>Una anciana de 92 a\u00f1os deambula por el pasillo de madrugada. De pronto empieza a&#8230;<\/p>\n","protected":false},"author":1,"featured_media":78377,"comment_status":"closed","ping_status":"closed","sticky":false,"template":"","format":"standard","meta":{"_coblocks_attr":"","_coblocks_dimensions":"","_coblocks_responsive_height":"","_coblocks_accordion_ie_support":"","jetpack_post_was_ever_published":false,"_jetpack_newsletter_access":"","_jetpack_dont_email_post_to_subs":false,"_jetpack_newsletter_tier_id":0,"_jetpack_memberships_contains_paywalled_content":false,"_jetpack_memberships_contains_paid_content":false,"footnotes":"","jetpack_publicize_message":"","jetpack_publicize_feature_enabled":true,"jetpack_social_post_already_shared":false,"jetpack_social_options":{"image_generator_settings":{"template":"highway","default_image_id":0,"enabled":false},"version":2}},"categories":[1161,9772,44,6937,10],"tags":[],"class_list":["post-78376","post","type-post","status-publish","format-standard","has-post-thumbnail","hentry","category-ciudadania","category-opinion-de-juan-de-dios-villanueva","category-noticias-de-hoy","category-sociedad","category-salud"],"jetpack_publicize_connections":[],"jetpack_featured_media_url":"https:\/\/i0.wp.com\/miradordeatarfe.es\/wp-content\/uploads\/2025\/08\/mujer1-1.jpg?fit=600%2C338&ssl=1","jetpack_likes_enabled":true,"jetpack_sharing_enabled":true,"_links":{"self":[{"href":"https:\/\/miradordeatarfe.es\/index.php?rest_route=\/wp\/v2\/posts\/78376","targetHints":{"allow":["GET"]}}],"collection":[{"href":"https:\/\/miradordeatarfe.es\/index.php?rest_route=\/wp\/v2\/posts"}],"about":[{"href":"https:\/\/miradordeatarfe.es\/index.php?rest_route=\/wp\/v2\/types\/post"}],"author":[{"embeddable":true,"href":"https:\/\/miradordeatarfe.es\/index.php?rest_route=\/wp\/v2\/users\/1"}],"replies":[{"embeddable":true,"href":"https:\/\/miradordeatarfe.es\/index.php?rest_route=%2Fwp%2Fv2%2Fcomments&post=78376"}],"version-history":[{"count":1,"href":"https:\/\/miradordeatarfe.es\/index.php?rest_route=\/wp\/v2\/posts\/78376\/revisions"}],"predecessor-version":[{"id":78378,"href":"https:\/\/miradordeatarfe.es\/index.php?rest_route=\/wp\/v2\/posts\/78376\/revisions\/78378"}],"wp:featuredmedia":[{"embeddable":true,"href":"https:\/\/miradordeatarfe.es\/index.php?rest_route=\/wp\/v2\/media\/78377"}],"wp:attachment":[{"href":"https:\/\/miradordeatarfe.es\/index.php?rest_route=%2Fwp%2Fv2%2Fmedia&parent=78376"}],"wp:term":[{"taxonomy":"category","embeddable":true,"href":"https:\/\/miradordeatarfe.es\/index.php?rest_route=%2Fwp%2Fv2%2Fcategories&post=78376"},{"taxonomy":"post_tag","embeddable":true,"href":"https:\/\/miradordeatarfe.es\/index.php?rest_route=%2Fwp%2Fv2%2Ftags&post=78376"}],"curies":[{"name":"wp","href":"https:\/\/api.w.org\/{rel}","templated":true}]}}