{"id":78379,"date":"2025-08-08T10:00:19","date_gmt":"2025-08-08T08:00:19","guid":{"rendered":"https:\/\/miradordeatarfe.es\/?p=78379"},"modified":"2025-08-27T12:55:29","modified_gmt":"2025-08-27T10:55:29","slug":"pregon-de-fiestas-2025-de-jose-manuel-peula-garcia-por-jose-enrique-granados","status":"publish","type":"post","link":"https:\/\/miradordeatarfe.es\/?p=78379","title":{"rendered":"\u00abPREG\u00d3N DE FIESTAS 2025 DE Jos\u00e9 Manuel Peula  Garc\u00eda\u00bb por Jos\u00e9 Enrique Granados"},"content":{"rendered":"\n<p class=\"has-medium-font-size\"><strong>Agradecido y abrumado por el reconocimiento p\u00fablico realizado desde el balc\u00f3n de la Casa Consistorial por el pregonero de este a\u00f1o, transcribimos la loa a nuestro pueblo declamada por Jos\u00e9 Manuel Peula Garc\u00eda, hace unos momentos. Enhorabuena y a vivir la fiesta.<\/strong><\/p>\n\n\n\n<p>PREG\u00d3N DE FIESTAS 2025<\/p>\n\n\n\n<p>&lt;&lt;Buenas Noches convecinos<\/p>\n\n\n\n<p>Como no puede ser de otra forma, quiero iniciar mi preg\u00f3n con el agradecimiento a Yolanda, a V\u00edctor y al resto de la Corporaci\u00f3n Municipal, jam\u00e1s hubiera imaginado ser depositario de tal honor y tener la oportunidad de dirigirme a vosotros, Atarfe\u00f1as y Atarfe\u00f1os para ofreceros mi particular visi\u00f3n de nuestro pueblo y su feria, dando el pistoletazo de salida a las Fiestas Patronales de Santa Ana 2025.<\/p>\n\n\n\n<p>Es muy normal en este tipo de discursos, intentar ensalzar todo aquello que el pregonero pueda considerar rese\u00f1able del patrimonio y la historia del lugar. Es inevitable que se citen a lo largo del preg\u00f3n lugares atarfe\u00f1os por todos conocidos, donde se han desarrollado gran parte de nuestras vivencias. Para todos los que quieran contar con una fuente de much\u00edsima informaci\u00f3n sobre nuestro pueblo, me remito a una publicaci\u00f3n que nos transmite diariamente con todo el mimo y lujo de detalles contenidos relacionados con Atarfe y sus gentes: La gacetilla y curiosidades elvirenses que podemos encontrar en Facebook y que constituye una rigurosa y aut\u00e9ntica cr\u00f3nica de la historia y el presente de Atarfe. Su alma mater es el atarfe\u00f1o y atarfista, como \u00e9l mismo se define, Jos\u00e9 Enrique Granados Torres\u2026, el Cachas. Jos\u00e9 Enrique, gran amigo desde la infancia, no ceja en la b\u00fasqueda de cualquier documento gr\u00e1fico, escrito u oral relacionado con el municipio. Gracias por compartir con tanto cari\u00f1o y empe\u00f1o las cosas de tu pueblo, nuestro pueblo, con todos. Atarfe NO necesita un Cronista Oficial\u2026, ya lo tiene\u2026<\/p>\n\n\n\n<p>Nac\u00ed lejos de Atarfe por cuestiones laborales de mi padre que, grana\u00edno de la Cuesta de Gom\u00e9rez, debajo de la Alhambra, vino a Atarfe a buscar compa\u00f1era de vida, mi madre, Conchita, hija del Ni\u00f1o Manuel Garc\u00eda y Dolores la del Feo. Dicen que uno es del sitio en el que se instala y vive. No deja de ser cierto, pero esto requiere una adecuada inmersi\u00f3n y conocimiento del sitio, ganas de hacerlo, y colaboraci\u00f3n de las gentes del lugar. Indudablemente, si adem\u00e1s hay ra\u00edces de por medio esto es m\u00e1s f\u00e1cil. La colaboraci\u00f3n de los lugare\u00f1os en Atarfe est\u00e1 asegurada, somos gente hospitalaria, abierta, solidaria, algo particulares y con cierta malafoll\u00e1 grana\u00edna, pero siempre dispuestos a ayudar en lo que se pueda.<\/p>\n\n\n\n<p>Los forasteros, mi abuela Dolores siempre catalogaba as\u00ed a los de fuera, pueden sorprenderse cuando nos saludamos por la calle, somos secos y breves\u2026: Eeehhh\u2026, Aaaayyyy, pero en las distancias cortas sabemos acogerlos para que hagan de nuestro pueblo su casa. Bienvenidos a todos, ya est\u00e9is de paso o para quedaros, seguro que encontrar\u00e9is en Atarfe un lugar para vivir, donde estar a gusto, con sus defectos, que los tiene, y sus muchas virtudes.<\/p>\n\n\n\n<p>Y sin residir aqu\u00ed, tuve la suerte de pasar gran parte de mi ni\u00f1ez en el pueblo\u2026, No hay nada comparable para un ni\u00f1o que pasar esa etapa de su vida en un pueblo tranquilo donde se pod\u00eda salir a la calle sin apenas preocupaciones. Para m\u00ed, la calle Real era el epicentro porque mi casa, la casa de mis abuelos, encima del bar Jim\u00e9nez, entrando por el callej\u00f3n del Aire, estaba en ese eje de la vida atarfe\u00f1a. En mi retina para siempre quedar\u00e1, la labor veraniega de lazarillo con mi abuelo\u2026, el Ni\u00f1o Manuel Garc\u00eda, que sufri\u00f3 un lamentable accidente en los a\u00f1os 50 en la f\u00e1brica de cementos de la \u201cPortland\u201d y quedo ciego desde entonces. Casi todas las ma\u00f1anas lo alargaba y lo recog\u00eda de la barber\u00eda del Cachas donde el Arsenio te dejaba el mejor cogote de la Vega\u2026; era lugar de tertulia habitual, situada en esta misma plaza, ahora oficinas del urbanismo municipal. En la vuelta a casa casi siempre hab\u00eda paradi\u00f1a\u2026, vamos a acercarnos al Pe\u00f1a a recoger los cupones (de la ONCE), y claro, all\u00ed ca\u00eda un gorri\u00f3n (chato de vino blanco) o un quinto y yo me com\u00eda la tapa que nos pon\u00eda el Pepe: calamares fritos con cebolla en vinagre\u2026, \u00bfhay algo m\u00e1s bueno?\u2026; y despu\u00e9s, cuando est\u00e1bamos ya en el portal de Callej\u00f3n del aire me dec\u00eda\u2026, vamos a seguir al Bolero, y transit\u00e1bamos por la plaza de Abastos, con los puestos del pescado recogiendo, para llegar a ese aut\u00e9ntico bar donde la Bolera le pon\u00eda otro quinto y la tapa\u2026, para m\u00ed, boquerones fritos y tomate\u2026, y mi abuelo, el pobre llegaba m\u00e1s ciego de lo que estaba a la casa\u2026<\/p>\n\n\n\n<p>Ay, los bares, como dec\u00eda Jaime Urrutia, otro de los innumerables artistas de primera fila que han desfilado por Atarfe: Bares que lugares tan gratos para conversar, no hay como el calor del amor en un bar\u2026; El Pe\u00f1a, El Bolero, Las Palomas (epicentro que fue del Carnaval atarfe\u00f1o), El Zagre\u00f1o, el Vi\u00f1edo, el Chicote, el Marali, el Venancio, el Scorpio, el Labrador, el Port\u00f3n, el Volante, el Clebes, el Cafet\u00edn, el Jim\u00e9nez\u2026, en fin, bares en torno a la Calle Real, cada uno con su idiosincrasia, donde tuvimos la suerte de disfrutar de buenos ratos, con su ambiente y sus tapas\u2026, unos desaparecieron, otros cambiaron de nombre, algunos siguen al pie del ca\u00f1\u00f3n y otros nuevos han surgido a lo largo y ancho de la geograf\u00eda atarfe\u00f1a\u2026 a todos ellos y a los que no he nombrado, muchas gracias y suerte para seguir brind\u00e1ndonos lugares de encuentro y reuni\u00f3n acogedores en nuestro pueblo.<\/p>\n\n\n\n<p>Si, nuestro pueblo\u2026, porque para m\u00ed siempre ser\u00e1 mi pueblo, aunque supere los 20.000 habitantes y se catalogue oficialmente como ciudad. Lo dicho, es un pueblo con solera en la Vega granadina, siempre lo fue y lo debe seguir siendo. El final del siglo pasado y el comienzo del que vivimos actualmente supuso una transformaci\u00f3n importante del municipio que, con sus luces y sus sombras\u2026, dio lugar a la actual trama urban\u00edstica donde se desarrollaron grandes avenidas para conectar el centro del pueblo con los nuevos sectores en desarrollo. Aqu\u00ed llama la atenci\u00f3n el bulevar de la Avd. Am\u00e9rica por donde es una gozada pasear, en invierno y en verano, con su abundante arboleda y la silueta de Sierra Nevada y el pico del Veleta siempre en el horizonte. Nuevos parques y arbolado urbano que se ha ido consolidando con el esfuerzo de los sucesivos gobiernos municipales y que han hecho que, actualmente, Atarfe tenga una de las densidades de zonas verdes por habitante m\u00e1s elevadas de la provincia. Los tilos de la avd. Diputaci\u00f3n, las catalpas de la avd. de la Estaci\u00f3n, los pl\u00e1tanos de sombra que junto a los cedros hacen del inicio de la avd. de Andaluc\u00eda una entrada al pueblo desde el Oeste absolutamente incomparable, o el paseo de Santa Ana, donde olmos y otras especies escoltan al Coraz\u00f3n de Jes\u00fas y la Ermita. Podr\u00eda seguir citando esos parques y rincones atarfe\u00f1os que todos conoc\u00e9is, donde esa trama verde es un aut\u00e9ntico tesoro que tenemos la obligaci\u00f3n de preservar y respetar, sobre todo en estos tiempos que corren, tan complicados clim\u00e1ticamente hablando. Seguro que, con el empuje de todos: nuestros representantes, colectivos y ciudadan\u00eda, sin acritud, sin asperezas, discrepando de forma respetuosa, conseguiremos que Atarfe siempre est\u00e9 en el lugar que le corresponde. Que tenga un desarrollo donde prime el sentido com\u00fan, que respete y proteja nuestro entorno y haga del pueblo un lugar donde seguir viviendo de forma privilegiada.<\/p>\n\n\n\n<p>Eso es cultura verde\u2026, y que la cultura es un eje vertebrador y transformador de la sociedad, en Atarfe lo sabemos bien. Hemos disfrutado y disfrutamos de una actividad cultural fren\u00e9tica en la que participa mucha gente del pueblo: actividades musicales, teatrales y de danza asentadas a trav\u00e9s de la Asociaci\u00f3n Art\u00edstica y Cultural de Atarfe o la Feria de la Ciencia que, a trav\u00e9s de la comunidad educativa atarfe\u00f1a, transmite otra forma de cultura: la cient\u00edfica. Se podr\u00edan citar infinidad de eventos, aunque me viene a la cabeza el Festival de Jazz en el Lago\u2026, evento musical pionero en la provincia que como muchas veces ocurre, parece m\u00e1s apreciado y conocido por for\u00e1neos que por lugare\u00f1os y que se ha hecho un hueco en el calendario siendo citado y reconocido por la prensa especializada. No puedo dejar de mencionar y reconocer en este momento a mi querido amigo \u00c1ngel Fern\u00e1ndez que tanto ha trabajado por Atarfe. Gracias \u00c1ngel, puedes sentirte satisfecho por la dedicaci\u00f3n y el cari\u00f1o con que has servido a tu pueblo. Y hablando de cultura\u2026el deporte es cultura y me atrever\u00eda a decir que una forma de vida\u2026,<\/p>\n\n\n\n<p>Afortunadamente, aqu\u00ed practicamos mucho y variado deporte. El futbol monopolizaba en gran medida la actividad deportiva de los j\u00f3venes\u2026, aqu\u00ed y en otros muchos pueblos\u2026, pero otras disciplinas se iban abriendo hueco gracias al af\u00e1n de personas an\u00f3nimas que ten\u00edan inquietudes deportivas diferentes. Era habitual encontrar en las programaciones de las fiestas y la feria desde los a\u00f1os 70 y 80, junto a partidos de futbol del Atarfe Industrial, otras competiciones que ocupaban las calles atarfe\u00f1as como Cross populares y carreras ciclistas. Tambi\u00e9n torneos de ajedrez, baloncesto en las escuelas nacionales, nataci\u00f3n y tenis en la piscina Sol y Vega (piscina de Pepe Baca) o exhibiciones de judo y otras artes marciales. La dotaci\u00f3n de infraestructuras deportivas se fue haciendo realidad y creo que se puede afirmar que la oferta de instalaciones a d\u00eda de hoy es de primer nivel, y el deporte base, el que inicia a nuestras ni\u00f1as y ni\u00f1os en esa forma de vida, est\u00e1 en plena ebullici\u00f3n. Reitero que algo funciona si alguien tira del carro con empe\u00f1o e ilusi\u00f3n y si adem\u00e1s se recibe el apoyo institucional los proyectos cuajan y se asientan. Y quienes tiran del carro son los clubes que, a trav\u00e9s de sus escuelas deportivas, inician a los chavales en futbol, baloncesto, voleibol, atletismo, ciclismo, actividades de monta\u00f1a, gimnasia, triatl\u00f3n o deportes de raqueta. Esto ha tra\u00eddo consigo que la agenda de eventos deportivos que tiene lugar en el pueblo a lo largo del a\u00f1o sea enorme, eventos muchos de ellos de primer nivel, situ\u00e1ndonos en el mapa deportivo provincial, andaluz y nacional. Ojal\u00e1 cristalice la iniciativa municipal de hacer a Atarfe \u201cVilla Europea del Deporte\u201d el pr\u00f3ximo a\u00f1o, con el apoyo de todos a los que nos importa esto en nuestro pueblo ser\u00e1 m\u00e1s f\u00e1cil y seguro que repercutir\u00e1 en mejorar, si cabe a\u00fan m\u00e1s, el deporte atarfe\u00f1o. Ojal\u00e1 lo veamos\u2026<\/p>\n\n\n\n<p>Arrimando la ascua a mi sardina, tengo que resaltar las actividades deportivas en el medio natural\u2026, hablando coloquialmente deporte en la monta\u00f1a. Tengo la suerte y el orgullo de formar parte del Club de Atletismo y Monta\u00f1a Atarfe, un grupo de atarfe\u00f1as y atarfe\u00f1os que empezaron a correr por el entorno de Atarfe, sus calles, la Vega, la pista de Atletismo\u2026, que organizaban y lo siguen haciendo, la Carrera Nocturna que el oto\u00f1o pasado cumpl\u00eda su vig\u00e9simo primera edici\u00f3n.<\/p>\n\n\n\n<p>Y a algunos les dio por correr por el monte y aquello fue cuajando, y comenzaron a organizar la Carrera por Monta\u00f1a Sierra Elvira, de la que se han cumplido ya este a\u00f1o 18 ediciones siendo una de las pruebas deportivas organizadas en nuestro pueblo m\u00e1s consolidadas y de mejor proyecci\u00f3n nacional. Y claro, para correr por monta\u00f1a hacen falta monta\u00f1as\u2026y en Atarfe nos podemos vanagloriar de ser el \u00fanico municipio de la Vega que tiene una monta\u00f1a, aunque sea peque\u00f1a\u2026, SIERRA ELVIRA, un aut\u00e9ntico privilegio para nosotros.<\/p>\n\n\n\n<p>Debemos sentirnos orgullosos de ver como nuestras vidas est\u00e1n siempre vigiladas bajo la atenta mirada de Sierra Elvira, los Morrones. Cuando vuelves de un viaje y ves Sierra Elvira piensas\u2026, ah\u00ed est\u00e1, ya estoy cerca de casa. He recorrido muchos macizos monta\u00f1osos dentro y fuera de Espa\u00f1a, considero a Sierra Nevada mi referencia, pero, todo monta\u00f1ero guarda en su retina su monta\u00f1a, el sitio al que siempre hay que volver para cargar las pilas\u2026, el m\u00edo es Sierra Elvira y su piedra caliza. Este modesto macizo monta\u00f1oso, siempre llama la atenci\u00f3n de todo aquel que mira hacia el poniente desde Granada porque emerge de la llanura aislado, como una isla recia y pedregosa, paisaje familiar para los granadinos. Es una verdadera isla ecol\u00f3gica dentro de la Vega de Granada. Un regalo de la naturaleza. Riqueza geol\u00f3gica, biol\u00f3gica, paisaj\u00edstica, hist\u00f3rica y l\u00fadico-deportiva. El cerro del Castillejo y paraje del Lago, sus caminos, desde los pinares hasta las ruinas de Medina Elvira\u2026, desde la Moleona a Caparecena, la vista espectacular desde el Morr\u00f3n de Enmedio\u2026, sus cabras montesas, ese molusco end\u00e9mico que aqu\u00ed llamamos almeja de la sierra, sus orqu\u00eddeas, sus simas humeantes de vapor en invierno\u2026, esos toboganes naturales de los Caballicos del Rey\u2026, su ermita de los Tres Juanes\u2026. Acercaros a Sierra Elvira, a conocer sus secretos, sus senderos, su historia, sus cumbres, sus miradores\u2026, os sorprender\u00e9is. Solo conociendo un lugar se llega a amarlo y respetarlo, transmitiendo ese respeto a quien os rodea. Nos lo agradecer\u00e1n nuestros nietos y sobre todo Sierra Elvira que, en los \u00faltimos a\u00f1os, est\u00e1 sufriendo un acoso sin precedentes debido a la actividad humana. Ya hay iniciativas ciudadanas trabajando en su recuperaci\u00f3n y protecci\u00f3n que seguro contar\u00e1n con el apoyo municipal. Ojal\u00e1 el \u00e1guila dormida, como la llamaron los \u00e1rabes, levante vuelo y recupere todo su esplendor.<\/p>\n\n\n\n<p>Y ese horizonte atarfe\u00f1o al amanecer, con las cumbres de los Morrones calentadas por los primeros rayos de sol resultan inolvidables cuando se disfrutan desde alg\u00fan lugar del ferial de Atarfe, saliendo de una caseta o \u201csentaico\u201d comiendo churros. Bueno, pues ya empezamos a hablar de feria\u2026, y antes de disfrutar del ferial actual o de los otros feriales, ya que ha habido diversas ubicaciones, fuimos adapt\u00e1ndonos a las fiestas seg\u00fan la edad y las circunstancias de cada a\u00f1o.<\/p>\n\n\n\n<p>El pueblo en el final de los a\u00f1os 70 y comienzo de los 80 era tranquilo y los veranos transcurr\u00edan esperando dos fechas se\u00f1aladas\u2026, las fiestas patronales de finales de julio y la feria de principios de septiembre. En esos momentos casi toda la actividad giraba alrededor de la calle Real: diana floreada con gigantes y cabezudos, abriendo calle el Chacarrol, aut\u00e9ntico terror de perros y p\u00e1jaros, con su planilla con dos c\u00e1ncamos para meter las varillas de los cohetes, despu\u00e9s las cuca\u00f1as en la plaza del chicote\u2026, ni\u00f1o no te metas debajo que te van a escalabrar\u2026, banda de m\u00fasica, partidas de ajedrez. A mediod\u00eda, ni moscas en calle que pega el sol de la can\u00edcula, pero al llegar la ca\u00edda de la tarde todo empezaba prepararse. Sillas de Barranco por toda la calle Real haciendo una especie de terraza continua, olor a brasas encendiendo para los pinchos morunos, los columpios en Santa Ana, a los coches de choque NO, que est\u00e1n muy lejos\u2026, paseos por una calle Real abarrotada de vecinos luciendo sus mejores galas, unos cuantos perdigonazos en la caseta de tiro para conseguir chicles como piedras con sabor a plomo\u2026, turrones NO, si es Julio\u2026, ya llegara diciembre. Y entrada la noche, al balc\u00f3n de mi abuela, la Ni\u00f1a\u2026, siempre dispuesta a hacerme un \u201calmuercico\u201d (huevos fritos con longaniza) a la hora que fuera. All\u00ed segu\u00edamos siendo protagonistas, la m\u00fasica del chalet del Ayuntamiento nos llegaba n\u00edtidamente\u2026, nunca entr\u00e9 en ese recinto que era uno de los centros neur\u00e1lgicos de las fiestas. Abren la Trianas, montando su chiringuito en la esquina del Callej\u00f3n del aire\u2026, abuelo otra rueda, \u00e9stas se hacen ricas\u2026, y a la cama, que hay que madrugar para otra diana floreada\u2026<\/p>\n\n\n\n<p>Todo esto nos dice Serrat que son aquellas, peque\u00f1as cosas, que nos dej\u00f3 un tiempo de rosas, en un rinc\u00f3n, en un papel, en un caj\u00f3n. Qu\u00e9 raz\u00f3n tiene\u2026<\/p>\n\n\n\n<p>Y en Julio todo sol\u00eda acabar con la procesi\u00f3n de la patrona, Santa Ana, la Abuela. A pesar de que nos apuntamos r\u00e1pido a cualquier festividad, hay una fecha que resalta en el calendario: el d\u00eda de Santa Ana. Se podr\u00eda decir que no hay otra cosa que nos una m\u00e1s en Atarfe que nuestra Patrona. El pueblo entero se echa a la calle\u2026, Santa Ana despierta emociones en j\u00f3venes y mayores, pura tradici\u00f3n arraigada fuertemente en nuestro pueblo que le canta: Viva Santa, nuestra patrona, que aqu\u00ed en Atarfe tiene su altar\u2026\u201d<\/p>\n\n\n\n<p>Cuando se cerraba el corto cap\u00edtulo patronal\u2026, ya queda menos para septiembre\u2026, y vendr\u00eda nuevamente la fiesta a Atarfe. Pero esto finaliz\u00f3 con la d\u00e9cada de los 80 cuando toda celebraci\u00f3n ferial se unific\u00f3 en Julio. La fiesta fue evolucionando, cambiando ubicaciones, la calle Real empezaba a perder parte del protagonismo que se trasladaba all\u00e1 donde se ubicaba la caseta municipal y las atracciones de feria. En los 90, junto al campo de Futbol se montaban algunas casetas con actividad nocturna, recuerdo la del PCPA con sus Cuba-libres, la de IU y sus pinchitos, y las quasi-discotecas del Yasta, el Coco o el Bolas\u2026, y all\u00ed estuvo tambi\u00e9n \u201cLa m\u00e1s bonica\u201d\u2026, la caseta de \u201clos feos\u201d porque de la mano m\u00eda, mis primos Jorge y Rosa (hijos de la Mari, risue\u00f1a como ella sola y Pepito Santos, genio y figura) y nuestras parejas\u2026, toda la familia hizo pi\u00f1a y all\u00ed estuvo echando una mano, y all\u00ed estuvieron nuestros amigos, con alg\u00fan d\u00eda de tiempo oto\u00f1al con lluvia incluida, los H\u00e9roes del Silencio actuando en el campo de futbol y Cruz y Raya y los K2x3 en la caseta municipal.<\/p>\n\n\n\n<p>Creo que hasta la fecha he hecho de todo en las fiestas de Atarfe, pero en el a\u00f1o 95 se produjo un antes y un despu\u00e9s. Nuestro grupo de amigos, con los que tengo la suerte de seguir compartiendo amistad desde la adolescencia, hab\u00edamos fundado la Asociaci\u00f3n Cultural Atarfe\u00f1a \u201cLa Cuchara de Palo\u201d, y a inicios de Julio, sentados en el Cafet\u00edn alguien dijo: no hay bemoles de montar una caseta en la feria\u2026, y tras el cachondeo inicial aquello se empez\u00f3 a poner serio\u2026, \u00bfy qu\u00e9 nombre le ponemos?\u2026, algo de la Cuchara\u2026, pues la Cucharita\u2026; dos mil duros por barba y a buscar infraestructura, la burocracia antes era menos escabrosa, en el Ayuntamiento encantados\u2026, aqu\u00ed os pod\u00e9is poner enfrente de los coches de choque, a las tapias del nuevo campo de Futbol. A buscar las carpas, los toldos, las luces\u2026, equipo de m\u00fasica con \u201ccachitos de hierro y cromo\u201d, cacharros de cocina\u2026, todo fue saliendo de aqu\u00ed y all\u00ed y ya tenemos nuestra casa montada en la feria\u2026, si nuestra casa porque creo que nos pasamos all\u00ed 20 horas al d\u00eda\u2026, algunos las 24. S\u00faper ambiente nocturno y a mediod\u00eda\u2026los amigos y unos cuantos m\u00e1s\u2026, calor, mucho calor, pero vimos que con agua se arreglaba todo, y que est\u00e1bamos a gusto\u2026, muy a gusto, y otra gente parece que pens\u00f3 parecido\u2026, las noches se juntaban con el d\u00eda, nos hicimos amigos de los feriantes a los que no dej\u00e1bamos descansar\u2026, y Atarfe respondi\u00f3, y sigui\u00f3 respondiendo muchos a\u00f1os y comenz\u00f3 la leyenda de la Cucharita que se convirti\u00f3 en santo y se\u00f1a de nuestra feria y su mediod\u00eda hace ahora 30 a\u00f1os. Desde ese momento, para m\u00ed y mis amigos las fiestas han girado en torno a esta caseta.<\/p>\n\n\n\n<p>Y eso anim\u00f3 a otros y surgieron nuevas iniciativas, all\u00ed, donde las tapias de bloques eran la trasera de la barra\u2026, y en el parque Pink Floyd: Coro Rociero, la caseta del Hueso, Jarrillo de Lata, Asociaci\u00f3n de Comerciantes, La Rejunt\u00e1. Aquello r\u00e1pido qued\u00f3 peque\u00f1o, y todo se traslad\u00f3 a la ubicaci\u00f3n actual, recinto envidiable donde se ha encontrado el mejor de los acomodos, ahora que la arboleda de pl\u00e1tanos proyecta su alargada sombra sobre el albero, el sue\u00f1o de la feria del mediod\u00eda sigue m\u00e1s vivo que nunca\u2026, si no lo hab\u00e9is probado no sab\u00e9is lo que os perd\u00e9is.<\/p>\n\n\n\n<p>La Cucharita es para nosotros \u201cLa esencia de la fiesta\u201d, es compromiso, ilusi\u00f3n, tradici\u00f3n, ambiente, amigos, m\u00fasica, calor, mediod\u00eda, agua, migas, papas con huevos, con choco, con mojo, albero, barro, m\u00e1s calor, un arroz, toros, sandia, cuerva, mojito, microclima, pipirrana, una verde\u2026, sue\u00f1o, churros, Santa Ana\u2026, en fin, maneras de vivir la feria de nuestro pueblo y 30 a\u00f1os con la caseta a cuestas, literalmente\u2026, otras veces nos acogieron, y ahora, que no estaremos ubicados en un sitio concreto, el esp\u00edritu cucharita sigue m\u00e1s vivo que nunca\u2026, gracias a mis amigos por toda una vida compartiendo vivencias dentro y fuera de la feria, dentro y fuera de nuestro pueblo.<\/p>\n\n\n\n<p>Hago m\u00edas las palabras que Jos\u00e9 Prados Osuna escribi\u00f3 para nuestro pueblo en 1973:<\/p>\n\n\n\n<p>Eres t\u00fa, Tal\u00f3n de los Juanes y Ribete de Elvira. Eres t\u00fa, a pedradas del tiempo, a golpes de historia y siglos.<\/p>\n\n\n\n<p>Eres t\u00fa confusa amalgama de hombres y cosas que un d\u00eda juntaron sus destinos y naciste loco de vida a ser hogar y paisaje, recuerdos de ni\u00f1ez y cuentos de libros.<\/p>\n\n\n\n<p>Atarfe\u2026, como no te voy a querer\u2026, si adem\u00e1s de todo lo dicho\u2026, aqu\u00ed conoc\u00ed a Rosa, mi mujer y compa\u00f1era de vida, aqu\u00ed nacieron mis hijos David y Carolina, aqu\u00ed est\u00e1n mis padres, mi hermano Alberto, mi familia\u2026, los que est\u00e1n y los que nos dejaron, sirva tambi\u00e9n este preg\u00f3n como recuerdo a los que se fueron\u2026, aqu\u00ed est\u00e1n mis amigos, los de siempre y otros que han ido surgiendo a lo largo del tiempo\u2026<\/p>\n\n\n\n<p>Parafraseando a Sabina, \u201cCuando la muerte venga a visitarme, no me despiertes d\u00e9jame dormir, aqu\u00ed he vivido y aqu\u00ed quiero quedarme, pongamos que hablo de\u2026 Atarfe\u201d,<\/p>\n\n\n\n<p>Disfrutad de estos d\u00edas de fiesta, aprovechad las actividades programadas y sed protagonistas de ellas, en la calle Real, en nuestros parques, en el Paseo de Santa Ana, en el recinto ferial, en el Coliseo, en el Polideportivo o en los bares del centro\u2026, es lo que nos llevaremos\u2026<\/p>\n\n\n\n<p>Viva Santa Ana y viva Atarfe<\/p>\n\n\n\n<p>Salud, felicidad y vamos con las fiestas\u2026&gt;&gt;<\/p>\n\n\n\n<p>Gacetilla y curiosidades elvirenses.<\/p>\n","protected":false},"excerpt":{"rendered":"<p>Agradecido y abrumado por el reconocimiento p\u00fablico realizado desde el balc\u00f3n de la Casa Consistorial&#8230;<\/p>\n","protected":false},"author":1,"featured_media":78380,"comment_status":"closed","ping_status":"closed","sticky":false,"template":"","format":"standard","meta":{"_coblocks_attr":"","_coblocks_dimensions":"","_coblocks_responsive_height":"","_coblocks_accordion_ie_support":"","jetpack_post_was_ever_published":false,"_jetpack_newsletter_access":"","_jetpack_dont_email_post_to_subs":false,"_jetpack_newsletter_tier_id":0,"_jetpack_memberships_contains_paywalled_content":false,"_jetpack_memberships_contains_paid_content":false,"footnotes":"","jetpack_publicize_message":"","jetpack_publicize_feature_enabled":true,"jetpack_social_post_already_shared":true,"jetpack_social_options":{"image_generator_settings":{"template":"highway","default_image_id":0,"enabled":false},"version":2}},"categories":[12,6916,1161,38,44],"tags":[],"class_list":["post-78379","post","type-post","status-publish","format-standard","has-post-thumbnail","hentry","category-cultura","category-ayuntamiento-de-atarfe","category-ciudadania","category-opinion-de-jose-enrique-granados","category-noticias-de-hoy"],"jetpack_publicize_connections":[],"jetpack_featured_media_url":"https:\/\/i0.wp.com\/miradordeatarfe.es\/wp-content\/uploads\/2025\/08\/Screenshot-2025-08-08-at-10-38-23-Feria-de-Atarfe-2025-9-Ayuntamiento-de-Atarfe-Flickr.png?fit=541%2C543&ssl=1","jetpack_likes_enabled":true,"jetpack_sharing_enabled":true,"_links":{"self":[{"href":"https:\/\/miradordeatarfe.es\/index.php?rest_route=\/wp\/v2\/posts\/78379","targetHints":{"allow":["GET"]}}],"collection":[{"href":"https:\/\/miradordeatarfe.es\/index.php?rest_route=\/wp\/v2\/posts"}],"about":[{"href":"https:\/\/miradordeatarfe.es\/index.php?rest_route=\/wp\/v2\/types\/post"}],"author":[{"embeddable":true,"href":"https:\/\/miradordeatarfe.es\/index.php?rest_route=\/wp\/v2\/users\/1"}],"replies":[{"embeddable":true,"href":"https:\/\/miradordeatarfe.es\/index.php?rest_route=%2Fwp%2Fv2%2Fcomments&post=78379"}],"version-history":[{"count":1,"href":"https:\/\/miradordeatarfe.es\/index.php?rest_route=\/wp\/v2\/posts\/78379\/revisions"}],"predecessor-version":[{"id":78381,"href":"https:\/\/miradordeatarfe.es\/index.php?rest_route=\/wp\/v2\/posts\/78379\/revisions\/78381"}],"wp:featuredmedia":[{"embeddable":true,"href":"https:\/\/miradordeatarfe.es\/index.php?rest_route=\/wp\/v2\/media\/78380"}],"wp:attachment":[{"href":"https:\/\/miradordeatarfe.es\/index.php?rest_route=%2Fwp%2Fv2%2Fmedia&parent=78379"}],"wp:term":[{"taxonomy":"category","embeddable":true,"href":"https:\/\/miradordeatarfe.es\/index.php?rest_route=%2Fwp%2Fv2%2Fcategories&post=78379"},{"taxonomy":"post_tag","embeddable":true,"href":"https:\/\/miradordeatarfe.es\/index.php?rest_route=%2Fwp%2Fv2%2Ftags&post=78379"}],"curies":[{"name":"wp","href":"https:\/\/api.w.org\/{rel}","templated":true}]}}