{"id":78382,"date":"2025-08-08T08:39:00","date_gmt":"2025-08-08T06:39:00","guid":{"rendered":"https:\/\/miradordeatarfe.es\/?p=78382"},"modified":"2025-08-08T10:47:06","modified_gmt":"2025-08-08T08:47:06","slug":"javier-aguilera-y-su-bar-el-cafetin","status":"publish","type":"post","link":"https:\/\/miradordeatarfe.es\/?p=78382","title":{"rendered":"Javier Aguilera y su bar el Cafet\u00edn"},"content":{"rendered":"\n<p class=\"has-medium-font-size\"><strong>Llegan a su fin 35 a\u00f1os compartiendo momentos, historias y sonrisas<\/strong><\/p>\n\n\n\n<p>Atarfe despide a uno de sus bares m\u00e1s emblem\u00e1ticos: El Cafet\u00edn cierra sus puertas tras 35 a\u00f1os de vida.<\/p>\n\n\n\n<p>Bajo la atenta mirada, cuidado y mimo de Javier Aguilera P\u00e9rez, este rinc\u00f3n ha sido punto de encuentro de familias, amigos y generaciones enteras, testigo de charlas interminables, celebraciones y momentos que quedar\u00e1n en la memoria de nuestro pueblo.<\/p>\n\n\n\n<p>En este momento tan especial, la Alcaldesa Yolanda Fern\u00e1ndez y el Concejal Francisco Javier P\u00e9rez han querido acompa\u00f1ar a Javier para transmitirle, en nombre de todo Atarfe, nuestro m\u00e1s profundo agradecimiento por su dedicaci\u00f3n y por habernos regalado un espacio donde siempre nos hemos sentido como en casa.<\/p>\n\n\n\n<p>Javier, te deseamos toda la suerte del mundo en la nueva etapa que comienzas.<\/p>\n\n\n\n<p>El Cafet\u00edn cierra una etapa bajo la direcci\u00f3n de Javier, pero su huella permanecer\u00e1 para siempre en la historia y en el coraz\u00f3n de Atarfe. Con su traspaso, muy pronto una nueva familia continuar\u00e1 su legado, abriendo de nuevo sus puertas para seguir siendo un punto de encuentro en nuestro pueblo.<\/p>\n\n\n\n<p>\u00a1Gracias Javier, por cada momento y tantos a\u00f1os de dedicaci\u00f3n!&nbsp;<\/p>\n","protected":false},"excerpt":{"rendered":"<p>Llegan a su fin 35 a\u00f1os compartiendo momentos, historias y sonrisas Atarfe despide a uno&#8230;<\/p>\n","protected":false},"author":1,"featured_media":78384,"comment_status":"closed","ping_status":"closed","sticky":false,"template":"","format":"standard","meta":{"_coblocks_attr":"","_coblocks_dimensions":"","_coblocks_responsive_height":"","_coblocks_accordion_ie_support":"","jetpack_post_was_ever_published":false,"_jetpack_newsletter_access":"","_jetpack_dont_email_post_to_subs":false,"_jetpack_newsletter_tier_id":0,"_jetpack_memberships_contains_paywalled_content":false,"_jetpack_memberships_contains_paid_content":false,"footnotes":"","jetpack_publicize_message":"","jetpack_publicize_feature_enabled":true,"jetpack_social_post_already_shared":true,"jetpack_social_options":{"image_generator_settings":{"template":"highway","default_image_id":0,"enabled":false},"version":2}},"categories":[2,1161,186,44,6539],"tags":[],"class_list":["post-78382","post","type-post","status-publish","format-standard","has-post-thumbnail","hentry","category-atarfe","category-ciudadania","category-instituciones","category-noticias-de-hoy","category-personajes-de-ataref"],"jetpack_publicize_connections":[],"jetpack_featured_media_url":"https:\/\/i0.wp.com\/miradordeatarfe.es\/wp-content\/uploads\/2025\/08\/despedida-cafetin.jpg?fit=600%2C750&ssl=1","jetpack_likes_enabled":true,"jetpack_sharing_enabled":true,"_links":{"self":[{"href":"https:\/\/miradordeatarfe.es\/index.php?rest_route=\/wp\/v2\/posts\/78382","targetHints":{"allow":["GET"]}}],"collection":[{"href":"https:\/\/miradordeatarfe.es\/index.php?rest_route=\/wp\/v2\/posts"}],"about":[{"href":"https:\/\/miradordeatarfe.es\/index.php?rest_route=\/wp\/v2\/types\/post"}],"author":[{"embeddable":true,"href":"https:\/\/miradordeatarfe.es\/index.php?rest_route=\/wp\/v2\/users\/1"}],"replies":[{"embeddable":true,"href":"https:\/\/miradordeatarfe.es\/index.php?rest_route=%2Fwp%2Fv2%2Fcomments&post=78382"}],"version-history":[{"count":1,"href":"https:\/\/miradordeatarfe.es\/index.php?rest_route=\/wp\/v2\/posts\/78382\/revisions"}],"predecessor-version":[{"id":78383,"href":"https:\/\/miradordeatarfe.es\/index.php?rest_route=\/wp\/v2\/posts\/78382\/revisions\/78383"}],"wp:featuredmedia":[{"embeddable":true,"href":"https:\/\/miradordeatarfe.es\/index.php?rest_route=\/wp\/v2\/media\/78384"}],"wp:attachment":[{"href":"https:\/\/miradordeatarfe.es\/index.php?rest_route=%2Fwp%2Fv2%2Fmedia&parent=78382"}],"wp:term":[{"taxonomy":"category","embeddable":true,"href":"https:\/\/miradordeatarfe.es\/index.php?rest_route=%2Fwp%2Fv2%2Fcategories&post=78382"},{"taxonomy":"post_tag","embeddable":true,"href":"https:\/\/miradordeatarfe.es\/index.php?rest_route=%2Fwp%2Fv2%2Ftags&post=78382"}],"curies":[{"name":"wp","href":"https:\/\/api.w.org\/{rel}","templated":true}]}}