{"id":78385,"date":"2025-08-13T10:02:02","date_gmt":"2025-08-13T08:02:02","guid":{"rendered":"https:\/\/miradordeatarfe.es\/?p=78385"},"modified":"2025-08-27T12:54:38","modified_gmt":"2025-08-27T10:54:38","slug":"candil-por-los-pasillos-por-juan-de-dios-villanueva-roa","status":"publish","type":"post","link":"https:\/\/miradordeatarfe.es\/?p=78385","title":{"rendered":"\u00abCandil por los pasillos\u00bb por Juan de Dios Villanueva Roa"},"content":{"rendered":"\n<p>Mientras quienes han de destinar fondos suficientes para que los mayores mantengan su dignidad no lo hagan no habremos avanzado nada en una sociedad cada vez m\u00e1s alejada de la realidad de la ciudadan\u00eda, cada vez m\u00e1s robotizada con unos cuantos que se creen luci\u00e9rnagas del futuro, sin contemplar que el presente es el que se vive y por el que tambi\u00e9n hay que apostar. <\/p>\n\n\n\n<p>Ah\u00ed, en ese saco, metemos a la banca, ese poder social y econ\u00f3mico que ha decidido digitalizarlo casi todo, dejando a los pies de los caballos a la mayor\u00eda de la poblaci\u00f3n que no pertenece al mundo cibern\u00e9tico, siendo los clientes m\u00e1s leales y que menos problemas dan \u2013ser\u00e1 por eso por lo que abusan de ellos\u2013; las administraciones p\u00fablicas est\u00e1n al servicio de los votantes, sin considerar tampoco que hay una poblaci\u00f3n dependiente que no puede acceder a los nuevos sistemas de administrar que, desde esas mentes llenas de luces, han quedado deslumbradas por su falta de empat\u00eda y conocimiento de una realidad que apartan, por legislar desde la ignorancia o desde la mala fe. <\/p>\n\n\n\n<p>Y despu\u00e9s est\u00e1n las propias familias, que no tienen nada que ver con las de hace cuarenta o cincuenta a\u00f1os, en las que los mayores eran parte fundamental, pilares b\u00e1sicos sobre los que se sosten\u00edan las decisiones y la econom\u00eda, con los que habitaban y se dejaban asesorar porque entend\u00edan que el ma\u00f1ana es una intersecci\u00f3n del presente y el pasado. Hoy desconocen la realidad de lo que es convivir con un abuelo, y si pueden los apartan, acudiendo con frecuencia cuando es menester a su ayuda econ\u00f3mica o incluso de servicio dom\u00e9stico. Seguiremos.<\/p>\n\n\n\n<p>FOTO: RTVE<\/p>\n\n\n\n<p><a href=\"https:\/\/www.ideal.es\/opinion\/juan-de-dios-villanueva-roa-candil-pasillos-20250813221430-nt.html\">https:\/\/www.ideal.es\/opinion\/juan-de-dios-villanueva-roa-candil-pasillos-20250813221430-nt.html<\/a><\/p>\n","protected":false},"excerpt":{"rendered":"<p>Mientras quienes han de destinar fondos suficientes para que los mayores mantengan su dignidad no&#8230;<\/p>\n","protected":false},"author":1,"featured_media":78386,"comment_status":"closed","ping_status":"closed","sticky":false,"template":"","format":"standard","meta":{"_coblocks_attr":"","_coblocks_dimensions":"","_coblocks_responsive_height":"","_coblocks_accordion_ie_support":"","jetpack_post_was_ever_published":false,"_jetpack_newsletter_access":"","_jetpack_dont_email_post_to_subs":false,"_jetpack_newsletter_tier_id":0,"_jetpack_memberships_contains_paywalled_content":false,"_jetpack_memberships_contains_paid_content":false,"footnotes":"","jetpack_publicize_message":"","jetpack_publicize_feature_enabled":true,"jetpack_social_post_already_shared":true,"jetpack_social_options":{"image_generator_settings":{"template":"highway","default_image_id":0,"enabled":false},"version":2}},"categories":[1161,9772,44,6920],"tags":[],"class_list":["post-78385","post","type-post","status-publish","format-standard","has-post-thumbnail","hentry","category-ciudadania","category-opinion-de-juan-de-dios-villanueva","category-noticias-de-hoy","category-tecnologia"],"jetpack_publicize_connections":[],"jetpack_featured_media_url":"https:\/\/i0.wp.com\/miradordeatarfe.es\/wp-content\/uploads\/2025\/08\/mayores.jpeg?fit=300%2C168&ssl=1","jetpack_likes_enabled":true,"jetpack_sharing_enabled":true,"_links":{"self":[{"href":"https:\/\/miradordeatarfe.es\/index.php?rest_route=\/wp\/v2\/posts\/78385","targetHints":{"allow":["GET"]}}],"collection":[{"href":"https:\/\/miradordeatarfe.es\/index.php?rest_route=\/wp\/v2\/posts"}],"about":[{"href":"https:\/\/miradordeatarfe.es\/index.php?rest_route=\/wp\/v2\/types\/post"}],"author":[{"embeddable":true,"href":"https:\/\/miradordeatarfe.es\/index.php?rest_route=\/wp\/v2\/users\/1"}],"replies":[{"embeddable":true,"href":"https:\/\/miradordeatarfe.es\/index.php?rest_route=%2Fwp%2Fv2%2Fcomments&post=78385"}],"version-history":[{"count":2,"href":"https:\/\/miradordeatarfe.es\/index.php?rest_route=\/wp\/v2\/posts\/78385\/revisions"}],"predecessor-version":[{"id":78389,"href":"https:\/\/miradordeatarfe.es\/index.php?rest_route=\/wp\/v2\/posts\/78385\/revisions\/78389"}],"wp:featuredmedia":[{"embeddable":true,"href":"https:\/\/miradordeatarfe.es\/index.php?rest_route=\/wp\/v2\/media\/78386"}],"wp:attachment":[{"href":"https:\/\/miradordeatarfe.es\/index.php?rest_route=%2Fwp%2Fv2%2Fmedia&parent=78385"}],"wp:term":[{"taxonomy":"category","embeddable":true,"href":"https:\/\/miradordeatarfe.es\/index.php?rest_route=%2Fwp%2Fv2%2Fcategories&post=78385"},{"taxonomy":"post_tag","embeddable":true,"href":"https:\/\/miradordeatarfe.es\/index.php?rest_route=%2Fwp%2Fv2%2Ftags&post=78385"}],"curies":[{"name":"wp","href":"https:\/\/api.w.org\/{rel}","templated":true}]}}