{"id":78390,"date":"2025-08-13T09:22:00","date_gmt":"2025-08-13T07:22:00","guid":{"rendered":"https:\/\/miradordeatarfe.es\/?p=78390"},"modified":"2025-08-13T10:23:27","modified_gmt":"2025-08-13T08:23:27","slug":"atarfe-la-barberia-baja-la-persiana-tras-78-anos-abierta-en-atarfe","status":"publish","type":"post","link":"https:\/\/miradordeatarfe.es\/?p=78390","title":{"rendered":"ATARFE: &#8216;La Barber\u00eda&#8217; baja la persiana tras 78 a\u00f1os abierta en Atarfe"},"content":{"rendered":"\n<p><strong>El abuelo de Sergio Granados, propietario del local hasta su cierre el pasado jueves, regentaba una barber\u00eda, al mismo tiempo que ejerc\u00eda de corresponsal de IDEAL por todo el municipio<\/strong><\/p><p class=\"v-p\">Es viernes a las doce y media de la tarde. Sergio Granados espera en las puertas ya empapeladas de su negocio. Con gran tristeza en la cara est\u00e1 dispuesto a contar la historia de la tienda m\u00e1s  m\u00edtica de su pueblo, Atarfe. Las cajas llenas de revistas no vendidas y estanter\u00edas medio vac\u00edas llenan las paredes y suelos del establecimiento. Este pasado jueves 31 de julio &#8216;La Barber\u00eda&#8217; abri\u00f3 por \u00faltima vez. Con 78 a\u00f1os de historia detr\u00e1s, dec\u00eda adi\u00f3s a su clientela.<\/p><div id=\"jw-ms485485\" style=\"\"><\/div>Su nombre da una breve pincelada de la historia del comercio. Todo comenz\u00f3 en la d\u00e9cada de los 40, cuando el abuelo de Sergio, Jos\u00e9 Granados, quien ten\u00eda una barber\u00eda en la esquina del ayuntamiento del municipio, empez\u00f3 a ser corresponsal del peri\u00f3dico IDEAL. De esta forma, junto a su trabajo, repart\u00eda los peri\u00f3dicos a las casas de todo el pueblo. Con su fallecimiento, la empresa la hered\u00f3 su hijo, Arsenio Granados, quien en 1978 la traspas\u00f3 al lugar donde hasta esta semana se encontraba, en la calle Avenida de Andaluc\u00eda 56. \u00c9l ampli\u00f3 el repertorio de peri\u00f3dicos y revistas que vend\u00edan, Tras contraer una enfermedad que le impidi\u00f3 seguir ejerciendo su labor, su mujer y madre de Sergio continu\u00f3 con el legado familiar. Esto provoc\u00f3 que la peluquer\u00eda para caballeros cerrara, pero no la venta de peri\u00f3dicos.\n\n\n\n<p>Desde hac\u00eda 15 a\u00f1os, Sergio se encontraba en uno de los locales m\u00e1s emblem\u00e1ticos de Atarfe. All\u00ed, con la venta diaria de sus peri\u00f3dicos y revistas, ha visto crecer a muchos jovenes que entraban a comprar, de la misma forma que los m\u00e1s mayores del pueblo lo vieron a \u00e9l.  <\/p>\n\n\n\n<figure class=\"wp-block-image size-large\"><img data-recalc-dims=\"1\" loading=\"lazy\" decoding=\"async\" width=\"640\" height=\"480\" src=\"https:\/\/i0.wp.com\/miradordeatarfe.es\/wp-content\/uploads\/2025\/08\/la-2.jpeg?resize=640%2C480&#038;ssl=1\" alt=\"\" class=\"wp-image-78391\" srcset=\"https:\/\/i0.wp.com\/miradordeatarfe.es\/wp-content\/uploads\/2025\/08\/la-2.jpeg?resize=1024%2C768&amp;ssl=1 1024w, https:\/\/i0.wp.com\/miradordeatarfe.es\/wp-content\/uploads\/2025\/08\/la-2.jpeg?resize=300%2C225&amp;ssl=1 300w, https:\/\/i0.wp.com\/miradordeatarfe.es\/wp-content\/uploads\/2025\/08\/la-2.jpeg?resize=768%2C576&amp;ssl=1 768w, https:\/\/i0.wp.com\/miradordeatarfe.es\/wp-content\/uploads\/2025\/08\/la-2.jpeg?resize=1536%2C1152&amp;ssl=1 1536w, https:\/\/i0.wp.com\/miradordeatarfe.es\/wp-content\/uploads\/2025\/08\/la-2.jpeg?resize=1320%2C990&amp;ssl=1 1320w, https:\/\/i0.wp.com\/miradordeatarfe.es\/wp-content\/uploads\/2025\/08\/la-2.jpeg?w=1600&amp;ssl=1 1600w\" sizes=\"auto, (max-width: 640px) 100vw, 640px\" \/><\/figure>\n\n\n\n<p class=\"has-small-font-size\">Interior de &#8216;La Barber\u00eda&#8217;.<\/p>\n\n\n\n<p>Sin embargo, el paso del tiempo ha provocado su inevitable cierre, algo que lleva retrasando desde la pandemia, pero que ya no ha podido seguir posponiendo. \u00abAbrir las puertas de mi negocio me costaba el dinero\u00bb, afirma el due\u00f1o con tristeza.<\/p>\n\n\n\n<p>A sus 55 a\u00f1os no sabe que ser\u00e1 de \u00e9l ni de su hasta ahora negocio familiar. Lo que s\u00ed admite es que se merece \u00abunas vacaciones\u00bb, algo que pocas veces ha podido tener \u00abya que las noticias nunca cesan y el peri\u00f3dico tiene que llegar a todos los hogares de sus suscriptores\u00bb. En cuanto al local, su idea es venderlo \u00aba alguien que pueda darle una nueva vida tan larga\u00bb como se la dieron sus due\u00f1os anteriores.<\/p>\n\n\n\n<p>\u00abRecuerdo aquel lugar al que muchos llegaban para coger y leer un peri\u00f3dico del mont\u00f3n que se dispon\u00eda sobre la mesa, mientras se comentaban las noticias. Los compradores al entrar y saludar depositaban el precio del peri\u00f3dico sobre esta mesa a la par que retiraban un ejemplar. Nunca falt\u00f3 un peri\u00f3dico que no fuera abonado. Al final de la ma\u00f1ana, cuadraban las cuentas. Eran quiz\u00e1s otros momentos&#8230; Poco queda de aquellos servicios que se ofrec\u00edan en el establecimiento pionero que vend\u00eda prensa en Atarfe\u00bb, cuenta Jos\u00e9 Enrique Granados, hermano de Sergio y escritor de &#8216;Gacetilla y curiosidades elvirenses&#8217;, una cuenta de Facebook que relata curiosidades y la historia del municipio granadino.<\/p>\n\n\n\n<p>Tanto la familia Granados como los habitantes de Atarfe que desde siempre han visto este negocio en las calles de su pueblo, miran con ojos tristes el cierre de la tienda que, desde ahora, \u00fanicamente quedar\u00e1 en la memoria de los lugare\u00f1os.<\/p>\n\n\n\n<p><strong>Esther Guerrero<\/strong><\/p>\n\n\n\n<p>FOTOS.: Sergio Granados y su local \u00abLa Barber\u00eda\u00bb Ideal<\/p>\n\n\n\n<p><a href=\"https:\/\/www.ideal.es\/granada\/barberia-baja-persiana-tras-anos-abierta-atarfe-20250802232823-nt.html\">https:\/\/www.ideal.es\/granada\/barberia-baja-persiana-tras-anos-abierta-atarfe-20250802232823-nt.html<\/a><\/p>\n","protected":false},"excerpt":{"rendered":"<p>El abuelo de Sergio Granados, propietario del local hasta su cierre el pasado jueves, regentaba&#8230;<\/p>\n","protected":false},"author":1,"featured_media":78392,"comment_status":"closed","ping_status":"closed","sticky":false,"template":"","format":"standard","meta":{"_coblocks_attr":"","_coblocks_dimensions":"","_coblocks_responsive_height":"","_coblocks_accordion_ie_support":"","jetpack_post_was_ever_published":false,"_jetpack_newsletter_access":"","_jetpack_dont_email_post_to_subs":false,"_jetpack_newsletter_tier_id":0,"_jetpack_memberships_contains_paywalled_content":false,"_jetpack_memberships_contains_paid_content":false,"footnotes":"","jetpack_publicize_message":"","jetpack_publicize_feature_enabled":true,"jetpack_social_post_already_shared":true,"jetpack_social_options":{"image_generator_settings":{"template":"highway","default_image_id":0,"enabled":false},"version":2}},"categories":[2,1161,186,44,6539,6937],"tags":[],"class_list":["post-78390","post","type-post","status-publish","format-standard","has-post-thumbnail","hentry","category-atarfe","category-ciudadania","category-instituciones","category-noticias-de-hoy","category-personajes-de-ataref","category-sociedad"],"jetpack_publicize_connections":[],"jetpack_featured_media_url":"https:\/\/i0.wp.com\/miradordeatarfe.es\/wp-content\/uploads\/2025\/08\/fachada-barberia-kLMD-U2302538451405WFE-1200x840%40Ideal.webp?fit=1200%2C840&ssl=1","jetpack_likes_enabled":true,"jetpack_sharing_enabled":true,"_links":{"self":[{"href":"https:\/\/miradordeatarfe.es\/index.php?rest_route=\/wp\/v2\/posts\/78390","targetHints":{"allow":["GET"]}}],"collection":[{"href":"https:\/\/miradordeatarfe.es\/index.php?rest_route=\/wp\/v2\/posts"}],"about":[{"href":"https:\/\/miradordeatarfe.es\/index.php?rest_route=\/wp\/v2\/types\/post"}],"author":[{"embeddable":true,"href":"https:\/\/miradordeatarfe.es\/index.php?rest_route=\/wp\/v2\/users\/1"}],"replies":[{"embeddable":true,"href":"https:\/\/miradordeatarfe.es\/index.php?rest_route=%2Fwp%2Fv2%2Fcomments&post=78390"}],"version-history":[{"count":2,"href":"https:\/\/miradordeatarfe.es\/index.php?rest_route=\/wp\/v2\/posts\/78390\/revisions"}],"predecessor-version":[{"id":78394,"href":"https:\/\/miradordeatarfe.es\/index.php?rest_route=\/wp\/v2\/posts\/78390\/revisions\/78394"}],"wp:featuredmedia":[{"embeddable":true,"href":"https:\/\/miradordeatarfe.es\/index.php?rest_route=\/wp\/v2\/media\/78392"}],"wp:attachment":[{"href":"https:\/\/miradordeatarfe.es\/index.php?rest_route=%2Fwp%2Fv2%2Fmedia&parent=78390"}],"wp:term":[{"taxonomy":"category","embeddable":true,"href":"https:\/\/miradordeatarfe.es\/index.php?rest_route=%2Fwp%2Fv2%2Fcategories&post=78390"},{"taxonomy":"post_tag","embeddable":true,"href":"https:\/\/miradordeatarfe.es\/index.php?rest_route=%2Fwp%2Fv2%2Ftags&post=78390"}],"curies":[{"name":"wp","href":"https:\/\/api.w.org\/{rel}","templated":true}]}}