{"id":78396,"date":"2025-08-16T10:19:07","date_gmt":"2025-08-16T08:19:07","guid":{"rendered":"https:\/\/miradordeatarfe.es\/?p=78396"},"modified":"2025-08-27T12:54:21","modified_gmt":"2025-08-27T10:54:21","slug":"de-la-indiferencia-al-odio-por-alberto-granados","status":"publish","type":"post","link":"https:\/\/miradordeatarfe.es\/?p=78396","title":{"rendered":"\u00abDe la indiferencia al odio\u00bb por Alberto Granados"},"content":{"rendered":"\n<h1 class=\"wp-block-heading has-medium-font-size\">La emigraci\u00f3n vuelve a dejarnos un testimonio gr\u00e1fico: el v\u00eddeo que alguien subi\u00f3 a las redes en el que se ve un atropellado desembarco de migrantes en la playa de Castel de Ferro<\/h1>\n\n\n\n<p>En el a\u00f1o 2000 el fot\u00f3grafo Javier Bauluz fotografi\u00f3 a una pareja de ba\u00f1istas bajo una sombrilla en la playa de Tarifa. \u00c9l y ella, con sus pertrechos playeros en primera l\u00ednea, como si fuera un d\u00eda normal. Pero no lo era: a escasos metros, tendido sobre la arena, yac\u00eda el cad\u00e1ver de un subsahariano que el mar hab\u00eda devuelto a la arena. La fotograf\u00eda, ganadora del Pulitzer 2000, pon\u00eda de manifiesto la indiferencia de los j\u00f3venes ante la tragedia. Parec\u00edan dispuestos a que nada les estropease el d\u00eda de playa, ni siquiera la proximidad de la muerte.<\/p>\n\n\n\n<p>Veinticinco a\u00f1os despu\u00e9s, la emigraci\u00f3n vuelve a dejarnos un testimonio gr\u00e1fico: el v\u00eddeo que alguien subi\u00f3 a las redes en el que se ve un atropellado desembarco de migrantes en la playa de Castel de Ferro. Los chavales saltan al agua a la desesperada, entre los cientos de ba\u00f1istas de un fin de semana de agosto. Solo unas horas despu\u00e9s me llegaron nuevas im\u00e1genes, esta vez a trav\u00e9s de la prensa on line y las redes: algunos ba\u00f1istas de la pac\u00edfica playa, tal vez imbuidos por el torrepachequismo persiguen, derriban e inmovilizan a los migrantes. No se ve que nadie les ofreciera un botell\u00edn de agua, pero inmovilizarlos s\u00ed resultaba c\u00f3modo y f\u00e1cil.<\/p>\n\n\n\n<p>En el telediario he visto a un se\u00f1or que, muy ufano, se jacta de haber colaborado en la haza\u00f1a de entregar a la Guardia Civil a los peligrosos invasores. Usa el verbo colaborar y me recuerda a aquellos funcionarios celosos del franquismo que nos pon\u00edan mil trabas en los tr\u00e1mites solicitados y lo hac\u00edan con el aire de estar haciendo una labor ejemplar. Eran los funcionarios pelotilleros y rastreros, capaces de vender a cualquiera sin demasiadas exigencias morales: tocaba ponerse a lado de la ley, aunque esta fuera injusta, y dejaban muy claro que lo hac\u00edan, como este improvisado colaborador que se prest\u00f3 a formar parte de una jaur\u00eda de fascistas que, tal vez, incurrieron en el delito de retenci\u00f3n ilegal, sabiendo que nadie va a considerar delito su patri\u00f3tica haza\u00f1a. Me dan m\u00e1s l\u00e1stima que los migrantes, cuyos sue\u00f1os quedaron frustrados a pesar de haber corrido un peligro y haber pasado por mil calamidades en su traves\u00eda.<\/p>\n\n\n\n<p>Para ser justo, he de considerar a los ba\u00f1istas que les ped\u00edan a los leales patriotas que dejaran en paz a los chavales, a lo que no accedieron los henchidos h\u00e9roes, que tal vez pensaban en convertirse en los protagonistas de la playa. Y vaya si lo hicieron: protagonistas de la falta de humanidad, de pr\u00e1cticas de mat\u00f3n frente a los d\u00e9biles y de seguir los dictados xen\u00f3fobos que anda repartiendo Vox continuamente y que, seg\u00fan las encuestas, parece que les resultan prometedoras.<\/p>\n\n\n\n<p>Desde la foto de Bauluz, han pasado 25 a\u00f1os, en los que la extrema derecha ha entrado en las instituciones y, sobre todo, ha modificado una forma de pensar generalizada en nuestra sociedad, que ahora considera un peligro real la presencia de estos chavales. Esta corriente de conservadurismo nos ha hecho cambiar la indiferencia de aquella pareja que fotografi\u00f3 Bauluz por el odio de los patriotas de las nuevas im\u00e1genes, la prevenci\u00f3n por la retenci\u00f3n ilegal, el humanismo por el salvajismo desatado. Se ve que vamos progresando.<\/p>\n\n\n\n<p>foto: A\u00f1o 2000. Tarifa, C\u00e1diz, Espa\u00f1a. Una pareja de ba\u00f1istas bajo una sombrilla frente al cad\u00e1ver de una persona migrante subsahariana ahogada tras naufragar su patera. JAVIER BAULUZ<\/p>\n","protected":false},"excerpt":{"rendered":"<p>La emigraci\u00f3n vuelve a dejarnos un testimonio gr\u00e1fico: el v\u00eddeo que alguien subi\u00f3 a las&#8230;<\/p>\n","protected":false},"author":1,"featured_media":78397,"comment_status":"closed","ping_status":"closed","sticky":false,"template":"","format":"standard","meta":{"_coblocks_attr":"","_coblocks_dimensions":"","_coblocks_responsive_height":"","_coblocks_accordion_ie_support":"","jetpack_post_was_ever_published":false,"_jetpack_newsletter_access":"","_jetpack_dont_email_post_to_subs":false,"_jetpack_newsletter_tier_id":0,"_jetpack_memberships_contains_paywalled_content":false,"_jetpack_memberships_contains_paid_content":false,"footnotes":"","jetpack_publicize_message":"","jetpack_publicize_feature_enabled":true,"jetpack_social_post_already_shared":true,"jetpack_social_options":{"image_generator_settings":{"template":"highway","default_image_id":0,"enabled":false},"version":2}},"categories":[39,1161,44,6937],"tags":[],"class_list":["post-78396","post","type-post","status-publish","format-standard","has-post-thumbnail","hentry","category-opinion-de-alberto-granados","category-ciudadania","category-noticias-de-hoy","category-sociedad"],"jetpack_publicize_connections":[],"jetpack_featured_media_url":"https:\/\/i0.wp.com\/miradordeatarfe.es\/wp-content\/uploads\/2025\/08\/tuitbauluz.jpg?fit=800%2C418&ssl=1","jetpack_likes_enabled":true,"jetpack_sharing_enabled":true,"_links":{"self":[{"href":"https:\/\/miradordeatarfe.es\/index.php?rest_route=\/wp\/v2\/posts\/78396","targetHints":{"allow":["GET"]}}],"collection":[{"href":"https:\/\/miradordeatarfe.es\/index.php?rest_route=\/wp\/v2\/posts"}],"about":[{"href":"https:\/\/miradordeatarfe.es\/index.php?rest_route=\/wp\/v2\/types\/post"}],"author":[{"embeddable":true,"href":"https:\/\/miradordeatarfe.es\/index.php?rest_route=\/wp\/v2\/users\/1"}],"replies":[{"embeddable":true,"href":"https:\/\/miradordeatarfe.es\/index.php?rest_route=%2Fwp%2Fv2%2Fcomments&post=78396"}],"version-history":[{"count":1,"href":"https:\/\/miradordeatarfe.es\/index.php?rest_route=\/wp\/v2\/posts\/78396\/revisions"}],"predecessor-version":[{"id":78398,"href":"https:\/\/miradordeatarfe.es\/index.php?rest_route=\/wp\/v2\/posts\/78396\/revisions\/78398"}],"wp:featuredmedia":[{"embeddable":true,"href":"https:\/\/miradordeatarfe.es\/index.php?rest_route=\/wp\/v2\/media\/78397"}],"wp:attachment":[{"href":"https:\/\/miradordeatarfe.es\/index.php?rest_route=%2Fwp%2Fv2%2Fmedia&parent=78396"}],"wp:term":[{"taxonomy":"category","embeddable":true,"href":"https:\/\/miradordeatarfe.es\/index.php?rest_route=%2Fwp%2Fv2%2Fcategories&post=78396"},{"taxonomy":"post_tag","embeddable":true,"href":"https:\/\/miradordeatarfe.es\/index.php?rest_route=%2Fwp%2Fv2%2Ftags&post=78396"}],"curies":[{"name":"wp","href":"https:\/\/api.w.org\/{rel}","templated":true}]}}