{"id":78399,"date":"2025-08-22T11:33:02","date_gmt":"2025-08-22T09:33:02","guid":{"rendered":"https:\/\/miradordeatarfe.es\/?p=78399"},"modified":"2025-08-27T12:54:03","modified_gmt":"2025-08-27T10:54:03","slug":"candiles-y-candilejas-por-juan-de-dios-villanueva-roa","status":"publish","type":"post","link":"https:\/\/miradordeatarfe.es\/?p=78399","title":{"rendered":"\u00abCandiles y candilejas\u00bb por Juan de Dios Villanueva Roa"},"content":{"rendered":"\n<p class=\"has-medium-font-size\"><strong>Seguimos en este agosto con la dependencia y la parca atenci\u00f3n que desde el<br \/>gobierno andaluz se le est\u00e1 llevando a cabo<\/strong>. <\/p>\n\n\n\n<p>Hay que vivirla, que tenerla dentro para comprender lo fundamental que puede ser en la mayor\u00eda de los casos.<br \/>Los cuidados y atenci\u00f3n a nuestros mayores han sufrido uno de los cambios m\u00e1s importantes en la sociedad actual en relaci\u00f3n con costumbres de hace algunas d\u00e9cadas. Hoy ser mayor puede significar estar abocado a la soledad, a la desprotecci\u00f3n y a una situaci\u00f3n de la que la mayor\u00eda no se queja porque no quiere molestar a la familia. Bien al contrario, llegando de d\u00f3nde vienen su<br \/>intenci\u00f3n ser\u00e1 seguir siendo \u00fatiles, aunque no sea precisa. <\/p>\n\n\n\n<p>Mientras respondan las capacidades no habr\u00e1 problema. La cuesti\u00f3n surge cuando las limitaciones<br \/>van creciendo. No es algo que ocurra de un d\u00eda para otro, van disminuyendo las capacidades pausadamente (salvo incidentes o accidentes) y solo lo perciben quienes est\u00e1n pr\u00f3ximos a ellos. Ni la propia persona se da cuenta cuando esa bajada es de tipo cognitivo, porque una cosa puede llevar a la otra, salvo en determinados momentos en los que se auto percibe ese cambio en las condiciones. La asunci\u00f3n del deterioro es fundamental, como lo es la aceptaci\u00f3n de los cambios por la persona y familia. <\/p>\n\n\n\n<p>La cuesti\u00f3n es que entonces la sociedad a trav\u00e9s de los gobiernos municipales y auton\u00f3micos, que<br \/>son los que tienen las competencias, deben tener preparados los recursos que mantenga la dignidad a esta ciudadan\u00eda que ha sido la que nos ha tra\u00eddo hasta aqu\u00ed. Lo razonable es que lo vieran as\u00ed tambi\u00e9n quienes m\u00e1s medios tienen para dedicarlos a sus mayores, porque en poco todos seremos iguales, aunque hasta ah\u00ed haya quien est\u00e9 dispuesto a mantener esas clases y diferencias.<\/p>\n\n\n\n<p>foto:Una mujer anciana dependiente recibe ayuda de su cuidador<br \/>Getty Images\/iStockphoto<\/p>\n","protected":false},"excerpt":{"rendered":"<p>Seguimos en este agosto con la dependencia y la parca atenci\u00f3n que desde elgobierno andaluz&#8230;<\/p>\n","protected":false},"author":1,"featured_media":78400,"comment_status":"closed","ping_status":"closed","sticky":false,"template":"","format":"standard","meta":{"_coblocks_attr":"","_coblocks_dimensions":"","_coblocks_responsive_height":"","_coblocks_accordion_ie_support":"","jetpack_post_was_ever_published":false,"_jetpack_newsletter_access":"","_jetpack_dont_email_post_to_subs":false,"_jetpack_newsletter_tier_id":0,"_jetpack_memberships_contains_paywalled_content":false,"_jetpack_memberships_contains_paid_content":false,"footnotes":"","jetpack_publicize_message":"","jetpack_publicize_feature_enabled":true,"jetpack_social_post_already_shared":true,"jetpack_social_options":{"image_generator_settings":{"template":"highway","default_image_id":0,"enabled":false},"version":2}},"categories":[1161,186,9772,44,6937],"tags":[],"class_list":["post-78399","post","type-post","status-publish","format-standard","has-post-thumbnail","hentry","category-ciudadania","category-instituciones","category-opinion-de-juan-de-dios-villanueva","category-noticias-de-hoy","category-sociedad"],"jetpack_publicize_connections":[],"jetpack_featured_media_url":"https:\/\/i0.wp.com\/miradordeatarfe.es\/wp-content\/uploads\/2025\/08\/60ec1eebd3ac4.jpeg?fit=990%2C484&ssl=1","jetpack_likes_enabled":true,"jetpack_sharing_enabled":true,"_links":{"self":[{"href":"https:\/\/miradordeatarfe.es\/index.php?rest_route=\/wp\/v2\/posts\/78399","targetHints":{"allow":["GET"]}}],"collection":[{"href":"https:\/\/miradordeatarfe.es\/index.php?rest_route=\/wp\/v2\/posts"}],"about":[{"href":"https:\/\/miradordeatarfe.es\/index.php?rest_route=\/wp\/v2\/types\/post"}],"author":[{"embeddable":true,"href":"https:\/\/miradordeatarfe.es\/index.php?rest_route=\/wp\/v2\/users\/1"}],"replies":[{"embeddable":true,"href":"https:\/\/miradordeatarfe.es\/index.php?rest_route=%2Fwp%2Fv2%2Fcomments&post=78399"}],"version-history":[{"count":1,"href":"https:\/\/miradordeatarfe.es\/index.php?rest_route=\/wp\/v2\/posts\/78399\/revisions"}],"predecessor-version":[{"id":78401,"href":"https:\/\/miradordeatarfe.es\/index.php?rest_route=\/wp\/v2\/posts\/78399\/revisions\/78401"}],"wp:featuredmedia":[{"embeddable":true,"href":"https:\/\/miradordeatarfe.es\/index.php?rest_route=\/wp\/v2\/media\/78400"}],"wp:attachment":[{"href":"https:\/\/miradordeatarfe.es\/index.php?rest_route=%2Fwp%2Fv2%2Fmedia&parent=78399"}],"wp:term":[{"taxonomy":"category","embeddable":true,"href":"https:\/\/miradordeatarfe.es\/index.php?rest_route=%2Fwp%2Fv2%2Fcategories&post=78399"},{"taxonomy":"post_tag","embeddable":true,"href":"https:\/\/miradordeatarfe.es\/index.php?rest_route=%2Fwp%2Fv2%2Ftags&post=78399"}],"curies":[{"name":"wp","href":"https:\/\/api.w.org\/{rel}","templated":true}]}}