{"id":784,"date":"2015-04-01T05:35:30","date_gmt":"2015-04-01T05:35:30","guid":{"rendered":"http:\/\/miradordeatarfe.es\/?p=784"},"modified":"2015-04-02T10:16:37","modified_gmt":"2015-04-02T10:16:37","slug":"taller-de-comic-en-la-fundacion-sierra-elvira","status":"publish","type":"post","link":"https:\/\/miradordeatarfe.es\/?p=784","title":{"rendered":"Taller de C\u00f3mic en la Fundaci\u00f3n Sierra Elvira"},"content":{"rendered":"<p><span style=\"font-size: large;\">Este taller, impartido por segundo a\u00f1o, va dirigido a <\/span><span style=\"font-size: large;\"><span style=\"text-decoration: underline;\">j\u00f3venes con edades entre los 12 y los 17 a\u00f1os<\/span><\/span><span style=\"font-size: large;\">. El encargado del taller ha hecho varias exposiciones con su obra y ha sido responsable de talleres de c\u00f3mic con escolares de Albolote y Atarfe.<\/span><!--more--><\/p>\n<p><span style=\"font-size: large;\"> La finalidad del taller es aprender las t\u00e9cnicas para reflejar las emociones de los personajes, el planteamiento de las vi\u00f1etas, el maquetado de las p\u00e1ginas, la realizaci\u00f3n del gui\u00f3n, el dise\u00f1o de la portada, etc.<\/span><\/p>\n<p align=\"CENTER\"><span style=\"font-size: large;\">Constar\u00e1 de <\/span><span style=\"font-size: large;\"><b>6 sesiones<\/b><\/span><span style=\"font-size: large;\">, de <\/span><span style=\"font-size: large;\"><b>2 horas cada una<\/b><\/span><span style=\"font-size: large;\">.<\/span><\/p>\n<p align=\"RIGHT\">\u00a0<span style=\"color: #000080;\"><span style=\"font-size: large;\"><b>Inscripci\u00f3n<\/b><\/span><\/span><span style=\"color: #000080;\"><span style=\"font-size: large;\">: hay un <\/span><\/span><span style=\"color: #000080;\"><span style=\"font-size: large;\"><span style=\"text-decoration: underline;\">formulario de Inscripci\u00f3n<\/span><\/span><\/span><span style=\"color: #000080;\"><span style=\"font-size: large;\"> en el portal de la Fundaci\u00f3n, en el enlace <\/span><\/span><span style=\"color: #000080;\"><span style=\"font-size: large;\"><i>Actividades<\/i><\/span><\/span><span style=\"color: #000080;\"><span style=\"font-size: large;\"> (tambi\u00e9n hay impresos disponibles en el Centro Sociocultural Inscripci\u00f3n: 5 euros (<\/span><\/span><span style=\"color: #000080;\"><span style=\"font-size: large;\"><span style=\"text-decoration: underline;\">se puede solicitar beca<\/span><\/span><\/span><span style=\"color: #000080;\"><span style=\"font-size: large;\">)<\/span><\/span><\/p>\n<p align=\"CENTER\"><span style=\"color: #000080;\"><span style=\"font-family: Lucida Calligraphy;\"><i>El taller ser\u00e1 impartido por<strong> Andr\u00e9s Ortega Illescas<\/strong>, autor del c\u00f3mic \u201cNick Taylor\u201d y de la tira \u201cMr. Torre\u00f3n\u201d publicada en el peri\u00f3dico local de Albolote.<\/i><\/span><\/span><\/p>\n<p><span style=\"font-size: large;\"><b>Lugar<\/b><\/span><span style=\"font-size: large;\">: Centro Sociocultural \u201cAna M\u00aa Palacios Poyatos y Joaqu\u00edn Lamolda G\u00f3mez\u201d &#8211; c\/ Dr. Jim\u00e9nez Rueda n\u00ba 53, Atarfe.<\/span><\/p>\n<p><span style=\"font-size: large;\"><b>D\u00eda de comienzo<\/b><\/span><span style=\"font-size: large;\">: martes 7 de abril de 2015 y <\/span><span style=\"font-size: large;\"><span style=\"text-decoration: underline;\">el resto de martes hasta finales de mayo<\/span><\/span><span style=\"font-size: large;\">.<\/span><\/p>\n<p><span style=\"font-size: large;\"><b>Hora<\/b><\/span><span style=\"font-size: large;\">: 6 a 8 de la tarde.<\/span><\/p>\n<p>&nbsp;<\/p>\n<p>&nbsp;<\/p>\n","protected":false},"excerpt":{"rendered":"<p>Este taller, impartido por segundo a\u00f1o, va dirigido a j\u00f3venes con edades entre los 12&#8230;<\/p>\n","protected":false},"author":1,"featured_media":785,"comment_status":"closed","ping_status":"closed","sticky":false,"template":"","format":"standard","meta":{"_coblocks_attr":"","_coblocks_dimensions":"","_coblocks_responsive_height":"","_coblocks_accordion_ie_support":"","jetpack_post_was_ever_published":false,"_jetpack_newsletter_access":"","_jetpack_dont_email_post_to_subs":false,"_jetpack_newsletter_tier_id":0,"_jetpack_memberships_contains_paywalled_content":false,"_jetpack_memberships_contains_paid_content":false,"footnotes":"","jetpack_publicize_message":"","jetpack_publicize_feature_enabled":true,"jetpack_social_post_already_shared":false,"jetpack_social_options":{"image_generator_settings":{"template":"highway","default_image_id":0,"enabled":false},"version":2}},"categories":[2,15],"tags":[332,331],"class_list":["post-784","post","type-post","status-publish","format-standard","has-post-thumbnail","hentry","category-atarfe","category-ultimas-noticias","tag-fundacion-sierra-elvira","tag-taller-de-comic"],"jetpack_publicize_connections":[],"jetpack_featured_media_url":"https:\/\/i0.wp.com\/miradordeatarfe.es\/wp-content\/uploads\/2015\/03\/comic14.jpg?fit=299%2C420&ssl=1","jetpack_likes_enabled":true,"jetpack_sharing_enabled":true,"_links":{"self":[{"href":"https:\/\/miradordeatarfe.es\/index.php?rest_route=\/wp\/v2\/posts\/784","targetHints":{"allow":["GET"]}}],"collection":[{"href":"https:\/\/miradordeatarfe.es\/index.php?rest_route=\/wp\/v2\/posts"}],"about":[{"href":"https:\/\/miradordeatarfe.es\/index.php?rest_route=\/wp\/v2\/types\/post"}],"author":[{"embeddable":true,"href":"https:\/\/miradordeatarfe.es\/index.php?rest_route=\/wp\/v2\/users\/1"}],"replies":[{"embeddable":true,"href":"https:\/\/miradordeatarfe.es\/index.php?rest_route=%2Fwp%2Fv2%2Fcomments&post=784"}],"version-history":[{"count":2,"href":"https:\/\/miradordeatarfe.es\/index.php?rest_route=\/wp\/v2\/posts\/784\/revisions"}],"predecessor-version":[{"id":787,"href":"https:\/\/miradordeatarfe.es\/index.php?rest_route=\/wp\/v2\/posts\/784\/revisions\/787"}],"wp:featuredmedia":[{"embeddable":true,"href":"https:\/\/miradordeatarfe.es\/index.php?rest_route=\/wp\/v2\/media\/785"}],"wp:attachment":[{"href":"https:\/\/miradordeatarfe.es\/index.php?rest_route=%2Fwp%2Fv2%2Fmedia&parent=784"}],"wp:term":[{"taxonomy":"category","embeddable":true,"href":"https:\/\/miradordeatarfe.es\/index.php?rest_route=%2Fwp%2Fv2%2Fcategories&post=784"},{"taxonomy":"post_tag","embeddable":true,"href":"https:\/\/miradordeatarfe.es\/index.php?rest_route=%2Fwp%2Fv2%2Ftags&post=784"}],"curies":[{"name":"wp","href":"https:\/\/api.w.org\/{rel}","templated":true}]}}