{"id":78403,"date":"2025-08-27T11:50:01","date_gmt":"2025-08-27T09:50:01","guid":{"rendered":"https:\/\/miradordeatarfe.es\/?p=78403"},"modified":"2025-08-27T12:53:49","modified_gmt":"2025-08-27T10:53:49","slug":"candil-candilon-cuentalas-bien-por-juan-de-dios-villanueva-roa","status":"publish","type":"post","link":"https:\/\/miradordeatarfe.es\/?p=78403","title":{"rendered":"\u00abCandil candil\u00f3n, cu\u00e9ntalas bien\u00bb por Juan de Dios Villanueva Roa"},"content":{"rendered":"\n<p>Ya estamos a finales de agosto, mes de los incendios que han mostrado la imprevisi\u00f3n de los gobiernos. Regresaremos a una normalidad que muchos temen. No por las labores rutinarias, m\u00e1s bien por volver a encarar la realidad que igual no es tan deseada. Cada cual vuelve a sus cosas y obligaciones, afronta y se enfrenta a sus verdades. Y aquellas secuencias vitales, que siendo queridas tambi\u00e9n pueden ser temidas, est\u00e1n ah\u00ed, aguardando entre las horas del reloj, ese que no mueve sus agujas, pero que marca nuestras vidas. Quienes son mayores observan tal vez imp\u00e1vidos este paso del tiempo, este mimetismo de vivencias que comienzan y terminan en alcanzar al d\u00eda siguiente, tal vez deseando en sus fueros \u00edntimos que la naturaleza concluya su labor.<\/p>\n\n\n\n<p>Nuestra sociedad no se ocupa de sus mayores, decididamente intenta esquivar desde los gobiernos sucesivos esta situaci\u00f3n, convirti\u00e9ndola en un problema que resuelven como pueden las familias. Es indignante comprobar los tiempos de designaci\u00f3n de ayudas, la cuant\u00eda de estas ayudas y los silencios que envuelven a las situaciones que se plantean cada d\u00eda ante los servicios sociales, y no por quienes en ellos trabajan, personas que dan su vida intentando resolver escenarios con frecuencia dolorosos, pero que encuentran la iniquidad de los gobernantes, en estos casos auton\u00f3micos, que lanzan balones fuera y dedican min\u00fasculos recursos a quienes cada cuatro a\u00f1os piden el voto e incluso mueven entonces cantidades de dinero para trasladarlos hasta las mesas electorales. Y ya basta, habr\u00eda que decirles, que son algo m\u00e1s que votos, son nuestras ra\u00edces. Merecen la mayor consideraci\u00f3n, y aqu\u00ed la clase pol\u00edtica gobernante hace aguas por su ridiculez y estulticia. Tal vez esa sea su talla, de ellos y de quienes los justifican. <\/p>\n\n\n\n<p>foto: <a href=\"https:\/\/acsahome.es\/servicio-domestico-gijon\/\">https:\/\/acsahome.es\/servicio-domestico-gijon\/<\/a><\/p>\n","protected":false},"excerpt":{"rendered":"<p>Ya estamos a finales de agosto, mes de los incendios que han mostrado la imprevisi\u00f3n&#8230;<\/p>\n","protected":false},"author":1,"featured_media":78404,"comment_status":"closed","ping_status":"closed","sticky":false,"template":"","format":"standard","meta":{"_coblocks_attr":"","_coblocks_dimensions":"","_coblocks_responsive_height":"","_coblocks_accordion_ie_support":"","jetpack_post_was_ever_published":false,"_jetpack_newsletter_access":"","_jetpack_dont_email_post_to_subs":false,"_jetpack_newsletter_tier_id":0,"_jetpack_memberships_contains_paywalled_content":false,"_jetpack_memberships_contains_paid_content":false,"footnotes":"","jetpack_publicize_message":"","jetpack_publicize_feature_enabled":true,"jetpack_social_post_already_shared":true,"jetpack_social_options":{"image_generator_settings":{"template":"highway","default_image_id":0,"enabled":false},"version":2}},"categories":[1161,186,9772,44,6937],"tags":[],"class_list":["post-78403","post","type-post","status-publish","format-standard","has-post-thumbnail","hentry","category-ciudadania","category-instituciones","category-opinion-de-juan-de-dios-villanueva","category-noticias-de-hoy","category-sociedad"],"jetpack_publicize_connections":[],"jetpack_featured_media_url":"https:\/\/i0.wp.com\/miradordeatarfe.es\/wp-content\/uploads\/2025\/08\/OIP.jpeg?fit=240%2C180&ssl=1","jetpack_likes_enabled":true,"jetpack_sharing_enabled":true,"_links":{"self":[{"href":"https:\/\/miradordeatarfe.es\/index.php?rest_route=\/wp\/v2\/posts\/78403","targetHints":{"allow":["GET"]}}],"collection":[{"href":"https:\/\/miradordeatarfe.es\/index.php?rest_route=\/wp\/v2\/posts"}],"about":[{"href":"https:\/\/miradordeatarfe.es\/index.php?rest_route=\/wp\/v2\/types\/post"}],"author":[{"embeddable":true,"href":"https:\/\/miradordeatarfe.es\/index.php?rest_route=\/wp\/v2\/users\/1"}],"replies":[{"embeddable":true,"href":"https:\/\/miradordeatarfe.es\/index.php?rest_route=%2Fwp%2Fv2%2Fcomments&post=78403"}],"version-history":[{"count":1,"href":"https:\/\/miradordeatarfe.es\/index.php?rest_route=\/wp\/v2\/posts\/78403\/revisions"}],"predecessor-version":[{"id":78405,"href":"https:\/\/miradordeatarfe.es\/index.php?rest_route=\/wp\/v2\/posts\/78403\/revisions\/78405"}],"wp:featuredmedia":[{"embeddable":true,"href":"https:\/\/miradordeatarfe.es\/index.php?rest_route=\/wp\/v2\/media\/78404"}],"wp:attachment":[{"href":"https:\/\/miradordeatarfe.es\/index.php?rest_route=%2Fwp%2Fv2%2Fmedia&parent=78403"}],"wp:term":[{"taxonomy":"category","embeddable":true,"href":"https:\/\/miradordeatarfe.es\/index.php?rest_route=%2Fwp%2Fv2%2Fcategories&post=78403"},{"taxonomy":"post_tag","embeddable":true,"href":"https:\/\/miradordeatarfe.es\/index.php?rest_route=%2Fwp%2Fv2%2Ftags&post=78403"}],"curies":[{"name":"wp","href":"https:\/\/api.w.org\/{rel}","templated":true}]}}