{"id":78406,"date":"2025-09-02T11:20:00","date_gmt":"2025-09-02T09:20:00","guid":{"rendered":"https:\/\/miradordeatarfe.es\/?p=78406"},"modified":"2025-08-28T18:58:57","modified_gmt":"2025-08-28T16:58:57","slug":"ii-encuentro-de-nostalgicos-y-solidarios-de-la-holiday","status":"publish","type":"post","link":"https:\/\/miradordeatarfe.es\/?p=78406","title":{"rendered":"II ENCUENTRO DE NOST\u00c1LGICOS Y SOLIDARIOS DE LA HOLIDAY."},"content":{"rendered":"\n<p><strong>\u00a1Las necesidades no tienen vacaciones!<\/strong><\/p>\n\n\n\n<p><strong>En este mes de agosto seguimos dando bonos de alimentos de emergencia, puesto que nos siguen llegando familias, enviada por servicios sociales de nuestro pueblo y de los pueblos colindantes, que hay que atenderlas.<\/strong><\/p>\n\n\n\n<p>Siempre sabiendo que es por un periodo corto de tiempo, porque el proyecto es ese, \u00abalimentos dignos de emergencia\u00bb.Uno de los protectos que tenemos que sacar adelante es el del <strong>Orfanato de Togo, ORFANATO LA SOLICION.<\/strong><br \/><\/p>\n\n\n\n<p>Este proyecto cuesta, aproximadamente, 7.000\u20ac euros y tenemos que realizar eventos para poder sufragarlo, sin olvidar los dem\u00e1s proyectos que llevamos dentro del programa de actuaci\u00f3n de 2025 del Asoc Jos\u00e9 Guardia Sinfron .<\/p>\n\n\n\n<p>En este proyecto queremos rehabilitar los dormitorios del orfanato que cuenta con m\u00e1s de 70 ni\u00f1os y ni\u00f1as y que, como pod\u00e9is ver en la foto, est\u00e1 totalmente deteriorado.<\/p>\n\n\n\n<p>Animaros a reservar vuestras entradas para el evento del <strong>21 de septiembre en Atarfe, en el Centro Cultural Medina Elvira, donde tendremos el II ENCUENTRO DE NOST\u00c1LGICOS Y SOLIDARIOS DE LA HOLIDAY. <\/strong><\/p>\n\n\n\n<p>En \u00e9l podremos disfrutar adem\u00e1s de contribuir, a una causa solidaria para las personas que nos rodean y personas que jam\u00e1s conoceremos, puesto que est\u00e1n en otros pa\u00edses lejanos.<br \/>Si, tu puedes conseguirlo, puesto que juntos podemos llegar m\u00e1s lejos y juntos podemos hacer proyectos que jam\u00e1s hubi\u00e9ramos pensado.<\/p>\n\n\n\n<p>\u00abSer bien nacido es ser agradecido\u00bb y eso es lo que predicamos y hacemos en nuestra Asoc Jos\u00e9 Guardia Sinfron .<\/p>\n\n\n\n<p>Ya tenemos las camisetas conmemorativas del evento del d\u00eda 21 de septiembre, II Encuentro Nost\u00e1lgico y Solidario de la Holiday que tendr\u00e1 lugar en el Coliseo Ciudad de Atarfe.<br \/><\/p>\n\n\n\n<p>Nuestro agradecimiento a veleta sport por el trato que tenemos en esta tienda de estampaci\u00f3n de camisetas.<br \/>Nuestro agradecimiento al Ayuntamiento de Atarfe por cedernos gratuitamente el espacio.<br \/>Nuestro agradecimiento al Ayuntamiento de Albolote por ponernos un microb\u00fas el d\u00eda del evento musical para que disfrutemos de la m\u00fasica de los a\u00f1os 70,80 y 90.<br \/>Nuestro agradecimiento a Bernar Nu\u00f1ez Vicario por la amabilidad y cari\u00f1o con que nos hace carteles, entradas, etc\u00e9tera, etc\u00e9tera.<br \/>Nuestro agradecimiento a panader\u00eda Mart\u00ednez \u00abDespuntabollos\u00bb por darnos un congelador entero de dulces<br \/>Nuestro agradecimiento a Nieto Moreno y Adelina Mart\u00ednez por su dedicaci\u00f3n a la asociaci\u00f3n como voluntarias.<br \/>Nuestro agradecimiento a todas las personas que est\u00e1is ah\u00ed y colabor\u00e1is con nosotros.<br \/>Si quer\u00e9is reservar una entrada para el evento de la Holiday, poneros en contacto con nosotros y por 10 euros de donativo, tendr\u00e9is la entrada, una consumici\u00f3n de un refresco y un plato de arroz.<\/p>\n\n\n\n<p>Para reservar:<\/p>\n\n\n\n<p><br \/>Si quer\u00e9is una camiseta, por un donativo de 10 euros tendr\u00e9is una camiseta o bien de nuestra asociaci\u00f3n o bien de las que se han hecho especiales para el d\u00eda de la Holiday.<br \/>Si quer\u00e9is un d\u00e9cimo de loter\u00eda, nosotros os lo reservamos.<br \/><\/p>\n\n\n\n<figure class=\"wp-block-image size-large\"><img data-recalc-dims=\"1\" loading=\"lazy\" decoding=\"async\" width=\"640\" height=\"269\" src=\"https:\/\/i0.wp.com\/miradordeatarfe.es\/wp-content\/uploads\/2025\/08\/Imagen-de-WhatsApp-2025-08-15-a-las-10.32.49_59728677-1.jpg?resize=640%2C269&#038;ssl=1\" alt=\"\" class=\"wp-image-78410\" srcset=\"https:\/\/i0.wp.com\/miradordeatarfe.es\/wp-content\/uploads\/2025\/08\/Imagen-de-WhatsApp-2025-08-15-a-las-10.32.49_59728677-1.jpg?resize=1024%2C430&amp;ssl=1 1024w, https:\/\/i0.wp.com\/miradordeatarfe.es\/wp-content\/uploads\/2025\/08\/Imagen-de-WhatsApp-2025-08-15-a-las-10.32.49_59728677-1.jpg?resize=300%2C126&amp;ssl=1 300w, https:\/\/i0.wp.com\/miradordeatarfe.es\/wp-content\/uploads\/2025\/08\/Imagen-de-WhatsApp-2025-08-15-a-las-10.32.49_59728677-1.jpg?resize=768%2C323&amp;ssl=1 768w, https:\/\/i0.wp.com\/miradordeatarfe.es\/wp-content\/uploads\/2025\/08\/Imagen-de-WhatsApp-2025-08-15-a-las-10.32.49_59728677-1.jpg?resize=1320%2C554&amp;ssl=1 1320w, https:\/\/i0.wp.com\/miradordeatarfe.es\/wp-content\/uploads\/2025\/08\/Imagen-de-WhatsApp-2025-08-15-a-las-10.32.49_59728677-1.jpg?w=1393&amp;ssl=1 1393w\" sizes=\"auto, (max-width: 640px) 100vw, 640px\" \/><\/figure>\n\n\n\n<figure class=\"wp-block-image size-large\"><img data-recalc-dims=\"1\" loading=\"lazy\" decoding=\"async\" width=\"640\" height=\"651\" src=\"https:\/\/i0.wp.com\/miradordeatarfe.es\/wp-content\/uploads\/2025\/08\/Imagen-de-WhatsApp-2025-08-21-a-las-09.51.56_bbaa13e3.jpg?resize=640%2C651&#038;ssl=1\" alt=\"\" class=\"wp-image-78408\" srcset=\"https:\/\/i0.wp.com\/miradordeatarfe.es\/wp-content\/uploads\/2025\/08\/Imagen-de-WhatsApp-2025-08-21-a-las-09.51.56_bbaa13e3.jpg?resize=1006%2C1024&amp;ssl=1 1006w, https:\/\/i0.wp.com\/miradordeatarfe.es\/wp-content\/uploads\/2025\/08\/Imagen-de-WhatsApp-2025-08-21-a-las-09.51.56_bbaa13e3.jpg?resize=295%2C300&amp;ssl=1 295w, https:\/\/i0.wp.com\/miradordeatarfe.es\/wp-content\/uploads\/2025\/08\/Imagen-de-WhatsApp-2025-08-21-a-las-09.51.56_bbaa13e3.jpg?resize=768%2C782&amp;ssl=1 768w, https:\/\/i0.wp.com\/miradordeatarfe.es\/wp-content\/uploads\/2025\/08\/Imagen-de-WhatsApp-2025-08-21-a-las-09.51.56_bbaa13e3.jpg?resize=1509%2C1536&amp;ssl=1 1509w, https:\/\/i0.wp.com\/miradordeatarfe.es\/wp-content\/uploads\/2025\/08\/Imagen-de-WhatsApp-2025-08-21-a-las-09.51.56_bbaa13e3.jpg?resize=1024%2C1043&amp;ssl=1 1024w, https:\/\/i0.wp.com\/miradordeatarfe.es\/wp-content\/uploads\/2025\/08\/Imagen-de-WhatsApp-2025-08-21-a-las-09.51.56_bbaa13e3.jpg?resize=1320%2C1344&amp;ssl=1 1320w, https:\/\/i0.wp.com\/miradordeatarfe.es\/wp-content\/uploads\/2025\/08\/Imagen-de-WhatsApp-2025-08-21-a-las-09.51.56_bbaa13e3.jpg?w=1768&amp;ssl=1 1768w\" sizes=\"auto, (max-width: 640px) 100vw, 640px\" \/><\/figure>\n\n\n\n<p>An\u00edmate y res\u00e9rvanos lo que t\u00fa veas oportuno, porque con muy poco se puede hacer mucho.<br \/>Un abrazo muy grande y os deseamos lo mejor en este puente de verano caluroso.<\/p>\n","protected":false},"excerpt":{"rendered":"<p>\u00a1Las necesidades no tienen vacaciones! En este mes de agosto seguimos dando bonos de alimentos&#8230;<\/p>\n","protected":false},"author":1,"featured_media":78409,"comment_status":"closed","ping_status":"closed","sticky":false,"template":"","format":"standard","meta":{"_coblocks_attr":"","_coblocks_dimensions":"","_coblocks_responsive_height":"","_coblocks_accordion_ie_support":"","jetpack_post_was_ever_published":false,"_jetpack_newsletter_access":"","_jetpack_dont_email_post_to_subs":false,"_jetpack_newsletter_tier_id":0,"_jetpack_memberships_contains_paywalled_content":false,"_jetpack_memberships_contains_paid_content":false,"footnotes":"","jetpack_publicize_message":"","jetpack_publicize_feature_enabled":true,"jetpack_social_post_already_shared":true,"jetpack_social_options":{"image_generator_settings":{"template":"highway","default_image_id":0,"enabled":false},"version":2}},"categories":[2,1161,186,44,10799],"tags":[],"class_list":["post-78406","post","type-post","status-publish","format-standard","has-post-thumbnail","hentry","category-atarfe","category-ciudadania","category-instituciones","category-noticias-de-hoy","category-voluntariado"],"jetpack_publicize_connections":[],"jetpack_featured_media_url":"https:\/\/i0.wp.com\/miradordeatarfe.es\/wp-content\/uploads\/2025\/08\/Imagen-de-WhatsApp-2025-08-15-a-las-10.32.49_59728677.jpg?fit=1450%2C2048&ssl=1","jetpack_likes_enabled":true,"jetpack_sharing_enabled":true,"_links":{"self":[{"href":"https:\/\/miradordeatarfe.es\/index.php?rest_route=\/wp\/v2\/posts\/78406","targetHints":{"allow":["GET"]}}],"collection":[{"href":"https:\/\/miradordeatarfe.es\/index.php?rest_route=\/wp\/v2\/posts"}],"about":[{"href":"https:\/\/miradordeatarfe.es\/index.php?rest_route=\/wp\/v2\/types\/post"}],"author":[{"embeddable":true,"href":"https:\/\/miradordeatarfe.es\/index.php?rest_route=\/wp\/v2\/users\/1"}],"replies":[{"embeddable":true,"href":"https:\/\/miradordeatarfe.es\/index.php?rest_route=%2Fwp%2Fv2%2Fcomments&post=78406"}],"version-history":[{"count":1,"href":"https:\/\/miradordeatarfe.es\/index.php?rest_route=\/wp\/v2\/posts\/78406\/revisions"}],"predecessor-version":[{"id":78411,"href":"https:\/\/miradordeatarfe.es\/index.php?rest_route=\/wp\/v2\/posts\/78406\/revisions\/78411"}],"wp:featuredmedia":[{"embeddable":true,"href":"https:\/\/miradordeatarfe.es\/index.php?rest_route=\/wp\/v2\/media\/78409"}],"wp:attachment":[{"href":"https:\/\/miradordeatarfe.es\/index.php?rest_route=%2Fwp%2Fv2%2Fmedia&parent=78406"}],"wp:term":[{"taxonomy":"category","embeddable":true,"href":"https:\/\/miradordeatarfe.es\/index.php?rest_route=%2Fwp%2Fv2%2Fcategories&post=78406"},{"taxonomy":"post_tag","embeddable":true,"href":"https:\/\/miradordeatarfe.es\/index.php?rest_route=%2Fwp%2Fv2%2Ftags&post=78406"}],"curies":[{"name":"wp","href":"https:\/\/api.w.org\/{rel}","templated":true}]}}