{"id":78412,"date":"2025-09-09T10:00:00","date_gmt":"2025-09-09T08:00:00","guid":{"rendered":"https:\/\/miradordeatarfe.es\/?p=78412"},"modified":"2025-09-07T18:09:19","modified_gmt":"2025-09-07T16:09:19","slug":"arde-lo-publico-por-juan-jose-millas","status":"publish","type":"post","link":"https:\/\/miradordeatarfe.es\/?p=78412","title":{"rendered":"\u00abARDE LO P\u00daBLICO\u00bb por Juan Jos\u00e9 Millas"},"content":{"rendered":"\n<p class=\"has-medium-font-size\"><strong>Arde el monte abandonado, arde la encina centenaria dejada de la mano de Dios, arde la mezquita de C\u00f3rdoba, utilizada de almac\u00e9n, arden las M\u00e9dulas, sin un plan de protecci\u00f3n integral contra el fuego.<\/strong> <\/p>\n\n\n\n<p>Arden las vigas de la historia, arden las cuadernas de la nave en la que ven\u00edamos sorteando tormentas y tifones sin fin desde el hom\u00ednido hasta el supuesto Sapiens. Arde el pa\u00eds como una carta vieja de amor en la chimenea de la pereza.<\/p>\n\n\n\n<p>Arden las listas de espera: tres meses para el m\u00e9dico de asistencia primaria, seis para la operaci\u00f3n, un a\u00f1o para la asistencia psiqui\u00e1trica, dos para el entierro. Arde la universidad p\u00fablica. Arde la beca que no llega, arde el profesor que se jubila y no es sustituido, arde la biblioteca cerrada por falta de personal. Se abrasan Shakespeare y Cervantes y Lope de Vega y Calder\u00f3n y Joyce y Kafka e Idea Vilari\u00f1o y Alfonsina Storni y Juana de Ibarbourou y San Juan de la Cruz y Gabriela Mistral y hasta Rub\u00e9n Dar\u00edo arde recitando para s\u00ed mismo los versos de Lo fatal: \u00abDichoso el \u00e1rbol, que es apenas sensitivo, \/ y m\u00e1s la piedra dura porque esa ya no siente, \/ pues no hay dolor m\u00e1s grande que el dolor de ser vivo, \/ni mayor pesadumbre que la vida consciente\u00bb.<\/p>\n\n\n\n<p>Arden los versos y la prosa, arden los servicios subcontratados, las responsabilidades externalizadas, arden los trabajos precarios y las n\u00f3minas. Arden el precio de la cesta de la compra, el de la cultura y arde el alquiler de la habitaci\u00f3n, arde el art\u00edculo 47 de la Constituci\u00f3n que consagra el derecho a una vivienda digna. Arde el piso de los padres que hay que vender aprisa y corriendo para pagar sus \u00faltimos cuidados.<\/p>\n\n\n\n<p>Arden las ayudas a la dependencia, tan lentas que llegan cuando el dependiente lleva seis o siete meses enterrado. Arde la burocracia que pide para todo un papel que no existe (si existiera, inventar\u00edan otro irreal). Arde el funcionario que cierra la ventanilla con el gesto del que baja la guillotina. Arde tambi\u00e9n la xenofobia, el miedo al otro, a lo otro, y hasta a la otredad que habita en cada uno de nosotros. Todo es fuego lento o din\u00e1mico, de brasas fr\u00edas o en\u00e9rgicas, pa\u00eds en llamas macroecon\u00f3micas pomposas y en combusti\u00f3n microecon\u00f3mica silente. Ardemos en medio de un humo de resignaci\u00f3n. Arde lo p\u00fablico y en sus llamas se abrasan los contribuyentes y sus bienes<\/p>\n","protected":false},"excerpt":{"rendered":"<p>Arde el monte abandonado, arde la encina centenaria dejada de la mano de Dios, arde&#8230;<\/p>\n","protected":false},"author":1,"featured_media":78413,"comment_status":"closed","ping_status":"closed","sticky":false,"template":"","format":"standard","meta":{"_coblocks_attr":"","_coblocks_dimensions":"","_coblocks_responsive_height":"","_coblocks_accordion_ie_support":"","jetpack_post_was_ever_published":false,"_jetpack_newsletter_access":"","_jetpack_dont_email_post_to_subs":false,"_jetpack_newsletter_tier_id":0,"_jetpack_memberships_contains_paywalled_content":false,"_jetpack_memberships_contains_paid_content":false,"footnotes":"","jetpack_publicize_message":"","jetpack_publicize_feature_enabled":true,"jetpack_social_post_already_shared":true,"jetpack_social_options":{"image_generator_settings":{"template":"highway","default_image_id":0,"enabled":false},"version":2}},"categories":[1161,44,10802,6937],"tags":[],"class_list":["post-78412","post","type-post","status-publish","format-standard","has-post-thumbnail","hentry","category-ciudadania","category-noticias-de-hoy","category-plataforma-por-la-sanidad-de-ataref","category-sociedad"],"jetpack_publicize_connections":[],"jetpack_featured_media_url":"https:\/\/i0.wp.com\/miradordeatarfe.es\/wp-content\/uploads\/2025\/08\/534163990_10163842770954343_1774590114872355415_n.jpg?fit=400%2C400&ssl=1","jetpack_likes_enabled":true,"jetpack_sharing_enabled":true,"_links":{"self":[{"href":"https:\/\/miradordeatarfe.es\/index.php?rest_route=\/wp\/v2\/posts\/78412","targetHints":{"allow":["GET"]}}],"collection":[{"href":"https:\/\/miradordeatarfe.es\/index.php?rest_route=\/wp\/v2\/posts"}],"about":[{"href":"https:\/\/miradordeatarfe.es\/index.php?rest_route=\/wp\/v2\/types\/post"}],"author":[{"embeddable":true,"href":"https:\/\/miradordeatarfe.es\/index.php?rest_route=\/wp\/v2\/users\/1"}],"replies":[{"embeddable":true,"href":"https:\/\/miradordeatarfe.es\/index.php?rest_route=%2Fwp%2Fv2%2Fcomments&post=78412"}],"version-history":[{"count":1,"href":"https:\/\/miradordeatarfe.es\/index.php?rest_route=\/wp\/v2\/posts\/78412\/revisions"}],"predecessor-version":[{"id":78414,"href":"https:\/\/miradordeatarfe.es\/index.php?rest_route=\/wp\/v2\/posts\/78412\/revisions\/78414"}],"wp:featuredmedia":[{"embeddable":true,"href":"https:\/\/miradordeatarfe.es\/index.php?rest_route=\/wp\/v2\/media\/78413"}],"wp:attachment":[{"href":"https:\/\/miradordeatarfe.es\/index.php?rest_route=%2Fwp%2Fv2%2Fmedia&parent=78412"}],"wp:term":[{"taxonomy":"category","embeddable":true,"href":"https:\/\/miradordeatarfe.es\/index.php?rest_route=%2Fwp%2Fv2%2Fcategories&post=78412"},{"taxonomy":"post_tag","embeddable":true,"href":"https:\/\/miradordeatarfe.es\/index.php?rest_route=%2Fwp%2Fv2%2Ftags&post=78412"}],"curies":[{"name":"wp","href":"https:\/\/api.w.org\/{rel}","templated":true}]}}