{"id":78415,"date":"2025-09-01T08:46:00","date_gmt":"2025-09-01T06:46:00","guid":{"rendered":"https:\/\/miradordeatarfe.es\/?p=78415"},"modified":"2025-08-27T12:53:27","modified_gmt":"2025-08-27T10:53:27","slug":"homenaje-al-fallecido-manuel-de-la-calva","status":"publish","type":"post","link":"https:\/\/miradordeatarfe.es\/?p=78415","title":{"rendered":"Homenaje al fallecido Manuel de la Calva"},"content":{"rendered":"\n<p><strong>As\u00ed se cre\u00f3 \u2018Resistir\u00e9\u2019, el himno del D\u00fao Din\u00e1mico que fue vacuna emocional de la pandemia<\/strong>&#8211; <strong>Escrita por un periodista deportivo, el tema interpretado por Ram\u00f3n Arcusa y el fallecido Manuel de la Calva fue la canci\u00f3n de la esperanza para millones de personas<\/strong><\/p>\n\n\n\n<p>Durante la covid de 2020 la gente buscaba asideros; lo que fuera, pero era necesario aferrarse a algo. Entonces en Espa\u00f1a surgi\u00f3 <em>Resistir\u00e9,<\/em> la canci\u00f3n del D\u00fao Din\u00e1mico. Un tema milagro que tambi\u00e9n fue el responsable de relanzar la carrera del grupo. Nacidos como d\u00fao en 1958, <a href=\"https:\/\/elpais.com\/cultura\/2025-08-26\/muere-manuel-de-la-calva-miembro-del-duo-dinamico-a-los-88-anos.html\">Manuel de la Calva (que ha fallecido hoy martes a los 88 a\u00f1os)<\/a> y Ram\u00f3n Arcusa vivieron un gran \u00e9xito durante los primeros a\u00f1os sesenta. Pero con la posterior llegada de <em>los conjuntos<\/em> (Los Bravos, Los Brincos, Los Pekenikes), el p\u00fablico perdi\u00f3 inter\u00e9s y mir\u00f3 a esos grupos que emulaban a los Beatles. El d\u00fao se separ\u00f3 en 1972. Unos a\u00f1os despu\u00e9s, en 1978, Arcusa y De la Calva creyeron que su periodo negro hab\u00eda pasado y decidieron volver. M\u00e1s informaci\u00f3n<\/p>\n\n\n\n<p><a href=\"https:\/\/elpais.com\/cultura\/2025-08-26\/muere-manuel-de-la-calva-miembro-del-duo-dinamico-a-los-88-anos.html#?rel=mas_sumario\"><strong>Muere el m\u00fasico Manuel de la Calva, miembro del D\u00fao Din\u00e1mico, a los 88 a\u00f1os<\/strong><\/a><\/p>\n\n\n\n<figure class=\"wp-block-embed is-type-video is-provider-youtube wp-block-embed-youtube wp-embed-aspect-16-9 wp-has-aspect-ratio\"><div class=\"wp-block-embed__wrapper\">\n<iframe loading=\"lazy\" title=\"D\u00daO DIN\u00c1MICO canta RESISTIR\u00c9 2004 TV en Murcia (Espa\u00f1a)\" width=\"640\" height=\"360\" src=\"https:\/\/www.youtube.com\/embed\/Ov2pFREJWgo?feature=oembed\" frameborder=\"0\" allow=\"accelerometer; autoplay; clipboard-write; encrypted-media; gyroscope; picture-in-picture; web-share\" referrerpolicy=\"strict-origin-when-cross-origin\" allowfullscreen><\/iframe>\n<\/div><\/figure>\n\n\n\n<p>En 1988 editaron el disco <em>En forma,<\/em> donde incluyeron <em>Resistir\u00e9,<\/em> y ah\u00ed el D\u00fao Din\u00e1mico volvi\u00f3 a la primera l\u00ednea. La letra de <em>Resistir\u00e9<\/em> no la escribi\u00f3 ni De la Calva ni Arcusa. El creador es Carlos Toro, un periodista deportivo que ha desarrollado la mayor parte de su carrera como cronista deportivo (su especialidad es el atletismo) en el diario <em>El Mundo<\/em>. <em>Resistir\u00e9<\/em> no es una excepci\u00f3n, ya que Toro ha escrito para Paulina Rubio o Marta S\u00e1nchez y haadaptado al castellano canciones de Franco Battiato o Demis Roussos. Tambi\u00e9n es el autor de la letra en espa\u00f1ol de la pieza central de la serie infantil <a href=\"https:\/\/www.youtube.com\/watch?v=3zrGjc0UEgU\"><em>Oliver y Benji<\/em><\/a>.<\/p>\n\n\n\n<figure class=\"wp-block-embed is-type-video is-provider-youtube wp-block-embed-youtube wp-embed-aspect-16-9 wp-has-aspect-ratio\"><div class=\"wp-block-embed__wrapper\">\n<iframe loading=\"lazy\" title=\"\u00a1#\u00c1tame! #resistir\u00e9\" width=\"640\" height=\"360\" src=\"https:\/\/www.youtube.com\/embed\/u5Jwxqb4O6Q?feature=oembed\" frameborder=\"0\" allow=\"accelerometer; autoplay; clipboard-write; encrypted-media; gyroscope; picture-in-picture; web-share\" referrerpolicy=\"strict-origin-when-cross-origin\" allowfullscreen><\/iframe>\n<\/div><\/figure>\n\n\n\n<p>\u201cManuel [De la Calva] me dijo que hab\u00eda escuchado una frase de <a href=\"https:\/\/elpais.com\/cultura\/2015\/12\/26\/actualidad\/1451149283_474113.html\">Camilo Jos\u00e9 Cela<\/a> que le hab\u00eda gustado: \u2018El que resiste, gana\u2019. Y sobre ella me puse a trabajar\u201d, <a href=\"https:\/\/elpais.com\/cultura\/2020-03-17\/resistire-la-vacuna-emocional-de-espana-que-urdio-un-pesimista.html\">record\u00f3 Carlos Toro a este periodista en 2020<\/a>. Toro, que se considera un pesimista, escribi\u00f3 <em>Resistir\u00e9<\/em> en un momento duro para \u00e9l, gestionando una ruptura sentimental. As\u00ed lo justific\u00f3: \u201cCreo que este mundo es un estercolero. Pero siempre veo brotes de esperanza. Las leyes de la vida son muy duras, por eso no quer\u00eda que la canci\u00f3n mintiese. Pero luego hay un canto a la esperanza. La vida hay que vivirla, aunque haya muchos momentos amargos. En la vida hay m\u00e1s fracasos que triunfos, pero si el porcentaje de triunfos es razonable, merece la pena\u201d.<\/p>\n\n\n\n<p><em>Resistir\u00e9<\/em> funcion\u00f3 moderadamente bien cuando se public\u00f3, pero se dispar\u00f3 con la ayuda de la varita m\u00e1gica de<a href=\"https:\/\/elpais.com\/cultura\/2024-09-26\/pedro-almodovar-me-defino-como-ateo-pero-me-se-los-diez-mandamientos.html\"> Pedro Almod\u00f3var<\/a>. El director manchego incluy\u00f3 la canci\u00f3n en la escena final de su pel\u00edcula <em>\u00a1\u00c1tame!,<\/em> de 1990. Suena cuando los tres protagonistas (Loles Le\u00f3n, Antonio Banderas y Victoria Abril) circulan en un coche camino de una vida m\u00e1s ilusionante despu\u00e9s de una temporada turbulenta.<\/p>\n\n\n\n<figure class=\"wp-block-embed is-type-rich is-provider-gestor-del-servicio wp-block-embed-gestor-del-servicio\"><div class=\"wp-block-embed__wrapper\">\nhttps:\/\/youtube.com\/watch?v=u5Jwxqb4O6Q%3Ffeature%3Doembed\n<\/div><\/figure>\n\n\n\n<p>Hace unos a\u00f1os el D\u00fao Din\u00e1mico debi\u00f3 suspender un concierto en Valencia por enfermedad de Manuel de la Calva. A las pocas semanas, el m\u00fasico tuvo que pasar por el quir\u00f3fano para tratar un c\u00e1ncer de col\u00f3n del que se restableci\u00f3. Durante el periodo de recuperaci\u00f3n, De la Calva recurri\u00f3 a su canci\u00f3n sanadora<em>.<\/em> As\u00ed lo cont\u00f3 a El PA\u00cdS en 2020: \u201c<a href=\"https:\/\/elpais.com\/cultura\/2020-03-17\/resistire-la-vacuna-emocional-de-espana-que-urdio-un-pesimista.html\">Me aferr\u00e9 a la canci\u00f3n, a su mensaje<\/a>. A\u00fan me estoy viendo, cantando con las enfermeras y a los m\u00e9dicos del hospital nuestro <em>Resistir\u00e9. <\/em>Debe de existir lo que llaman justicia po\u00e9tica, no hay duda. A m\u00ed me sirvi\u00f3, vaya si me sirvi\u00f3\u201d.<\/p>\n\n\n\n<p><a href=\"https:\/\/elpais.com\/autor\/carlos-marcos\/\"><strong>Carlos Marcos<\/strong><\/a><\/p>\n\n\n\n<p>FOTO: Manuel de la Calva y Ram\u00f3n Arcusa, el D\u00fao Din\u00e1mico, en una imagen de los a\u00f1os sesenta. Foto: EFE | V\u00eddeo: EPV<\/p>\n\n\n\n<p><a href=\"https:\/\/elpais.com\/cultura\/2025-08-26\/asi-se-creo-resistire-el-himno-del-duo-dinamico-que-fue-vacuna-emocional-de-la-pandemia.html\">https:\/\/elpais.com\/cultura\/2025-08-26\/asi-se-creo-resistire-el-himno-del-duo-dinamico-que-fue-vacuna-emocional-de-la-pandemia.html<\/a><\/p>\n","protected":false},"excerpt":{"rendered":"<p>As\u00ed se cre\u00f3 \u2018Resistir\u00e9\u2019, el himno del D\u00fao Din\u00e1mico que fue vacuna emocional de la&#8230;<\/p>\n","protected":false},"author":1,"featured_media":78416,"comment_status":"closed","ping_status":"closed","sticky":false,"template":"","format":"standard","meta":{"_coblocks_attr":"","_coblocks_dimensions":"","_coblocks_responsive_height":"","_coblocks_accordion_ie_support":"","jetpack_post_was_ever_published":false,"_jetpack_newsletter_access":"","_jetpack_dont_email_post_to_subs":false,"_jetpack_newsletter_tier_id":0,"_jetpack_memberships_contains_paywalled_content":false,"_jetpack_memberships_contains_paid_content":false,"footnotes":"","jetpack_publicize_message":"","jetpack_publicize_feature_enabled":true,"jetpack_social_post_already_shared":true,"jetpack_social_options":{"image_generator_settings":{"template":"highway","default_image_id":0,"enabled":false},"version":2}},"categories":[1161,7149,44,6937],"tags":[],"class_list":["post-78415","post","type-post","status-publish","format-standard","has-post-thumbnail","hentry","category-ciudadania","category-coronavirus","category-noticias-de-hoy","category-sociedad"],"jetpack_publicize_connections":[],"jetpack_featured_media_url":"https:\/\/i0.wp.com\/miradordeatarfe.es\/wp-content\/uploads\/2025\/08\/Screenshot-2025-08-27-at-12-48-30-Asi-se-creo-%E2%80%98Resistire-el-himno-del-Duo-Dinamico-que-fue-vacuna-emocional-de-la-pandemia-Cultura-EL-PAIS.png?fit=652%2C446&ssl=1","jetpack_likes_enabled":true,"jetpack_sharing_enabled":true,"_links":{"self":[{"href":"https:\/\/miradordeatarfe.es\/index.php?rest_route=\/wp\/v2\/posts\/78415","targetHints":{"allow":["GET"]}}],"collection":[{"href":"https:\/\/miradordeatarfe.es\/index.php?rest_route=\/wp\/v2\/posts"}],"about":[{"href":"https:\/\/miradordeatarfe.es\/index.php?rest_route=\/wp\/v2\/types\/post"}],"author":[{"embeddable":true,"href":"https:\/\/miradordeatarfe.es\/index.php?rest_route=\/wp\/v2\/users\/1"}],"replies":[{"embeddable":true,"href":"https:\/\/miradordeatarfe.es\/index.php?rest_route=%2Fwp%2Fv2%2Fcomments&post=78415"}],"version-history":[{"count":1,"href":"https:\/\/miradordeatarfe.es\/index.php?rest_route=\/wp\/v2\/posts\/78415\/revisions"}],"predecessor-version":[{"id":78419,"href":"https:\/\/miradordeatarfe.es\/index.php?rest_route=\/wp\/v2\/posts\/78415\/revisions\/78419"}],"wp:featuredmedia":[{"embeddable":true,"href":"https:\/\/miradordeatarfe.es\/index.php?rest_route=\/wp\/v2\/media\/78416"}],"wp:attachment":[{"href":"https:\/\/miradordeatarfe.es\/index.php?rest_route=%2Fwp%2Fv2%2Fmedia&parent=78415"}],"wp:term":[{"taxonomy":"category","embeddable":true,"href":"https:\/\/miradordeatarfe.es\/index.php?rest_route=%2Fwp%2Fv2%2Fcategories&post=78415"},{"taxonomy":"post_tag","embeddable":true,"href":"https:\/\/miradordeatarfe.es\/index.php?rest_route=%2Fwp%2Fv2%2Ftags&post=78415"}],"curies":[{"name":"wp","href":"https:\/\/api.w.org\/{rel}","templated":true}]}}