{"id":78457,"date":"2025-09-02T11:00:01","date_gmt":"2025-09-02T09:00:01","guid":{"rendered":"https:\/\/miradordeatarfe.es\/?p=78457"},"modified":"2025-08-31T18:52:03","modified_gmt":"2025-08-31T16:52:03","slug":"el-atarfeno-pablo-aranda-triunfa-en-la-cocina","status":"publish","type":"post","link":"https:\/\/miradordeatarfe.es\/?p=78457","title":{"rendered":"El Atarfe\u00f1o  PABLO ARANDA triunfa en la cocina"},"content":{"rendered":"<h2 class=\"v-a-t\">El cocinero granadino de Atarfe que arrasa en Mallorca y aspira a la estrella Michelin: \u00abMe gustar\u00eda volver a casa\u00bb\u00a0Pablo Aranda es jefe de cocina de El Olivo, uno de los restaurantes m\u00e1s prestigiosos de la isla con llenos a diario y reservas agotadas hasta final de a\u00f1o.<\/h2>\n<p class=\"v-p\">El cocinero Pablo Aranda es de Atarfe pero, aunque lo intent\u00f3, tuvo que dejar Granada para triunfar en los fogones. Y ahora, tras m\u00e1s de una d\u00e9cada lejos de su tierra, puede presumir de estar al frente de uno de los restaurantes m\u00e1s prestigiosos de Mallorca, aspirando a recibir una estrella Michelin y haciendo las cosas exactamente como quiere, con una cocina muy trabajada en la que el sabor est\u00e1 por encima de todo.<\/p>\n<p class=\"v-p\">\u00abMi relaci\u00f3n con la cocina empez\u00f3 en el obrador de mi abuelo, que ten\u00eda una peque\u00f1a pasteler\u00eda. Con cinco o seis a\u00f1os ya ayudaba a hacer los roscones y hac\u00eda lo que buenamente pod\u00eda\u00bb, cuenta a IDEAL el reputado cocinero, que cuando tuvo la oportunidad entr\u00f3 en el Hurtado de Mendoza para formarse como cocinero. Muy pronto empez\u00f3 a atraerle el concepto de restaurante gastron\u00f3mico y se march\u00f3 a Las Rejas, en Cuenca, donde tuvo sus primeros contactos con las estrellas Michelin.<\/p>\n<p class=\"v-p\">De ah\u00ed pas\u00f3 a Tragabuches, en Ronda, donde empez\u00f3 a familiarizarse con la utilizaci\u00f3n de nitr\u00f3genos y texturizantes y que le sirvi\u00f3 para terminar de enamorarse \u00abde una manera loca\u00bb de la cocina. \u00abPensaba que pod\u00eda ser el pr\u00f3ximo gran cocinero y volv\u00ed a Granada para montar mi propio restaurante en Atarfe, pero me la pegu\u00e9. Y como cuando cerr\u00e9 necesitaba ganar dinero, me vine para Mallorca\u00bb; explica. Y aunque se fue con una maleta para 15 d\u00edas, ya han pasado 13 a\u00f1os desde que est\u00e1 en la isla.<\/p>\n<div class=\"v-c-cmp v-c-cmp--t1 v-c-cmp--ab-s\">\n<div class=\"v-cmp-smy\">\n<div class=\"v-a v-a--cmp-smy \">\n<div class=\"v-a-info-c\">\n<h3 class=\"v-a-t\">\u00abYo siempre digo que soy de Gran\u00e1 y que lo \u00fanico que no quiero perder en mi vida es el acento\u00bb Pablo Aranda<\/h3>\n<div class=\"v-a-pst\">\n<p class=\"v-a-pst__j\">Jefe de cocina de El Olivo<\/p>\n<\/div>\n<\/div>\n<\/div>\n<\/div>\n<\/div>\n<p class=\"v-p\">M\u00e1s de una d\u00e9cada que le ha permitido labrarse un nombre en Mallorca, con mucho trabajo y esfuerzo, algo que desde peque\u00f1o le inculcaron sus padres. Desde su llegada all\u00ed, pas\u00f3 por varios restaurantes y lleg\u00f3 un momento que, debido al agobio, se vio obligado a parar. \u00abDecid\u00ed tomarme una pausa y me march\u00e9 al Basque Culinary Center a estudiar gesti\u00f3n. La verdad es que fue una de las cosas m\u00e1s maravillosas que he hecho en mi vida. Par\u00e9 un a\u00f1o y puse en contexto muchas cosas que me hicieron ver la gastronom\u00eda de otra forma, desde una perspectiva m\u00e1s tranquila, y desde entonces todo ha ido a mejor\u00bb, reconoce.<\/p>\n<div class=\"v-c-cmp\">\n<div class=\"v-cmp-cmb\">\n<figure class=\"v-cmp-cmb__fig\">\n<div class=\"v-cmp-cmb__c\">\u00a0<\/div>\n<\/figure>\n<\/div>\n<\/div>\n<p class=\"v-p\">Con el paso del tiempo su prestigio crec\u00eda y eso le llev\u00f3 justo a donde est\u00e1 en la actualidad, a ser el jefe de cocina de El Olivo, el restaurante de uno de los hoteles m\u00e1s exclusivos de toda Mallorca. Uno en el que en su d\u00eda se hosped\u00f3 Diana de Gales y por el que tambi\u00e9n han pasado durante los \u00faltimos a\u00f1os personajes de la talla de Cristiano Ronaldo, Dua Lipa o recientemente Justin Bieber. Y aunque todav\u00eda no cuentan con estrella Michelin, ya que la gu\u00eda no pudo visitarles el a\u00f1o pasado, todo apunta a que muy pronto la conseguir\u00e1n. De hecho, este a\u00f1o s\u00ed que les han visitado.<\/p>\n<p class=\"v-p\">Sobre su cocina, Pablo explica que es \u00abmuy pensada y reflexionada\u00bb y que el sabor y el respeto al producto \u00abest\u00e1n por encima de todo\u00bb. \u00abLo que busco es que cuando un cliente come aqu\u00ed vea lo que soy yo y lo que es El Olivo\u00bb. Y lo cierto es que su propuesta est\u00e1 triunfando, con llenos a diarios y, seg\u00fan desvela el cocinero, reservas agotadas hasta final de a\u00f1o. Sobre si sue\u00f1a con hacerse con una estrella Michelin, el de Atarfe reconoce que se trata de \u00abun gran reconocimiento\u00bb que coloca a los que la tienen \u00aben un estatus diferente\u00bb. \u00abEs algo que necesitamos para seguir creciendo y que le dar\u00eda credibilidad a lo que estamos haciendo. Adem\u00e1s, si la recibimos nuestro poder de decisi\u00f3n dentro de la empresa ser\u00eda m\u00e1s fuerte\u00bb, reconoce.<\/p>\n<div class=\"v-c-cmp v-c-cmp--s\">\n<div class=\"v-cmp-m \">\n<div class=\"v-a v-a--cmp-m v-c-cmp--m-z\">\n<div class=\"v-a-img-c \"><img data-recalc-dims=\"1\" loading=\"lazy\" decoding=\"async\" class=\" wp-image-78458 aligncenter\" src=\"https:\/\/i0.wp.com\/miradordeatarfe.es\/wp-content\/uploads\/2025\/08\/cocinero-granadino-arrasa-mallorca4-kfE-650x455%40Ideal.jpg?resize=461%2C323&#038;ssl=1\" alt=\"\" width=\"461\" height=\"323\" srcset=\"https:\/\/i0.wp.com\/miradordeatarfe.es\/wp-content\/uploads\/2025\/08\/cocinero-granadino-arrasa-mallorca4-kfE-650x455%40Ideal.jpg?resize=300%2C210&amp;ssl=1 300w, https:\/\/i0.wp.com\/miradordeatarfe.es\/wp-content\/uploads\/2025\/08\/cocinero-granadino-arrasa-mallorca4-kfE-650x455%40Ideal.jpg?w=650&amp;ssl=1 650w\" sizes=\"auto, (max-width: 461px) 100vw, 461px\" \/><\/div>\n<\/div>\n<\/div>\n<\/div>\n<div class=\"v-c-cmp v-c-cmp--s\">\n<div class=\"v-cmp-m \">\n<div class=\"v-a v-a--cmp-m v-c-cmp--m-z\">\n<div class=\"v-a-img-c \">\n<figure class=\"v-a-fig\"><figcaption class=\"v-fc\"><span class=\"v-fc__t\"> Instalaciones de La Residencia, hotel en el que se encuentra El Olivo. <\/span> <span class=\"v-fc__p\"> Belmond La Residencia <\/span><\/figcaption><\/figure>\n<\/div>\n<\/div>\n<\/div>\n<\/div>\n<p class=\"v-p\">Pese a que Mallorca es donde ha encontrado el \u00e9xito, admite que le gustar\u00eda volver a Granada en el futuro: \u00abYo siempre digo que soy de Gran\u00e1 y que lo \u00fanico que no quiero perder en mi vida es el acento. S\u00ed que me gustar\u00eda volver, a qui\u00e9n no le gustar\u00eda regresar a su casa\u00bb. Sin embargo, comenta que ve ciertas cosas en Granada que le duelen. \u00abPara mi Mallorca no tiene m\u00e1s potencial que Granada, no tratan a la ciudad como se merece\u00bb. Y aunque le gustar\u00eda volver, no sabe si con el tiempo llegar\u00e1 a tener la oportunidad de hacerlo. \u00abA d\u00eda de hoy lo veo dif\u00edcil porque veo como se maltrata a cocineros que tienen un gran nivel y no son muy reconocidos. No me explico como cocineros como Ra\u00fal de Atelier o sitios como El Gallo y La Tana no son s\u00faper relevantes a nivel nacional\u00bb, finaliza.<\/p>\n<p>\u00a0\u00a0<img data-recalc-dims=\"1\" loading=\"lazy\" decoding=\"async\" class=\"alignnone  wp-image-78461\" src=\"https:\/\/i0.wp.com\/miradordeatarfe.es\/wp-content\/uploads\/2025\/08\/cocinero-granadino-arrasa-mallorca2-kfE-1200x851%40Ideal.webp?resize=401%2C285&#038;ssl=1\" alt=\"\" width=\"401\" height=\"285\" srcset=\"https:\/\/i0.wp.com\/miradordeatarfe.es\/wp-content\/uploads\/2025\/08\/cocinero-granadino-arrasa-mallorca2-kfE-1200x851%40Ideal.webp?resize=300%2C213&amp;ssl=1 300w, https:\/\/i0.wp.com\/miradordeatarfe.es\/wp-content\/uploads\/2025\/08\/cocinero-granadino-arrasa-mallorca2-kfE-1200x851%40Ideal.webp?resize=1024%2C726&amp;ssl=1 1024w, https:\/\/i0.wp.com\/miradordeatarfe.es\/wp-content\/uploads\/2025\/08\/cocinero-granadino-arrasa-mallorca2-kfE-1200x851%40Ideal.webp?resize=768%2C545&amp;ssl=1 768w, https:\/\/i0.wp.com\/miradordeatarfe.es\/wp-content\/uploads\/2025\/08\/cocinero-granadino-arrasa-mallorca2-kfE-1200x851%40Ideal.webp?w=1200&amp;ssl=1 1200w\" sizes=\"auto, (max-width: 401px) 100vw, 401px\" \/> <img data-recalc-dims=\"1\" loading=\"lazy\" decoding=\"async\" class=\"alignnone  wp-image-78462\" src=\"https:\/\/i0.wp.com\/miradordeatarfe.es\/wp-content\/uploads\/2025\/08\/cocinero-granadino-arrasa-mallorca-kfE-1200x841%40Ideal.webp?resize=406%2C284&#038;ssl=1\" alt=\"\" width=\"406\" height=\"284\" srcset=\"https:\/\/i0.wp.com\/miradordeatarfe.es\/wp-content\/uploads\/2025\/08\/cocinero-granadino-arrasa-mallorca-kfE-1200x841%40Ideal.webp?resize=300%2C210&amp;ssl=1 300w, https:\/\/i0.wp.com\/miradordeatarfe.es\/wp-content\/uploads\/2025\/08\/cocinero-granadino-arrasa-mallorca-kfE-1200x841%40Ideal.webp?resize=1024%2C718&amp;ssl=1 1024w, https:\/\/i0.wp.com\/miradordeatarfe.es\/wp-content\/uploads\/2025\/08\/cocinero-granadino-arrasa-mallorca-kfE-1200x841%40Ideal.webp?resize=768%2C538&amp;ssl=1 768w, https:\/\/i0.wp.com\/miradordeatarfe.es\/wp-content\/uploads\/2025\/08\/cocinero-granadino-arrasa-mallorca-kfE-1200x841%40Ideal.webp?w=1200&amp;ssl=1 1200w\" sizes=\"auto, (max-width: 406px) 100vw, 406px\" \/><\/p>\n","protected":false},"excerpt":{"rendered":"<p>El cocinero granadino de Atarfe que arrasa en Mallorca y aspira a la estrella Michelin:&#8230;<\/p>\n","protected":false},"author":1,"featured_media":78459,"comment_status":"closed","ping_status":"closed","sticky":false,"template":"","format":"standard","meta":{"_coblocks_attr":"","_coblocks_dimensions":"","_coblocks_responsive_height":"","_coblocks_accordion_ie_support":"","jetpack_post_was_ever_published":false,"_jetpack_newsletter_access":"","_jetpack_dont_email_post_to_subs":false,"_jetpack_newsletter_tier_id":0,"_jetpack_memberships_contains_paywalled_content":false,"_jetpack_memberships_contains_paid_content":false,"footnotes":"","jetpack_publicize_message":"","jetpack_publicize_feature_enabled":true,"jetpack_social_post_already_shared":true,"jetpack_social_options":{"image_generator_settings":{"template":"highway","default_image_id":0,"enabled":false},"version":2}},"categories":[2,44,6539],"tags":[],"class_list":["post-78457","post","type-post","status-publish","format-standard","has-post-thumbnail","hentry","category-atarfe","category-noticias-de-hoy","category-personajes-de-ataref"],"jetpack_publicize_connections":[],"jetpack_featured_media_url":"https:\/\/i0.wp.com\/miradordeatarfe.es\/wp-content\/uploads\/2025\/08\/cocinero-granadino-arrasa-mallorca-aspira-estrella-michelin-kfE-U2302475761642CPI-1200x840%40Ideal.webp?fit=1200%2C840&ssl=1","jetpack_likes_enabled":true,"jetpack_sharing_enabled":true,"_links":{"self":[{"href":"https:\/\/miradordeatarfe.es\/index.php?rest_route=\/wp\/v2\/posts\/78457","targetHints":{"allow":["GET"]}}],"collection":[{"href":"https:\/\/miradordeatarfe.es\/index.php?rest_route=\/wp\/v2\/posts"}],"about":[{"href":"https:\/\/miradordeatarfe.es\/index.php?rest_route=\/wp\/v2\/types\/post"}],"author":[{"embeddable":true,"href":"https:\/\/miradordeatarfe.es\/index.php?rest_route=\/wp\/v2\/users\/1"}],"replies":[{"embeddable":true,"href":"https:\/\/miradordeatarfe.es\/index.php?rest_route=%2Fwp%2Fv2%2Fcomments&post=78457"}],"version-history":[{"count":1,"href":"https:\/\/miradordeatarfe.es\/index.php?rest_route=\/wp\/v2\/posts\/78457\/revisions"}],"predecessor-version":[{"id":78463,"href":"https:\/\/miradordeatarfe.es\/index.php?rest_route=\/wp\/v2\/posts\/78457\/revisions\/78463"}],"wp:featuredmedia":[{"embeddable":true,"href":"https:\/\/miradordeatarfe.es\/index.php?rest_route=\/wp\/v2\/media\/78459"}],"wp:attachment":[{"href":"https:\/\/miradordeatarfe.es\/index.php?rest_route=%2Fwp%2Fv2%2Fmedia&parent=78457"}],"wp:term":[{"taxonomy":"category","embeddable":true,"href":"https:\/\/miradordeatarfe.es\/index.php?rest_route=%2Fwp%2Fv2%2Fcategories&post=78457"},{"taxonomy":"post_tag","embeddable":true,"href":"https:\/\/miradordeatarfe.es\/index.php?rest_route=%2Fwp%2Fv2%2Ftags&post=78457"}],"curies":[{"name":"wp","href":"https:\/\/api.w.org\/{rel}","templated":true}]}}