{"id":78470,"date":"2025-09-06T09:06:50","date_gmt":"2025-09-06T07:06:50","guid":{"rendered":"https:\/\/miradordeatarfe.es\/?p=78470"},"modified":"2025-08-28T19:10:59","modified_gmt":"2025-08-28T17:10:59","slug":"que-es-la-luna-roja-de-sangre-y-donde-y-cuando-verla-en-el-cielo-de-granada","status":"publish","type":"post","link":"https:\/\/miradordeatarfe.es\/?p=78470","title":{"rendered":"Qu\u00e9 es la luna roja de Sangre y d\u00f3nde y cu\u00e1ndo verla en el cielo de Granada"},"content":{"rendered":"<h2 class=\"subtitle-atom B-500-400-300-N B-525-400-300-N--md mb-3_5\">El eclipse total de Luna ser\u00e1 el 7 de septiembre, estas son las zonas y mejores horas para verlo en su plenitud.<\/h2>\n<p class=\"paragraph-atom B-510-400-550-N B-525-400-700-N--md\">Luna roja o <strong>Luna de sangre,<\/strong> son los <strong>nombres &#8216;comerciales&#8217;<\/strong> o m\u00e1s conocidos del fen\u00f3meno que tendr\u00e1 lugar el <strong>pr\u00f3ximo 7 de septiembre <\/strong>que, en realidad, es un <strong>eclipse total de luna<\/strong> en el que el sat\u00e9lite se vestir\u00e1 de un <strong>tono rojizo precioso <\/strong>a la vista. Seg\u00fan el <a href=\"https:\/\/astronomia.ign.es\/web\/guest\/inicio-estaciones\" rel=\"nofollow\" data-mrf-recirculation=\"Enlace\" data-mrf-link=\"https:\/\/astronomia.ign.es\/web\/guest\/inicio-estaciones\">Instituto Geogr\u00e1fico Nacional <\/a>(IGN) ser\u00e1 \u00ab<a href=\"https:\/\/www.granadahoy.com\/vivir\/fiestas-santa-fe-2025-programa_0_2004622202.html\" target=\"_blank\" rel=\"noopener\" data-mrf-recirculation=\"Enlace\" data-mrf-link=\"https:\/\/www.granadahoy.com\/vivir\/fiestas-santa-fe-2025-programa_0_2004622202.html\">visible <\/a>desde gran parte del mundo y que en Espa\u00f1a podr\u00e1 verse como total, excepto en las zonas m\u00e1s occidentales de Galicia y en las Islas Canarias\u00bb por lo que desde <strong>Granada <\/strong>podr\u00e1 ser <strong>observado perfectamente.<\/strong><\/p>\n<h2 class=\"heading-atom B-600-500-200-N B-650-500-300-N--md heading\">Sin necesidad de usar telescopio<\/h2>\n<p class=\"paragraph-atom B-510-400-550-N B-525-400-700-N--md\">Para los <strong>amantes del cielo y sus fen\u00f3menos,<\/strong> el IGN recuerda que la observaci\u00f3n del <strong>eclipse de Luna roja<\/strong> \u00abse puede realizar a simple vista y no entra\u00f1a ning\u00fan <strong>peligro ni requiere ning\u00fan tipo de instrumentaci\u00f3n especial<\/strong>\u00ab.<\/p>\n<p class=\"paragraph-atom B-510-400-550-N B-525-400-700-N--md\">Este <strong>fen\u00f3meno <\/strong>ya tuvo lugar el pasado <strong>mes de marzo <\/strong>cuando, como en el caso del de septiembre, \u00abla Luna no estar\u00e1 completamente oscura, sino que tomar\u00e1 un tono <a href=\"https:\/\/www.granadahoy.com\/vivir\/eclipse-total-luna-roja-granada-hora-lugares_0_2003506907.html\" target=\"_blank\" rel=\"noopener\" data-mrf-recirculation=\"Enlace\" data-mrf-link=\"https:\/\/www.granadahoy.com\/vivir\/eclipse-total-luna-roja-granada-hora-lugares_0_2003506907.html\">rojizo<\/a>, eso se debe a <strong>parte de la luz solar <\/strong>que es desviada por la atm\u00f3sfera <strong>terrestre<\/strong>\u00ab.<\/p>\n<h2 class=\"heading-atom B-600-500-200-N B-650-500-300-N--md heading\">D\u00f3nde verlo en Granada<\/h2>\n<p class=\"paragraph-atom B-510-400-550-N B-525-400-700-N--md\">En <strong>Granada<\/strong>, as\u00ed como en toda Espa\u00f1a salvo en el extremo m\u00e1s occidental de Galicia y las islas Canarias, \u00abla Luna saldr\u00e1 totalmente eclipsada, por lo que se ver\u00e1 el <strong>final de la fase total<\/strong>, pero no el comienzo\u00bb, as\u00ed que podr\u00e1 verse a simple vista tanto en la <strong>capital <\/strong>como en el <strong>resto de la provincia.<\/strong><\/p>\n<p class=\"paragraph-atom B-510-400-550-N B-525-400-700-N--md\">Durante el eclipse total, <strong>la Luna <\/strong>\u00abno estar\u00e1 completamente oscura, sino que tomar\u00e1 un<strong> tono rojizo<\/strong>, eso se debe a parte de la luz solar que es desviada por la atm\u00f3sfera terrestre\u00bb.<\/p>\n<h2 class=\"heading-atom B-600-500-200-N B-650-500-300-N--md heading\">Las mejores horas para ver el eclipse de Luna roja en Granada<\/h2>\n<p class=\"paragraph-atom B-510-400-550-N B-525-400-700-N--md\">La luna saldr\u00e1 el <strong>pr\u00f3ximo 7 de septiembre,<\/strong> seg\u00fan el mapa horario del IGN, a las<strong> 20:32 de la tarde<\/strong> y se pondr\u00e1 a las 7:18 horas y la <strong>plenitud del eclipse tendr\u00e1 lugar a las 20:11 <\/strong>horas, indica el Instituto. Las horas en las que el fen\u00f3meno podr\u00e1 verse con mayor intensidad ser\u00e1 entre las 19:40 horas y las 20:20 horas.<\/p>\n<p class=\"paragraph-atom B-510-400-550-N B-525-400-700-N--md\">A partir de ese momento la luna mantendr\u00e1 ese<strong> color rojizo<\/strong> que ir\u00e1 desapareciendo paulatinamente conforme pasen las horas y se aproxime el<strong> amanecer. <\/strong>El eclipse parcial comenzar\u00e1 a las <strong>18:27 horas en Granada<\/strong> y terminar\u00e1 a las 21:56. <strong>El eclipse total <\/strong>se inciar\u00e1 a las<strong> 19:31 horas y finalizar\u00e1 a las 20:53 horas. <\/strong><\/p>\n<div class=\"author-content\"><a class=\"author-content-name A-300-700-500-N\" href=\"https:\/\/www.granadahoy.com\/alba_rodriguez\/\" data-mrf-link=\"https:\/\/www.granadahoy.com\/alba_rodriguez\/\">Alba R. Romero <small class=\"author-content-position A-300-700-500-N\">&#8211; Redactor<\/small><\/a>a<\/div>\n<div>\u00a0<\/div>\n<figure class=\"image\"><figcaption class=\"figcaption-atom caption A-200-300-500-N color-neutral500\"><span class=\"text\">Imagen de archivo de un eclipse de Luna Roja.<\/span> \/ <span class=\"signature color-neutral900 tt-u\">G. H.<\/span><\/figcaption><\/figure>\n<footer class=\"footer\">\n<div class=\"authors\">\n<div class=\"author\" data-mrf-recirculation=\"Autor\"><a class=\"author-content-name A-300-700-500-N\" href=\"https:\/\/www.granadahoy.com\/alba_rodriguez\/\" data-mrf-link=\"https:\/\/www.granadahoy.com\/alba_rodriguez\/\"><small class=\"author-content-position A-300-700-500-N\">a<\/small><\/a><\/div>\n<\/div>\n<\/footer>\n<p>&nbsp;<\/p>\n","protected":false},"excerpt":{"rendered":"<p>El eclipse total de Luna ser\u00e1 el 7 de septiembre, estas son las zonas y&#8230;<\/p>\n","protected":false},"author":1,"featured_media":78471,"comment_status":"closed","ping_status":"closed","sticky":false,"template":"","format":"standard","meta":{"_coblocks_attr":"","_coblocks_dimensions":"","_coblocks_responsive_height":"","_coblocks_accordion_ie_support":"","jetpack_post_was_ever_published":false,"_jetpack_newsletter_access":"","_jetpack_dont_email_post_to_subs":false,"_jetpack_newsletter_tier_id":0,"_jetpack_memberships_contains_paywalled_content":false,"_jetpack_memberships_contains_paid_content":false,"footnotes":"","jetpack_publicize_message":"","jetpack_publicize_feature_enabled":true,"jetpack_social_post_already_shared":true,"jetpack_social_options":{"image_generator_settings":{"template":"highway","default_image_id":0,"enabled":false},"version":2}},"categories":[2,1161,9,44],"tags":[],"class_list":["post-78470","post","type-post","status-publish","format-standard","has-post-thumbnail","hentry","category-atarfe","category-ciudadania","category-medio-ambiente","category-noticias-de-hoy"],"jetpack_publicize_connections":[],"jetpack_featured_media_url":"https:\/\/i0.wp.com\/miradordeatarfe.es\/wp-content\/uploads\/2025\/08\/74f0c1f9-9cb7-4831-a4d1-be7bf483dd4e_16-9-aspect-ratio_1600w_0.webp?fit=1600%2C900&ssl=1","jetpack_likes_enabled":true,"jetpack_sharing_enabled":true,"_links":{"self":[{"href":"https:\/\/miradordeatarfe.es\/index.php?rest_route=\/wp\/v2\/posts\/78470","targetHints":{"allow":["GET"]}}],"collection":[{"href":"https:\/\/miradordeatarfe.es\/index.php?rest_route=\/wp\/v2\/posts"}],"about":[{"href":"https:\/\/miradordeatarfe.es\/index.php?rest_route=\/wp\/v2\/types\/post"}],"author":[{"embeddable":true,"href":"https:\/\/miradordeatarfe.es\/index.php?rest_route=\/wp\/v2\/users\/1"}],"replies":[{"embeddable":true,"href":"https:\/\/miradordeatarfe.es\/index.php?rest_route=%2Fwp%2Fv2%2Fcomments&post=78470"}],"version-history":[{"count":1,"href":"https:\/\/miradordeatarfe.es\/index.php?rest_route=\/wp\/v2\/posts\/78470\/revisions"}],"predecessor-version":[{"id":78472,"href":"https:\/\/miradordeatarfe.es\/index.php?rest_route=\/wp\/v2\/posts\/78470\/revisions\/78472"}],"wp:featuredmedia":[{"embeddable":true,"href":"https:\/\/miradordeatarfe.es\/index.php?rest_route=\/wp\/v2\/media\/78471"}],"wp:attachment":[{"href":"https:\/\/miradordeatarfe.es\/index.php?rest_route=%2Fwp%2Fv2%2Fmedia&parent=78470"}],"wp:term":[{"taxonomy":"category","embeddable":true,"href":"https:\/\/miradordeatarfe.es\/index.php?rest_route=%2Fwp%2Fv2%2Fcategories&post=78470"},{"taxonomy":"post_tag","embeddable":true,"href":"https:\/\/miradordeatarfe.es\/index.php?rest_route=%2Fwp%2Fv2%2Ftags&post=78470"}],"curies":[{"name":"wp","href":"https:\/\/api.w.org\/{rel}","templated":true}]}}