{"id":78474,"date":"2025-09-04T09:13:02","date_gmt":"2025-09-04T07:13:02","guid":{"rendered":"https:\/\/miradordeatarfe.es\/?p=78474"},"modified":"2025-09-04T18:48:31","modified_gmt":"2025-09-04T16:48:31","slug":"luna-roja-de-septiembre-2025-horarios-curiosidades-y-donde-observar-el-eclipse-total","status":"publish","type":"post","link":"https:\/\/miradordeatarfe.es\/?p=78474","title":{"rendered":"Luna roja de septiembre 2025: horarios, curiosidades y d\u00f3nde observar el eclipse total"},"content":{"rendered":"<p><span style=\"font-size: 14pt;\"><strong>El 7 de septiembre de 2025 la luna roja ser\u00e1 visible en Espa\u00f1a y gran parte del mundo con 83 minutos de eclipse total.<\/strong><\/span><\/p>\n<div data-v-8e0168cf=\"\">\n<p>La noche del <strong>7 al 8 de septiembre de 2025<\/strong> el cielo volver\u00e1 a ofrecer un espect\u00e1culo inolvidable: una luna roja (o <strong>Luna de Sangre<\/strong>), visible en gran parte del mundo y con una duraci\u00f3n excepcional de m\u00e1s de <strong>80 minutos de totalidad<\/strong>. Ser\u00e1 el eclipse lunar total m\u00e1s largo del a\u00f1o y uno de los m\u00e1s destacados de la d\u00e9cada.<\/p>\n<h2 class=\"wp-block-heading\"><strong>Qu\u00e9 es realmente una luna roja (o luna de sangre)<\/strong><\/h2>\n<p>El t\u00e9rmino se ha popularizado en los \u00faltimos a\u00f1os, pero no describe otra cosa que un <strong>eclipse lunar total<\/strong>. Durante el fen\u00f3meno, la Tierra se coloca justo entre el Sol y la Luna, proyectando su sombra sobre el sat\u00e9lite.<\/p>\n<p>un as\u00ed, la Luna no desaparece de nuestra vista. La luz del Sol, filtrada por la atm\u00f3sfera terrestre, consigue bordear el planeta y alcanzar la superficie lunar. Esa luz llega te\u00f1ida de tonos <strong>rojos y anaranjados<\/strong>, los mismos que vemos en los amaneceres y atardeceres.<\/p>\n<p>El color no siempre es id\u00e9ntico. A veces es rojizo intenso, otras se inclina hacia el naranja oscuro. Todo depende de lo que haya en suspensi\u00f3n en la atm\u00f3sfera en ese momento: polvo, humedad o incluso part\u00edculas volc\u00e1nicas.<\/p>\n<h2 class=\"wp-block-heading\"><strong>Horarios del eclipse lunar en Espa\u00f1a<\/strong><\/h2>\n<p>El <strong>Instituto Geogr\u00e1fico Nacional (IGN)<\/strong> ha detallado los tiempos de observaci\u00f3n para la Pen\u00ednsula y Canarias.<\/p>\n<ul class=\"wp-block-list\">\n<li>\u2013<strong>Inicio de la totalidad:<\/strong> 19:31 h peninsular.<\/li>\n<li>\u2013<strong>M\u00e1ximo del eclipse:<\/strong> 20:11 h.<\/li>\n<li>\u2013<strong>Fin de la totalidad:<\/strong> 20:53 h.<\/li>\n<\/ul>\n<p>En la mayor parte del pa\u00eds podr\u00e1 verse completo, aunque en el <strong>oeste de Galicia y en las islas Canarias<\/strong> la Luna saldr\u00e1 ya te\u00f1ida de rojo, lo que dar\u00e1 lugar a im\u00e1genes muy llamativas al coincidir con el horizonte. Ser\u00e1, adem\u00e1s, el segundo y \u00faltimo eclipse lunar visible desde Espa\u00f1a en 2025.<\/p>\n<h2 class=\"wp-block-heading\"><strong>Un eclipse lunar de gran alcance internacional<\/strong><\/h2>\n<p>El evento tendr\u00e1 una visibilidad muy amplia: <strong>Europa, \u00c1frica, Asia y Ocean\u00eda<\/strong> estar\u00e1n dentro de la franja privilegiada. En ciudades como <strong>El Cairo<\/strong> o <strong>Ciudad del Cabo<\/strong> el eclipse alcanzar\u00e1 su punto \u00e1lgido en torno a las ocho de la tarde. En <strong>Mumbai<\/strong> se ver\u00e1 ya de madrugada, mientras que en <strong>Perth<\/strong>, en la costa australiana, comenzar\u00e1 hacia la 1:30 de la ma\u00f1ana.<\/p>\n<p>Norteam\u00e9rica quedar\u00e1 fuera casi por completo, salvo una franja en el extremo occidental de Alaska, donde solo podr\u00e1 apreciarse de manera parcial.<\/p>\n<\/div>\n<h2 class=\"wp-block-heading\"><strong>Un fen\u00f3meno con historia y simbolismo<\/strong><\/h2>\n<p>Desde tiempos antiguos, el sat\u00e9lite te\u00f1ido de rojo ha generado <strong>mitos y supersticiones<\/strong>. En la Europa medieval se ve\u00eda como presagio de guerras. En las culturas mesoamericanas, como anuncio de cambios dr\u00e1sticos o cat\u00e1strofes. Hoy se sabe que se trata de un efecto \u00f3ptico explicado por la dispersi\u00f3n de Rayleigh, pero el t\u00e9rmino \u00abLuna de Sangre\u00bb sigue cargado de un aura especial.<\/p>\n<p>En astronom\u00eda, estos eclipses no son tan frecuentes como las lunas llenas habituales. Siguen un patr\u00f3n denominado <strong>ciclo de Saros<\/strong>, que repite fen\u00f3menos muy similares cada 18 a\u00f1os y 11 d\u00edas. El eclipse de 2025 se enlaza as\u00ed con otros ocurridos en d\u00e9cadas anteriores.<\/p>\n<h2 class=\"wp-block-heading\"><strong>La escala de Danjon: del gris al rojo brillante<\/strong><\/h2>\n<p>Para medir la intensidad luminosa de un eclipse lunar, los astr\u00f3nomos emplean la <strong>escala de Danjon<\/strong>, creada en 1921. Esta va de L=0, cuando la Luna apenas es visible, a L=4, un rojo brillante y luminoso.<\/p>\n<p>En el caso de septiembre de 2025, al coincidir con el <strong>perigeo lunar<\/strong> (el punto m\u00e1s cercano de la \u00f3rbita a la Tierra), los especialistas esperan un eclipse particularmente oscuro y de tonalidades intensas.<\/p>\n<h2 class=\"wp-block-heading\"><strong>C\u00f3mo observar la Luna roja<\/strong><\/h2>\n<p>No se necesitan filtros ni gafas especiales, a diferencia de los eclipses solares. Observar un eclipse lunar es completamente <strong>seguro a simple vista<\/strong>.<\/p>\n<p>Aun as\u00ed, algunos consejos mejoran la experiencia:<\/p>\n<ul class=\"wp-block-list\">\n<li>Buscar un lugar sin contaminaci\u00f3n lum\u00ednica. Playas, miradores y monta\u00f1as suelen ser ideales.<\/li>\n<li>Utilizar <strong>binoculares o telescopios<\/strong> para apreciar cr\u00e1teres y detalles de la superficie.<\/li>\n<li>Llevar c\u00e1mara y tr\u00edpode. Con un ISO alto y tiempos de exposici\u00f3n ajustados es posible obtener im\u00e1genes espectaculares.<\/li>\n<li>Llegar con tiempo. El proceso completo, incluidas fases penumbrales y parciales, se prolongar\u00e1 por m\u00e1s de cinco horas.<\/li>\n<\/ul>\n<h2 class=\"wp-block-heading\"><strong>Un recuerdo de eclipses pasados<\/strong><\/h2>\n<p>El \u00faltimo gran eclipse lunar visible desde Espa\u00f1a se produjo en <strong>mayo de 2022<\/strong>, con una tonalidad rojiza intensa que despert\u00f3 gran expectaci\u00f3n en redes sociales. Aquella madrugada, miles de personas siguieron el fen\u00f3meno desde miradores urbanos y zonas rurales.<\/p>\n<p>El de septiembre de 2025 promete tener un eco similar, no solo por su duraci\u00f3n r\u00e9cord, sino porque llegar\u00e1 en un momento del a\u00f1o en el que el tiempo suele acompa\u00f1ar para la observaci\u00f3n.<\/p>\n","protected":false},"excerpt":{"rendered":"<p>El 7 de septiembre de 2025 la luna roja ser\u00e1 visible en Espa\u00f1a y gran&#8230;<\/p>\n","protected":false},"author":1,"featured_media":78757,"comment_status":"closed","ping_status":"closed","sticky":false,"template":"","format":"standard","meta":{"_coblocks_attr":"","_coblocks_dimensions":"","_coblocks_responsive_height":"","_coblocks_accordion_ie_support":"","jetpack_post_was_ever_published":false,"_jetpack_newsletter_access":"","_jetpack_dont_email_post_to_subs":false,"_jetpack_newsletter_tier_id":0,"_jetpack_memberships_contains_paywalled_content":false,"_jetpack_memberships_contains_paid_content":false,"footnotes":"","jetpack_publicize_message":"","jetpack_publicize_feature_enabled":true,"jetpack_social_post_already_shared":true,"jetpack_social_options":{"image_generator_settings":{"template":"highway","default_image_id":0,"enabled":false},"version":2}},"categories":[1161,9,44],"tags":[],"class_list":["post-78474","post","type-post","status-publish","format-standard","has-post-thumbnail","hentry","category-ciudadania","category-medio-ambiente","category-noticias-de-hoy"],"jetpack_publicize_connections":[],"jetpack_featured_media_url":"https:\/\/i0.wp.com\/miradordeatarfe.es\/wp-content\/uploads\/2025\/09\/luna.jpeg?fit=316%2C172&ssl=1","jetpack_likes_enabled":true,"jetpack_sharing_enabled":true,"_links":{"self":[{"href":"https:\/\/miradordeatarfe.es\/index.php?rest_route=\/wp\/v2\/posts\/78474","targetHints":{"allow":["GET"]}}],"collection":[{"href":"https:\/\/miradordeatarfe.es\/index.php?rest_route=\/wp\/v2\/posts"}],"about":[{"href":"https:\/\/miradordeatarfe.es\/index.php?rest_route=\/wp\/v2\/types\/post"}],"author":[{"embeddable":true,"href":"https:\/\/miradordeatarfe.es\/index.php?rest_route=\/wp\/v2\/users\/1"}],"replies":[{"embeddable":true,"href":"https:\/\/miradordeatarfe.es\/index.php?rest_route=%2Fwp%2Fv2%2Fcomments&post=78474"}],"version-history":[{"count":1,"href":"https:\/\/miradordeatarfe.es\/index.php?rest_route=\/wp\/v2\/posts\/78474\/revisions"}],"predecessor-version":[{"id":78475,"href":"https:\/\/miradordeatarfe.es\/index.php?rest_route=\/wp\/v2\/posts\/78474\/revisions\/78475"}],"wp:featuredmedia":[{"embeddable":true,"href":"https:\/\/miradordeatarfe.es\/index.php?rest_route=\/wp\/v2\/media\/78757"}],"wp:attachment":[{"href":"https:\/\/miradordeatarfe.es\/index.php?rest_route=%2Fwp%2Fv2%2Fmedia&parent=78474"}],"wp:term":[{"taxonomy":"category","embeddable":true,"href":"https:\/\/miradordeatarfe.es\/index.php?rest_route=%2Fwp%2Fv2%2Fcategories&post=78474"},{"taxonomy":"post_tag","embeddable":true,"href":"https:\/\/miradordeatarfe.es\/index.php?rest_route=%2Fwp%2Fv2%2Ftags&post=78474"}],"curies":[{"name":"wp","href":"https:\/\/api.w.org\/{rel}","templated":true}]}}