{"id":7850,"date":"2016-03-27T10:00:33","date_gmt":"2016-03-27T08:00:33","guid":{"rendered":"http:\/\/miradordeatarfe.es\/?p=7850"},"modified":"2019-12-28T12:55:23","modified_gmt":"2019-12-28T11:55:23","slug":"la-religion-en-atarfe-por-jose-enrique-granados","status":"publish","type":"post","link":"https:\/\/miradordeatarfe.es\/?p=7850","title":{"rendered":"\u00abLA RELIGI\u00d3N EN ATARFE\u00bb por Jos\u00e9 Enrique Granados"},"content":{"rendered":"<p style=\"text-align: justify;\">EL JUEVES SANTO Y OTRAS CEREMONIAS RELIGIOSAS<!--more--><\/p>\n<p style=\"text-align: justify;\">Hoy Jueves Santo traemos a la Gacetilla una fotograf\u00eda datada de mediados del siglo pasado, cortes\u00eda de Mar\u00eda Victoria Correa, en donde podemos contemplar a Nuestro Padre Jes\u00fas Nazareno en sus andas procesionales, antes de iniciarse la procesi\u00f3n por las calles de nuestro pueblo. Delante de \u00e9l vemos a cinco personas, tres mujeres de mantilla al centro, escoltadas a ambos lados por dos varones. Reconozco tan solo a Emilio Mar\u00edn y su mujer Lola \u201cLa Pistola\u201d.<\/p>\n<p style=\"text-align: justify;\">En la Semana Santa<span class=\"text_exposed_show\"> se juntan tradici\u00f3n, respeto y creencia. Por eso queremos aprovechar la ocasi\u00f3n para describir algunas reglas de protocolo para estos d\u00edas (ABC, 19 abril 2014). Las mantillas negras se usan como se\u00f1al de luto por la pasi\u00f3n y muerte de Jesucristo, por lo tanto la persona que la viste ha de conservar la compostura mientras la lleva.<\/span><\/p>\n<div class=\"text_exposed_show\">\n<p style=\"text-align: justify;\">La mantilla puede ser de blonda (para las se\u00f1oras de m\u00e1s edad), o de chantilly (para las m\u00e1s j\u00f3venes). Las m\u00e1s econ\u00f3micas son de tul, bien labrado o bien imitaci\u00f3n de encaje de Bruselas. El Jueves Santo la mantilla se viste dejando descubiertos cara y pelo. Sin embargo, el Viernes Santo, conmemoraci\u00f3n de la muerte de Cristo, la mantilla se coloca cubriendo la frente con la blonda sobre la misma unos 2 o 3 cent\u00edmetros. Siempre se coloca a la altura de las manos y, por detr\u00e1s, no debe sobrepasar el largo del vestido.<\/p>\n<p style=\"text-align: justify;\">Como hemos dicho, se tiene que ir de luto riguroso y en el caso de los hombres, deben vestir con un traje oscuro con corbata tambi\u00e9n de esta tonalidad.<\/p>\n<p style=\"text-align: justify;\">El vestido ha de ser negro de terciopelo o de crep\u00e9, de manga larga o semilarga, por las rodillas y escote barco o a la caja. El escote en pico est\u00e1 permitido siempre que no deje ver el \u00abcanalillo\u00bb. Debe evitarse un vestido demasiado ce\u00f1ido y nunca entero de guipur (encaje). El pelo debe de ir recogido en mo\u00f1o bajo, donde se sujetar\u00e1 la peina y el maquillaje ha de ser suave, nada recargado y los labios s\u00f3lo con un discreto brillo o nude.<br \/>\nUn accesorio important\u00edsimo es el broche que sujeta la mantilla o la peina por detr\u00e1s, en la nuca. El broche tiene que ser de plata o de oro blanco. Los pendientes son siempre largos, de plata o con brillantes. Tambi\u00e9n est\u00e1n los llamados \u00abde Virgen\u00bb, de circonitas. Se admiten pendientes de perlas, pero siempre largos.<\/p>\n<p style=\"text-align: justify;\">Jam\u00e1s se llevan flores en el pelo ni en la solapa vistiendo mantilla. Se puede llevar un colgante de plata en el cuello, o bien una cadenita con una cruz. Tambi\u00e9n se puede llevar collar de perlas en se\u00f1oras de m\u00e1s edad.<\/p>\n<p style=\"text-align: justify;\">Nuestro Padre Jes\u00fas Nazareno es una imagen que tiene uno de sus brazos articulados y cando se procesionaba, separando el brazo de la Cruz, bendec\u00eda a todos los asistentes en medio de un gran silencio y fervor.<\/p>\n<p style=\"text-align: justify;\">Curiosidades elvirenses.<\/p>\n<p style=\"text-align: justify;\"><a href=\"https:\/\/i0.wp.com\/miradordeatarfe.es\/wp-content\/uploads\/2016\/03\/AT.jpg?ssl=1\" rel=\"attachment wp-att-7851\"><img data-recalc-dims=\"1\" loading=\"lazy\" decoding=\"async\" class=\"alignnone size-full wp-image-7851\" src=\"https:\/\/i0.wp.com\/miradordeatarfe.es\/wp-content\/uploads\/2016\/03\/AT.jpg?resize=276%2C395&#038;ssl=1\" alt=\"AT\" width=\"276\" height=\"395\" srcset=\"https:\/\/i0.wp.com\/miradordeatarfe.es\/wp-content\/uploads\/2016\/03\/AT.jpg?w=276&amp;ssl=1 276w, https:\/\/i0.wp.com\/miradordeatarfe.es\/wp-content\/uploads\/2016\/03\/AT.jpg?resize=210%2C300&amp;ssl=1 210w\" sizes=\"auto, (max-width: 276px) 100vw, 276px\" \/><\/a><\/p>\n<\/div>\n<p style=\"text-align: justify;\"><strong><\/strong><\/p>\n<p>Hasta hace pocos a\u00f1os la religi\u00f3n y la Iglesia Cat\u00f3lica eran ejes fundamentales de la sociedad espa\u00f1ola \u201coficialista\u201d. Hist\u00f3ricamente, \u00e9stas han ejercido una fuerte influencia en nuestro pa\u00eds. En la Restauraci\u00f3n (1874-1931) la burgues\u00eda conservadora en el poder favoreci\u00f3 el desarrollo de las principales v\u00edas de intervenci\u00f3n social en la Iglesia (educaci\u00f3n y beneficencia), y la implantaci\u00f3n de \u00f3rdenes religiosas en todo el pa\u00eds.<\/p>\n<p>Aunque durante la II Rep\u00fablica se intento secul<span class=\"text_exposed_show\">arizar la sociedad, la guerra civil y posterior dictadura supuso una vuelta al orden de las cosas. A cambio del apoyo pol\u00edtico que ofreci\u00f3 el clero al franquismo, el r\u00e9gimen concedi\u00f3 a la Iglesia amplios privilegios. Es el llamado nacional-catolicismo. Las ceremonias religiosas, muchas de ellas de un gran significado pol\u00edtico, forman parte del ambicioso proyecto de recristianizaci\u00f3n de la sociedad emprendido por la Iglesia en la postguerra. El calendario lit\u00fargico se compon\u00eda de innumerables ritos: novenas, triduos, rosarios de la aurora, ejercicios espirituales en Semana Santa, etc. Los principales actos religiosos eran los bautizos, las primeras comuniones, los matrimonios y los entierros. Pr\u00e1cticamente todos los espa\u00f1oles cumpl\u00edan con estos preceptos, con los sacramentos. <\/span><\/p>\n<div class=\"text_exposed_show\">\n<p>Y mayo, era (sigue siendo) el mes de las primeras comuniones. Todos los ni\u00f1os y ni\u00f1as en la edad preceptiva (ha ido cambiando en estos \u00faltimos a\u00f1os) ese d\u00eda eran los protagonistas de un evento importante en sus vidas, hasta entonces el d\u00eda m\u00e1s feliz de la vida, porque todo giraba en torno a la trascendencia y significado religioso del hecho: \u00a1recibir a Dios por vez primera!<\/p>\n<p>Ellos, con traje de marinero, guantes blancos, crucifijo plateado, dorado o de n\u00e1car, pendiente de un cord\u00f3n con borla. Como complementos habituales, misal con portadas nacaradas, devocionario y rosario de plata, n\u00e1car o cristal. Ellas, con traje de princesitas parecido a las galas nupciales, muy habitualmente de organd\u00ed, de largo variable seg\u00fan la moda del momento, con tocado de flores y tules en blanco representando la pureza; con guantes, limosnera, misal, rosario, recordatorios y cadenita al cuello.<\/p>\n<p>Bodas, alguna fiesta o conmemoraci\u00f3n especial y primeras comuniones, eran las ocasiones se\u00f1aladas y reservadas en aquellos a\u00f1os para las fotograf\u00edas. Las individuales, con un solemne decorado. Las colectivas, como \u00e9sta, cortes\u00eda de Fuencisla Moreno Rueda, fechada en 1966 y realizada en el cancel de la plaza de la Iglesia. En esta ocasi\u00f3n son las alumnas de la escuela de la Se\u00f1orita Anita Pozo, quienes posan tras haber comulgado por primera vez.<\/p>\n<p>Curiosidades elvirenses.<\/p>\n<p><a href=\"https:\/\/i0.wp.com\/miradordeatarfe.es\/wp-content\/uploads\/2016\/03\/COMUN.jpg?ssl=1\" rel=\"attachment wp-att-7852\"><img data-recalc-dims=\"1\" loading=\"lazy\" decoding=\"async\" class=\"alignnone size-full wp-image-7852\" src=\"https:\/\/i0.wp.com\/miradordeatarfe.es\/wp-content\/uploads\/2016\/03\/COMUN.jpg?resize=640%2C433&#038;ssl=1\" alt=\"COMUN\" width=\"640\" height=\"433\" srcset=\"https:\/\/i0.wp.com\/miradordeatarfe.es\/wp-content\/uploads\/2016\/03\/COMUN.jpg?w=960&amp;ssl=1 960w, https:\/\/i0.wp.com\/miradordeatarfe.es\/wp-content\/uploads\/2016\/03\/COMUN.jpg?resize=300%2C203&amp;ssl=1 300w, https:\/\/i0.wp.com\/miradordeatarfe.es\/wp-content\/uploads\/2016\/03\/COMUN.jpg?resize=768%2C519&amp;ssl=1 768w, https:\/\/i0.wp.com\/miradordeatarfe.es\/wp-content\/uploads\/2016\/03\/COMUN.jpg?resize=600%2C406&amp;ssl=1 600w\" sizes=\"auto, (max-width: 640px) 100vw, 640px\" \/><\/a><\/p>\n<\/div>\n","protected":false},"excerpt":{"rendered":"<p>EL JUEVES SANTO Y OTRAS CEREMONIAS RELIGIOSAS<\/p>\n","protected":false},"author":1,"featured_media":7853,"comment_status":"closed","ping_status":"closed","sticky":false,"template":"","format":"standard","meta":{"_coblocks_attr":"","_coblocks_dimensions":"","_coblocks_responsive_height":"","_coblocks_accordion_ie_support":"","jetpack_post_was_ever_published":false,"_jetpack_newsletter_access":"","_jetpack_dont_email_post_to_subs":false,"_jetpack_newsletter_tier_id":0,"_jetpack_memberships_contains_paywalled_content":false,"_jetpack_memberships_contains_paid_content":false,"footnotes":"","jetpack_publicize_message":"","jetpack_publicize_feature_enabled":true,"jetpack_social_post_already_shared":false,"jetpack_social_options":{"image_generator_settings":{"template":"highway","default_image_id":0,"enabled":false},"version":2}},"categories":[2,1225,38,44,15],"tags":[2392,28,315],"class_list":["post-7850","post","type-post","status-publish","format-standard","has-post-thumbnail","hentry","category-atarfe","category-ha-de-atarfe","category-opinion-de-jose-enrique-granados","category-noticias-de-hoy","category-ultimas-noticias","tag-comuniones","tag-iglesia","tag-semana-santa"],"jetpack_publicize_connections":[],"jetpack_featured_media_url":"https:\/\/i0.wp.com\/miradordeatarfe.es\/wp-content\/uploads\/2016\/03\/021110Atarfe2.jpg?fit=483%2C288&ssl=1","jetpack_likes_enabled":true,"jetpack_sharing_enabled":true,"_links":{"self":[{"href":"https:\/\/miradordeatarfe.es\/index.php?rest_route=\/wp\/v2\/posts\/7850","targetHints":{"allow":["GET"]}}],"collection":[{"href":"https:\/\/miradordeatarfe.es\/index.php?rest_route=\/wp\/v2\/posts"}],"about":[{"href":"https:\/\/miradordeatarfe.es\/index.php?rest_route=\/wp\/v2\/types\/post"}],"author":[{"embeddable":true,"href":"https:\/\/miradordeatarfe.es\/index.php?rest_route=\/wp\/v2\/users\/1"}],"replies":[{"embeddable":true,"href":"https:\/\/miradordeatarfe.es\/index.php?rest_route=%2Fwp%2Fv2%2Fcomments&post=7850"}],"version-history":[{"count":2,"href":"https:\/\/miradordeatarfe.es\/index.php?rest_route=\/wp\/v2\/posts\/7850\/revisions"}],"predecessor-version":[{"id":36462,"href":"https:\/\/miradordeatarfe.es\/index.php?rest_route=\/wp\/v2\/posts\/7850\/revisions\/36462"}],"wp:featuredmedia":[{"embeddable":true,"href":"https:\/\/miradordeatarfe.es\/index.php?rest_route=\/wp\/v2\/media\/7853"}],"wp:attachment":[{"href":"https:\/\/miradordeatarfe.es\/index.php?rest_route=%2Fwp%2Fv2%2Fmedia&parent=7850"}],"wp:term":[{"taxonomy":"category","embeddable":true,"href":"https:\/\/miradordeatarfe.es\/index.php?rest_route=%2Fwp%2Fv2%2Fcategories&post=7850"},{"taxonomy":"post_tag","embeddable":true,"href":"https:\/\/miradordeatarfe.es\/index.php?rest_route=%2Fwp%2Fv2%2Ftags&post=7850"}],"curies":[{"name":"wp","href":"https:\/\/api.w.org\/{rel}","templated":true}]}}