{"id":78513,"date":"2025-08-23T10:26:23","date_gmt":"2025-08-23T08:26:23","guid":{"rendered":"https:\/\/miradordeatarfe.es\/?p=78513"},"modified":"2025-08-29T11:29:46","modified_gmt":"2025-08-29T09:29:46","slug":"mas-falso-que-el-curriculum-de-un-politico-por-ignacio-henares","status":"publish","type":"post","link":"https:\/\/miradordeatarfe.es\/?p=78513","title":{"rendered":"\u201cM\u00e1s falso que (el curr\u00edculum de) un pol\u00edtico\u201d por Ignacio Henares"},"content":{"rendered":"<div class=\"cuerpo\">\n<h3 style=\"text-align: justify;\"><strong>No s\u00e9 si la actual coyuntura pol\u00edtica, -utilizo este eufemismo para no referirme al cada vez m\u00e1s irrespirable clima de confrontaci\u00f3n-, alimentada por el \u2018calorcillo\u2019 del verano y su frecuente contribuci\u00f3n a serpientes informativas, habr\u00e1 contribuido m\u00e1s o menos, pero el caso es que la prensa que me llega estos d\u00edas est\u00e1 plagada de noticias, art\u00edculos e incluso editoriales relacionadas con la proliferaci\u00f3n de curr\u00edculums falsos o exagerados, donde las mentiras y la sobrevaloraci\u00f3n de los t\u00edtulos parecen ser la norma m\u00e1s que la excepci\u00f3n.<\/strong><\/h3>\n<p style=\"text-align: justify;\">(Dejar\u00e9 para otro d\u00eda aquellas manipulaciones que entran en lo delictivo como aparentar una titulaci\u00f3n que es exigida para desarrollar una actividad profesional o mentir sobre su posesi\u00f3n y acceder a puestos que la requieran, algunas de las irregularidades que han saltado a la palestra estos d\u00edas).\u00a0<\/p>\n<p style=\"text-align: justify;\">En nuestro mercado laboral, el <em>curriculum vitae<\/em> ha sido la primera carta de presentaci\u00f3n para lograr el empleo so\u00f1ado.\u00a0 En la actualidad hay incluso empresas, aplicaciones y t\u00e9cnicas que exageran, de manera interesada, sobre la importancia de un atractivo CV y embaucan a sus clientes y potenciales usuarios sobre sus bondades.<\/p>\n<p style=\"text-align: justify;\">Siempre ha habido una tendencia al retoque en los m\u00e9ritos y a la hip\u00e9rbole. Conozco directamente decenas de casos, <em>\u201csin desagerar\u201d<\/em>, de personas que han mentido sobre sus carreras, sobre sus expedientes acad\u00e9micos o sobre su experiencia profesional; pero lo de llevarlo al curr\u00edculum y exponerse a publicarlo me parece un salto cualitativo.<\/p>\n<p class=\"sumari\" style=\"text-align: justify;\">Desconf\u00edo tanto de los curriculos muy engordados, con abundante paja, como detesto esa moda de hacerlos cada vez m\u00e1s cortos, centrados en la est\u00e9tica que facilita enmascarar algunas referencias<\/p>\n<p style=\"text-align: justify;\">Desconf\u00edo tanto de los curriculos muy engordados, con abundante paja, como detesto esa moda de hacerlos cada vez m\u00e1s cortos, centrados en la est\u00e9tica que facilita enmascarar algunas referencias. Lo que me parece rid\u00edculo es que se inflen experiencias laborales o se inventen certificaciones que nunca se obtuvieron, con lo f\u00e1cil que es comprobar su falta de autenticidad. Especialmente est\u00fapido me resulta lo de mentir con el dominio de idiomas o querer aparentar titulaciones que no se poseen, como aquello de indicar <em>\u201cinici\u00f3 sus estudios en\u2026\u201d <\/em>que hay que ser muy tontos para no entender lo que significa.\u00a0<\/p>\n<p style=\"text-align: justify;\">Una de las razones que encuentro a esta, al parecer, creciente pr\u00e1ctica, es la sobrevaloraci\u00f3n de los t\u00edtulos, (escribo esta palabra y me acuerdo de Feij\u00f3o y su \u2018broma\u2019 con las \u2018vacaciones sobrevaloradas\u2019 y me entra la risa), en especial en Espa\u00f1a, un pa\u00eds en el que hace unas pocas d\u00e9cadas los titulados universitarios eran un porcentaje bajo de la poblaci\u00f3n, habitualmente perteneciente a una determinada extracci\u00f3n social. Especialmente valoradas eran algunas titulaciones, casi todas entonces masculinizadas. Quiz\u00e1s ello haya llevado a otorgarles un valor absolutamente desproporcionado.<\/p>\n<p style=\"text-align: justify;\">Pero en la medida en la que hoy casi la mitad de la poblaci\u00f3n tiene estudios superiores, superando a la media de la OCDE (40%) y a la de la UE (37%), y habiendo crecido 6 puntos porcentuales en la \u00faltima d\u00e9cada, puede parecer que lo que lleve a que abunden los casos en los que pol\u00edticos hayan sido pillados <em>in fragranti<\/em> mintiendo sobre sus \u2018pertenencias acad\u00e9micas\u2019 debe ir acompa\u00f1ado de unos grandes complejos por poseer curr\u00edculums exiguos, sobre todo si se hac\u00eda mientras se predicaba la meritocracia y la cultura del esfuerzo.\u00a0<\/p>\n<p style=\"text-align: justify;\">Yo encuentro relaci\u00f3n en muchos casos con la oleada de postureo y\u00a0 de falsedad con la que mucha gente adorna en las redes sociales su (pobre) vida real. Un ejemplo: cada vez que me llega un anuncio de esa aplicaci\u00f3n en la que puedes colocarte virtualmente en cualquier lugar del mundo, quitando las personas o cosas no deseadas, me entra una pena pensando cu\u00e1nta frustraci\u00f3n debe esconderse en los que sucumben a su uso. \u00bfIgnoran que la lectura les puede llevar a vivir experiencias m\u00e1s emocionantes en cualquier rinc\u00f3n del mundo?<\/p>\n<p style=\"text-align: justify;\">Muchos se preguntar\u00e1n c\u00f3mo hemos llegado a esto. Pienso que la presi\u00f3n social y laboral, la falta de regulaci\u00f3n estricta en algunos procesos de selecci\u00f3n y la percepci\u00f3n de que los t\u00edtulos abren puertas r\u00e1pidamente, son algunos de los factores que m\u00e1s lo han alimentado. De igual manera pesa esa cultura de la meritocracia, mal entendida, en la que se confunde tener m\u00e1s certificados, (sobre todo si son de los que valen una pasta gansa), como sin\u00f3nimo de mayor val\u00eda.<\/p>\n<p class=\"sumari\" style=\"text-align: justify;\">Para luchar contra este lastre en la selecci\u00f3n de personal, tanto en las administraciones p\u00fablicas como en las empresas, se deben reforzar los procesos de verificaci\u00f3n de antecedentes y experiencias<\/p>\n<p style=\"text-align: justify;\">Para luchar contra este lastre en la selecci\u00f3n de personal, tanto en las administraciones p\u00fablicas como en las empresas, se deben reforzar los procesos de verificaci\u00f3n de antecedentes y experiencias.\u00a0 Adem\u00e1s, se debe promover una cultura que valore las habilidades pr\u00e1cticas, las competencias adecuadas a cada puesto y la experiencia real, por encima de la titulitis. La educaci\u00f3n y la sensibilizaci\u00f3n sobre la importancia de la honestidad en los curr\u00edculums tambi\u00e9n son elementos claves para cambiar esta realidad.<\/p>\n<p style=\"text-align: justify;\">Si en pol\u00edtica triunfara la estrategia de la honestidad, la de defender la verdad, la de haber llegado con trabajo, esfuerzo, sacrificio y capacidad de superaci\u00f3n, valores superiores y m\u00e1s importantes que esos certificados que llevan detr\u00e1s la marca de los miles de euros que cuestan, y que en apenas un par de minutos de entrevista, sin ser experto, se puede advertir de su m\u00e1s que relativa utilidad y aprovechamiento.<\/p>\n<p class=\"sumari\" style=\"text-align: justify;\">Mi titulaci\u00f3n universitaria superior, aunque ya antigua, -de cuando se sal\u00eda licenciado-, es cierta; mi m\u00e1ster -con TFM incluido sobre restauraci\u00f3n natural y paisaj\u00edstica del Sacromonte-, aut\u00e9ntico y mi adscripci\u00f3n como profesor externo a la UGR desde hace tres a\u00f1os, real como la vida misma<\/p>\n<p style=\"text-align: justify;\">Hablo con la autoridad que me da decir que yo tambi\u00e9n pequ\u00e9 (venialmente) cuando trabajaba de camarero en Andorra y dec\u00eda que me iba a un proceso de inmersi\u00f3n ling\u00fc\u00edstica o cuando contaba en mi experiencia laboral en el departamento de contabilidad en unos grandes almacenes (cuando en realidad era \u2018cajero\u2019 -de descargar cajas-). Pero aquellos complejos de humildad, ya superados y convertidos en orgullo personal y familiar, forman parte de mi curriculum vitae, utilizado ahora en sentido literal. Por contra, mi titulaci\u00f3n universitaria superior, aunque ya antigua, -de cuando se sal\u00eda licenciado-, es cierta; mi m\u00e1ster -con TFM incluido sobre restauraci\u00f3n natural y paisaj\u00edstica del Sacromonte-, aut\u00e9ntico y mi adscripci\u00f3n como profesor externo a la UGR desde hace tres a\u00f1os, real como la vida misma.<\/p>\n<p style=\"text-align: justify;\">Quiz\u00e1s lo m\u00e1s grave y menos comprensible es que estas malas praxis se hayan extendido tanto en el campo de la pol\u00edtica, que a diferencia de las entrevistas de trabajo, es una forma de representaci\u00f3n, no un concurso de m\u00e9ritos y se puede representar bien a determinados sectores sociales y profesionales, sin tener t\u00edtulos, presumiendo de haber sido cura antes que fraile, por ejemplo. Quiz\u00e1s eso proporcionar\u00eda una mayor riqueza y \u2018biodiversidad\u2019 en nuestras instituciones y nos dar\u00eda una mayor conexi\u00f3n con nuestros representantes, y a ellos con nosotros.\u00a0<\/p>\n<p style=\"text-align: justify;\">Hay quien pondr\u00e1 el acento en que el problema no es tanto que fulano no hubiera terminado un grado, mengano llamara m\u00e1ster a un \u2018cursillo del PPO\u2019 o zutano dijera que era m\u00e9dico sin serlo, sino que hubieran mentido de manera sostenida sobre ello. Y no le faltar\u00e1 alguna raz\u00f3n porque si son capaces de mentir, y mantener el enga\u00f1o, poniendo datos falsos en una declaraci\u00f3n p\u00fablica y publicada, o si no est\u00e1s al tanto (es un poner) en lo que ponen los folletos de propaganda de tu partido sobre tus m\u00e9ritos, es que pueden mentir en cualquier cosa (otro suponer, sobre la declaraci\u00f3n de bienes) y no valen para la pol\u00edtica ni \u2018pa n\u00e1\u2019. Son unos farfollas.<\/p>\n<p style=\"text-align: justify;\"><strong>Nota: Los ejemplos utilizados en este art\u00edculo son inventados; cualquier parecido con la realidad es pura coincidencia. Si alguien se siente aludido\u2026 <em>agua y ajo.<\/em><\/strong><\/p>\n<p style=\"text-align: justify;\"><strong>IGNACIO HENARES<\/strong><\/p>\n<\/div>\n<p>foto: Sal\u00f3n de plenos del Parlamento de Andaluc\u00eda.parlamento<\/p>\n","protected":false},"excerpt":{"rendered":"<p>No s\u00e9 si la actual coyuntura pol\u00edtica, -utilizo este eufemismo para no referirme al cada&#8230;<\/p>\n","protected":false},"author":1,"featured_media":78514,"comment_status":"closed","ping_status":"closed","sticky":false,"template":"","format":"standard","meta":{"_coblocks_attr":"","_coblocks_dimensions":"","_coblocks_responsive_height":"","_coblocks_accordion_ie_support":"","jetpack_post_was_ever_published":false,"_jetpack_newsletter_access":"","_jetpack_dont_email_post_to_subs":false,"_jetpack_newsletter_tier_id":0,"_jetpack_memberships_contains_paywalled_content":false,"_jetpack_memberships_contains_paid_content":false,"footnotes":"","jetpack_publicize_message":"","jetpack_publicize_feature_enabled":true,"jetpack_social_post_already_shared":true,"jetpack_social_options":{"image_generator_settings":{"template":"highway","default_image_id":0,"enabled":false},"version":2}},"categories":[1161,186,44,7671],"tags":[],"class_list":["post-78513","post","type-post","status-publish","format-standard","has-post-thumbnail","hentry","category-ciudadania","category-instituciones","category-noticias-de-hoy","category-politica"],"jetpack_publicize_connections":[],"jetpack_featured_media_url":"https:\/\/i0.wp.com\/miradordeatarfe.es\/wp-content\/uploads\/2025\/08\/salon_plenos_parlamento.jpg?fit=750%2C316&ssl=1","jetpack_likes_enabled":true,"jetpack_sharing_enabled":true,"_links":{"self":[{"href":"https:\/\/miradordeatarfe.es\/index.php?rest_route=\/wp\/v2\/posts\/78513","targetHints":{"allow":["GET"]}}],"collection":[{"href":"https:\/\/miradordeatarfe.es\/index.php?rest_route=\/wp\/v2\/posts"}],"about":[{"href":"https:\/\/miradordeatarfe.es\/index.php?rest_route=\/wp\/v2\/types\/post"}],"author":[{"embeddable":true,"href":"https:\/\/miradordeatarfe.es\/index.php?rest_route=\/wp\/v2\/users\/1"}],"replies":[{"embeddable":true,"href":"https:\/\/miradordeatarfe.es\/index.php?rest_route=%2Fwp%2Fv2%2Fcomments&post=78513"}],"version-history":[{"count":1,"href":"https:\/\/miradordeatarfe.es\/index.php?rest_route=\/wp\/v2\/posts\/78513\/revisions"}],"predecessor-version":[{"id":78515,"href":"https:\/\/miradordeatarfe.es\/index.php?rest_route=\/wp\/v2\/posts\/78513\/revisions\/78515"}],"wp:featuredmedia":[{"embeddable":true,"href":"https:\/\/miradordeatarfe.es\/index.php?rest_route=\/wp\/v2\/media\/78514"}],"wp:attachment":[{"href":"https:\/\/miradordeatarfe.es\/index.php?rest_route=%2Fwp%2Fv2%2Fmedia&parent=78513"}],"wp:term":[{"taxonomy":"category","embeddable":true,"href":"https:\/\/miradordeatarfe.es\/index.php?rest_route=%2Fwp%2Fv2%2Fcategories&post=78513"},{"taxonomy":"post_tag","embeddable":true,"href":"https:\/\/miradordeatarfe.es\/index.php?rest_route=%2Fwp%2Fv2%2Ftags&post=78513"}],"curies":[{"name":"wp","href":"https:\/\/api.w.org\/{rel}","templated":true}]}}