{"id":78516,"date":"2025-09-23T10:29:51","date_gmt":"2025-09-23T08:29:51","guid":{"rendered":"https:\/\/miradordeatarfe.es\/?p=78516"},"modified":"2025-08-29T11:35:18","modified_gmt":"2025-08-29T09:35:18","slug":"asi-me-robaron-la-exclusiva-de-la-primera-entrevista-con-santiago-carrillo-tras-su-regreso-a-espana-carmen-moraga","status":"publish","type":"post","link":"https:\/\/miradordeatarfe.es\/?p=78516","title":{"rendered":"\u00abAs\u00ed me robaron la exclusiva de la primera entrevista con Santiago Carrillo tras su regreso a Espa\u00f1a\u00bb Carmen Moraga"},"content":{"rendered":"<h2 style=\"text-align: justify;\">De aquel encuentro han pasado la friolera de 45 a\u00f1os, pero nunca olvidar\u00e9 c\u00f3mo me ningunearon, me ignoraron y me tomaron el pelo por ser muy joven y mujer<\/h2>\n<div class=\"second-col\">\n<p class=\"article-text\" style=\"text-align: justify;\">La historia que voy a contar ocurri\u00f3 hace mucho, mucho tiempo. La ten\u00eda olvidada, pero buscando un documento que necesitaba para unos tr\u00e1mites burocr\u00e1ticos, rescat\u00e9 de un armario una caja con copias de algunos de mis primeros art\u00edculos, escritos y publicados a finales de los a\u00f1os setenta, justo cuando estaba a punto de terminar la carrera de periodismo.<\/p>\n<p class=\"article-text\" style=\"text-align: justify;\">Entre esas <em>reliquias<\/em> apareci\u00f3 una vieja revista en la que se anunciaba en portada, en EXCLUSIVA, una entrevista con Santiago Carrillo reci\u00e9n llegado a Espa\u00f1a del exilio. Corr\u00eda el a\u00f1o 1977, el Partido Comunista de Espa\u00f1a (PCE) acababa de ser legalizado y, a pesar de que ya hab\u00eda un fuerte movimiento de aperturismo, los estertores del franquismo segu\u00edan resonando por todas partes.Por casualidades de la vida, gracias a la mediaci\u00f3n de un amigo, consegu\u00ed hacerle esa entrevista a Carrillo. No me lo acababa de creer. Me pareci\u00f3 un privilegio y una gran oportunidad conocer a una figura que ya se adivinaba crucial en la historia de Espa\u00f1a, y que despu\u00e9s jugar\u00eda un importante \u2013y controvertido\u2013 papel durante la llamada Transici\u00f3n.<\/p>\n<blockquote class=\"quote\">\n<div class=\"quote-wrapper\">\n<p class=\"quote-text\"><strong><em>Mi empe\u00f1o era conocer al otro Carrillo, su faceta m\u00e1s personal y sus opiniones sobre temas que ya empezaban a estar en el debate p\u00fablico: desde la homosexualidad y la uni\u00f3n entre parejas del mismo sexo, las drogas, la prostituci\u00f3n y un largo etc\u00e9tera<\/em><\/strong><\/p>\n<\/div>\n<\/blockquote>\n<p class=\"article-text\" style=\"text-align: justify;\">Quedamos una ma\u00f1ana en la calle Peligros, antigua sede del PCE, en pleno centro de Madrid. Yo no trabajaba en ning\u00fan medio pero ten\u00eda algunos contactos, entre ellos en alguna de las muchas agencias que proliferaban por aquel entonces. Carrillo me recibi\u00f3 en una habitaci\u00f3n llena de pupitres como los de las escuelas de pueblo. Apareci\u00f3 con su sempiterno cigarrillo y una amplia sonrisa. A la cita acudi\u00f3 tambi\u00e9n un fot\u00f3grafo al que yo no conoc\u00eda y del que creo recordar que se apellidaba Ros.<\/p>\n<figure style=\"text-align: justify;\"><picture class=\"news-image\"><source srcset=\"https:\/\/static.eldiario.es\/clip\/6b1bfc7f-734c-4f90-b09d-02fdb4dbbe46_source-aspect-ratio_50p_1123733.webp\" type=\"image\/webp\" media=\"(max-width: 576px)\" \/><source srcset=\"https:\/\/static.eldiario.es\/clip\/6b1bfc7f-734c-4f90-b09d-02fdb4dbbe46_source-aspect-ratio_50p_1123733.jpg\" type=\"image\/jpg\" media=\"(max-width: 576px)\" \/><source srcset=\"https:\/\/static.eldiario.es\/clip\/6b1bfc7f-734c-4f90-b09d-02fdb4dbbe46_source-aspect-ratio_75p_1123733.webp\" type=\"image\/webp\" media=\"(max-width: 767px)\" \/><source srcset=\"https:\/\/static.eldiario.es\/clip\/6b1bfc7f-734c-4f90-b09d-02fdb4dbbe46_source-aspect-ratio_75p_1123733.jpg\" type=\"image\/jpg\" media=\"(max-width: 767px)\" \/><source srcset=\"https:\/\/static.eldiario.es\/clip\/6b1bfc7f-734c-4f90-b09d-02fdb4dbbe46_source-aspect-ratio_default_1123733.webp\" type=\"image\/webp\" media=\"(min-width: 768px)\" \/><source srcset=\"https:\/\/static.eldiario.es\/clip\/6b1bfc7f-734c-4f90-b09d-02fdb4dbbe46_source-aspect-ratio_default_1123733.jpg\" type=\"image\/jpg\" media=\"(min-width: 768px)\" \/><source srcset=\"https:\/\/static.eldiario.es\/clip\/6b1bfc7f-734c-4f90-b09d-02fdb4dbbe46_source-aspect-ratio_default_1123733.webp\" type=\"image\/webp\" \/><img data-recalc-dims=\"1\" decoding=\"async\" class=\"lazy entered loaded\" src=\"https:\/\/i0.wp.com\/static.eldiario.es\/clip\/6b1bfc7f-734c-4f90-b09d-02fdb4dbbe46_source-aspect-ratio_default_1123733.jpg?w=640&#038;ssl=1\" alt=\"\" data-src=\"https:\/\/static.eldiario.es\/clip\/6b1bfc7f-734c-4f90-b09d-02fdb4dbbe46_source-aspect-ratio_default_1123733.jpg\" data-ll-status=\"loaded\" \/> <\/picture><\/figure>\n<p class=\"article-text\" style=\"text-align: justify;\">Grab\u00e9 a Carrillo en la grabadora Sanyo que me ha acompa\u00f1ado durante d\u00e9cadas a lo largo de mi larga profesi\u00f3n. Incluso cuando aparecieron los m\u00f3viles, yo segu\u00eda haciendo las entrevistas a los pol\u00edticos con mi viejo aparato, lo que les hac\u00eda much\u00edsima gracia.<\/p>\n<p class=\"article-text\" style=\"text-align: justify;\">Tampoco s\u00e9 ad\u00f3nde fueron a parar aquellas cintas con tantos y tantos testimonios de diputados, senadores, concejales y diversos ministros\/as de turno, dado que mi trayectoria profesional siempre ha estado ligada a la pol\u00edtica y a la vida parlamentaria. Supongo que en aquellos momentos yo no era consciente de la importancia que podr\u00edan tener en el futuro algunas de aquellas opiniones y declaraciones, as\u00ed que muchas de esas cintas se quedaron por ah\u00ed, en el limbo, en alguno de los traslados de casas que he sufrido. Por desgracia, entre ellas la de Carrillo, aunque no pierdo la esperanza de que aparezca alg\u00fan d\u00eda (\u00a1como la revista!), en alg\u00fan rec\u00f3ndito rinc\u00f3n de un garaje en donde almacenamos miles de cosas de nuestra primera casa.<\/p>\n<figure style=\"text-align: justify;\"><picture class=\"news-image\"><source srcset=\"https:\/\/static.eldiario.es\/clip\/5cf91859-76d6-4814-a20c-29db0993eee1_16-9-discover-aspect-ratio_50p_0.webp\" type=\"image\/webp\" media=\"(max-width: 576px)\" \/><source srcset=\"https:\/\/static.eldiario.es\/clip\/5cf91859-76d6-4814-a20c-29db0993eee1_16-9-discover-aspect-ratio_50p_0.jpg\" type=\"image\/jpg\" media=\"(max-width: 576px)\" \/><source srcset=\"https:\/\/static.eldiario.es\/clip\/5cf91859-76d6-4814-a20c-29db0993eee1_16-9-discover-aspect-ratio_75p_0.webp\" type=\"image\/webp\" media=\"(max-width: 767px)\" \/><source srcset=\"https:\/\/static.eldiario.es\/clip\/5cf91859-76d6-4814-a20c-29db0993eee1_16-9-discover-aspect-ratio_75p_0.jpg\" type=\"image\/jpg\" media=\"(max-width: 767px)\" \/><source srcset=\"https:\/\/static.eldiario.es\/clip\/5cf91859-76d6-4814-a20c-29db0993eee1_16-9-discover-aspect-ratio_default_0.webp\" type=\"image\/webp\" media=\"(min-width: 768px)\" \/><source srcset=\"https:\/\/static.eldiario.es\/clip\/5cf91859-76d6-4814-a20c-29db0993eee1_16-9-discover-aspect-ratio_default_0.jpg\" type=\"image\/jpg\" media=\"(min-width: 768px)\" \/><source srcset=\"https:\/\/static.eldiario.es\/clip\/5cf91859-76d6-4814-a20c-29db0993eee1_16-9-discover-aspect-ratio_default_0.webp\" type=\"image\/webp\" \/><img data-recalc-dims=\"1\" decoding=\"async\" class=\"lazy entered loaded\" src=\"https:\/\/i0.wp.com\/static.eldiario.es\/clip\/5cf91859-76d6-4814-a20c-29db0993eee1_16-9-discover-aspect-ratio_default_0.jpg?w=640&#038;ssl=1\" alt=\"\" data-src=\"https:\/\/static.eldiario.es\/clip\/5cf91859-76d6-4814-a20c-29db0993eee1_16-9-discover-aspect-ratio_default_0.jpg\" data-ll-status=\"loaded\" \/> <\/picture><\/figure>\n<p class=\"article-text\" style=\"text-align: justify;\">Llegu\u00e9 con l\u00f3gico nerviosismo a la cita. Me hab\u00eda preparado un largo cuestionario para tocar todos los temas habidos y por haber, no solo de pol\u00edtica, con los que Carrillo se explay\u00f3. Mi empe\u00f1o era conocer al <em>otro<\/em> Carrillo, su faceta m\u00e1s personal y sus opiniones sobre temas que ya empezaban a estar en el debate p\u00fablico: desde la homosexualidad y la uni\u00f3n entre parejas del mismo sexo, las drogas, la prostituci\u00f3n y un largo etc\u00e9tera. Y por supuesto quer\u00eda que me hablara de su famosa peluca. Carrillo accedi\u00f3 a contestar a todas y cada una de ellas. Ahora releyendo la entrevista me hacen gracia algunas, m\u00e1s que nada por estar formuladas de una manera muy primitiva y a veces bastante ingenua.<\/p>\n<h2 class=\"article-text\" style=\"text-align: justify;\">El intermediario<\/h2>\n<p class=\"article-text\" style=\"text-align: justify;\">Tard\u00e9 muchas horas en transcribir la cinta. Entonces no hab\u00eda ordenadores y mi m\u00e1quina de escribir, una Lettera Olivetti \u2013que todav\u00eda conservo\u2013 hizo el lento trabajo de pasar el texto a folios, con alguna errata que otra corregida con t\u00edpex.<\/p>\n<figure style=\"text-align: justify;\"><picture class=\"news-image\"><source srcset=\"https:\/\/static.eldiario.es\/clip\/1c8192c1-9740-49dd-bdd4-fe03036baacc_source-aspect-ratio_50p_1123736.webp\" type=\"image\/webp\" media=\"(max-width: 576px)\" \/><source srcset=\"https:\/\/static.eldiario.es\/clip\/1c8192c1-9740-49dd-bdd4-fe03036baacc_source-aspect-ratio_50p_1123736.jpg\" type=\"image\/jpg\" media=\"(max-width: 576px)\" \/><source srcset=\"https:\/\/static.eldiario.es\/clip\/1c8192c1-9740-49dd-bdd4-fe03036baacc_source-aspect-ratio_75p_1123736.webp\" type=\"image\/webp\" media=\"(max-width: 767px)\" \/><source srcset=\"https:\/\/static.eldiario.es\/clip\/1c8192c1-9740-49dd-bdd4-fe03036baacc_source-aspect-ratio_75p_1123736.jpg\" type=\"image\/jpg\" media=\"(max-width: 767px)\" \/><source srcset=\"https:\/\/static.eldiario.es\/clip\/1c8192c1-9740-49dd-bdd4-fe03036baacc_source-aspect-ratio_default_1123736.webp\" type=\"image\/webp\" media=\"(min-width: 768px)\" \/><source srcset=\"https:\/\/static.eldiario.es\/clip\/1c8192c1-9740-49dd-bdd4-fe03036baacc_source-aspect-ratio_default_1123736.jpg\" type=\"image\/jpg\" media=\"(min-width: 768px)\" \/><source srcset=\"https:\/\/static.eldiario.es\/clip\/1c8192c1-9740-49dd-bdd4-fe03036baacc_source-aspect-ratio_default_1123736.webp\" type=\"image\/webp\" \/><img data-recalc-dims=\"1\" decoding=\"async\" class=\"lazy entered loaded\" src=\"https:\/\/i0.wp.com\/static.eldiario.es\/clip\/1c8192c1-9740-49dd-bdd4-fe03036baacc_source-aspect-ratio_default_1123736.jpg?w=640&#038;ssl=1\" alt=\"\" data-src=\"https:\/\/static.eldiario.es\/clip\/1c8192c1-9740-49dd-bdd4-fe03036baacc_source-aspect-ratio_default_1123736.jpg\" data-ll-status=\"loaded\" \/> <\/picture><\/figure>\n<p class=\"article-text\" style=\"text-align: justify;\">Cuando termin\u00e9 el trabajo, llam\u00e9 a mi amigo y \u00e9l se encarg\u00f3 de ponerme en contacto con una persona que trabajaba para una agencia de noticias que, aunque sorprenda, tampoco recuerdo c\u00f3mo se llamaba porque por entonces andaba yo por la vida demasiado despreocupada. Me fie del tipo que iba a hacer de intermediario y le entregu\u00e9 el texto. Del fot\u00f3grafo no supe nada m\u00e1s.<\/p>\n<blockquote class=\"quote\">\n<div class=\"quote-wrapper\">\n<p class=\"quote-text\"><em><strong>Para mi sorpresa la hab\u00edan publicado en una revista llamada Cl\u00edmax en cuya portada aparec\u00eda una exuberante mujer de grandes pecho<\/strong><\/em>s<\/p>\n<\/div>\n<\/blockquote>\n<p class=\"article-text\" style=\"text-align: justify;\">Pas\u00f3 el tiempo y mi contacto me daba largas cuando lograba localizarle, que no era f\u00e1cil. Yo casi perd\u00ed la esperanza de ver la entrevista publicada. Pero hete aqu\u00ed que una buena ma\u00f1ana, al bajar a la calle y llegar al quiosco a comprar el peri\u00f3dico, <em>\u00a1voil\u00e2!<\/em>. All\u00ed estaba bien visible. ENTREVISTA EXCLUSIVA CON SANTIAGO CARRILLO. Para mi sorpresa la hab\u00edan publicado en una revista llamada <em>Climax<\/em> en cuya portada aparec\u00eda una exuberante mujer de grandes pechos. Era la \u00e9poca del llamado &#8216;destape&#8217; y muchas publicaciones utilizaban este tipo de fotos sumamente sexistas como gancho y reclamo para vender el producto. En ellas te pod\u00edas encontrar art\u00edculos de conocidos pol\u00edticos y de intelectuales \u201cde reconocido prestigio\u201d junto con un desplegable en p\u00e1ginas centrales de chicas en posturas sexys e insinuantes. Machismo en estado puro, vamos.<\/p>\n<figure style=\"text-align: justify;\"><picture class=\"news-image\"><source srcset=\"https:\/\/static.eldiario.es\/clip\/5ce6c708-2fac-42bc-9bcf-81657c9433de_source-aspect-ratio_50p_1123735.webp\" type=\"image\/webp\" media=\"(max-width: 576px)\" \/><source srcset=\"https:\/\/static.eldiario.es\/clip\/5ce6c708-2fac-42bc-9bcf-81657c9433de_source-aspect-ratio_50p_1123735.jpg\" type=\"image\/jpg\" media=\"(max-width: 576px)\" \/><source srcset=\"https:\/\/static.eldiario.es\/clip\/5ce6c708-2fac-42bc-9bcf-81657c9433de_source-aspect-ratio_75p_1123735.webp\" type=\"image\/webp\" media=\"(max-width: 767px)\" \/><source srcset=\"https:\/\/static.eldiario.es\/clip\/5ce6c708-2fac-42bc-9bcf-81657c9433de_source-aspect-ratio_75p_1123735.jpg\" type=\"image\/jpg\" media=\"(max-width: 767px)\" \/><source srcset=\"https:\/\/static.eldiario.es\/clip\/5ce6c708-2fac-42bc-9bcf-81657c9433de_source-aspect-ratio_default_1123735.webp\" type=\"image\/webp\" media=\"(min-width: 768px)\" \/><source srcset=\"https:\/\/static.eldiario.es\/clip\/5ce6c708-2fac-42bc-9bcf-81657c9433de_source-aspect-ratio_default_1123735.jpg\" type=\"image\/jpg\" media=\"(min-width: 768px)\" \/><source srcset=\"https:\/\/static.eldiario.es\/clip\/5ce6c708-2fac-42bc-9bcf-81657c9433de_source-aspect-ratio_default_1123735.webp\" type=\"image\/webp\" \/><img data-recalc-dims=\"1\" decoding=\"async\" class=\"lazy entered loaded\" src=\"https:\/\/i0.wp.com\/static.eldiario.es\/clip\/5ce6c708-2fac-42bc-9bcf-81657c9433de_source-aspect-ratio_default_1123735.jpg?w=640&#038;ssl=1\" alt=\"\" data-src=\"https:\/\/static.eldiario.es\/clip\/5ce6c708-2fac-42bc-9bcf-81657c9433de_source-aspect-ratio_default_1123735.jpg\" data-ll-status=\"loaded\" \/> <\/picture><\/figure>\n<p class=\"article-text\" style=\"text-align: justify;\">Mi coraz\u00f3n se aceler\u00f3. Estaba muy enfadada por el hecho de que nadie me hubiera avisado y tambi\u00e9n porque apareciera en una publicaci\u00f3n de ese tipo. Pero la verdadera sorpresa lleg\u00f3 despu\u00e9s, tras comprar y abrir la entrevista y comprobar que NO ESTABA FIRMADA. Me la hab\u00edan robado. Subieron el texto con una breve entradilla, jact\u00e1ndose de que era la primera entrevista lograda \u201cen exclusiva\u201d con el l\u00edder del PCE tras regresar a Espa\u00f1a y legalizarse el PCE. Me entr\u00f3 ira e indignaci\u00f3n. Llam\u00e9 a mi amigo y dijo desconocer qu\u00e9 hab\u00eda pasado.<\/p>\n<blockquote class=\"quote\">\n<div class=\"quote-wrapper\">\n<p class=\"quote-text\"><em><strong>Era una \u00e9poca en que la profesi\u00f3n estaba muy masculinizada y quiero pensar que no les gust\u00f3 nada que la primera entrevista con el l\u00edder del PCE, reci\u00e9n llegado a Espa\u00f1a, la fuera a firmar una mujer muy joven, sin apenas experiencia<\/strong><\/em><\/p>\n<\/div>\n<\/blockquote>\n<p class=\"article-text\" style=\"text-align: justify;\">Jam\u00e1s logr\u00e9 por parte de la direcci\u00f3n de la revista una explicaci\u00f3n ni consegu\u00ed que me reconocieran mis derechos. Tampoco las pocas fotos que metieron junto al texto iban firmadas. Hab\u00edan tirado de hemeroteca para ilustrarla, con Carrillo rodeado de sus viejos camaradas del PCE, entre ellos Ram\u00f3n Tamames, al que muchos a\u00f1os despu\u00e9s <a class=\"link\" href=\"https:\/\/www.eldiario.es\/politica\/ramon-tamames-no-arrepiento-mocion-censura-oleada-autopromocion-espectacular_1_10430589.html\" target=\"_blank\" rel=\"noopener\" data-mrf-recirculation=\"links-noticia\" data-mrf-link=\"https:\/\/www.eldiario.es\/politica\/ramon-tamames-no-arrepiento-mocion-censura-oleada-autopromocion-espectacular_1_10430589.html\">tambi\u00e9n he entrevistado<\/a> tras publicar en elDiario.es el <a class=\"link\" href=\"https:\/\/www.eldiario.es\/politica\/discurso-tamames-mocion-censura-espana-asemeja-autocracia-absorbente_1_10034810.html\" target=\"_blank\" rel=\"noopener\" data-mrf-recirculation=\"links-noticia\" data-mrf-link=\"https:\/\/www.eldiario.es\/politica\/discurso-tamames-mocion-censura-espana-asemeja-autocracia-absorbente_1_10034810.html\">contenido de su discurso de la moci\u00f3n de censura contra Pedro S\u00e1nchez<\/a> que se prest\u00f3 a protagonizar para Vox. Fue toda una exclusiva, como colof\u00f3n a mi carrera, de la que me siento muy orgullosa.<\/p>\n<p class=\"article-text\" style=\"text-align: justify;\">De todo lo que ahora cuento de mi encuentro con Carrillo han pasado la friolera de 45 a\u00f1os. Dicen que el tiempo todo lo borra, sin embargo nunca olvidar\u00e9 c\u00f3mo me ningunearon, me ignoraron y me tomaron el pelo. No tengo ninguna duda de que fue por ser muy joven y mujer. Era una \u00e9poca en que la profesi\u00f3n estaba muy masculinizada y quiero pensar que no les gust\u00f3 nada que la primera entrevista con el l\u00edder del PCE, reci\u00e9n llegado a Espa\u00f1a, la fuera a firmar una mujer muy joven, sin apenas experiencia y a la que nadie conoc\u00eda. En fin\u2026 Atr\u00e1s queda esta historia, pero la realidad es que esa \u201cexclusiva\u201d me la piratearon de la manera m\u00e1s infame y rastrera.<\/p>\n<p>https:\/\/www.eldiario.es\/blog\/micromachismos\/robaron-exclusiva-primera-entrevista-santiago-carrillo-regreso-espana_132_12528319.html<\/p>\n<\/div>\n","protected":false},"excerpt":{"rendered":"<p>De aquel encuentro han pasado la friolera de 45 a\u00f1os, pero nunca olvidar\u00e9 c\u00f3mo me&#8230;<\/p>\n","protected":false},"author":1,"featured_media":78517,"comment_status":"closed","ping_status":"closed","sticky":false,"template":"","format":"standard","meta":{"_coblocks_attr":"","_coblocks_dimensions":"","_coblocks_responsive_height":"","_coblocks_accordion_ie_support":"","jetpack_post_was_ever_published":false,"_jetpack_newsletter_access":"","_jetpack_dont_email_post_to_subs":false,"_jetpack_newsletter_tier_id":0,"_jetpack_memberships_contains_paywalled_content":false,"_jetpack_memberships_contains_paid_content":false,"footnotes":"","jetpack_publicize_message":"","jetpack_publicize_feature_enabled":true,"jetpack_social_post_already_shared":true,"jetpack_social_options":{"image_generator_settings":{"template":"highway","default_image_id":0,"enabled":false},"version":2}},"categories":[1161,10798,44,6937],"tags":[],"class_list":["post-78516","post","type-post","status-publish","format-standard","has-post-thumbnail","hentry","category-ciudadania","category-fraude","category-noticias-de-hoy","category-sociedad"],"jetpack_publicize_connections":[],"jetpack_featured_media_url":"https:\/\/i0.wp.com\/miradordeatarfe.es\/wp-content\/uploads\/2025\/08\/0548a9ec-7dbd-495b-8950-16fa53fe562e_16-9-discover-aspect-ratio_default_1123732.webp?fit=1200%2C675&ssl=1","jetpack_likes_enabled":true,"jetpack_sharing_enabled":true,"_links":{"self":[{"href":"https:\/\/miradordeatarfe.es\/index.php?rest_route=\/wp\/v2\/posts\/78516","targetHints":{"allow":["GET"]}}],"collection":[{"href":"https:\/\/miradordeatarfe.es\/index.php?rest_route=\/wp\/v2\/posts"}],"about":[{"href":"https:\/\/miradordeatarfe.es\/index.php?rest_route=\/wp\/v2\/types\/post"}],"author":[{"embeddable":true,"href":"https:\/\/miradordeatarfe.es\/index.php?rest_route=\/wp\/v2\/users\/1"}],"replies":[{"embeddable":true,"href":"https:\/\/miradordeatarfe.es\/index.php?rest_route=%2Fwp%2Fv2%2Fcomments&post=78516"}],"version-history":[{"count":1,"href":"https:\/\/miradordeatarfe.es\/index.php?rest_route=\/wp\/v2\/posts\/78516\/revisions"}],"predecessor-version":[{"id":78518,"href":"https:\/\/miradordeatarfe.es\/index.php?rest_route=\/wp\/v2\/posts\/78516\/revisions\/78518"}],"wp:featuredmedia":[{"embeddable":true,"href":"https:\/\/miradordeatarfe.es\/index.php?rest_route=\/wp\/v2\/media\/78517"}],"wp:attachment":[{"href":"https:\/\/miradordeatarfe.es\/index.php?rest_route=%2Fwp%2Fv2%2Fmedia&parent=78516"}],"wp:term":[{"taxonomy":"category","embeddable":true,"href":"https:\/\/miradordeatarfe.es\/index.php?rest_route=%2Fwp%2Fv2%2Fcategories&post=78516"},{"taxonomy":"post_tag","embeddable":true,"href":"https:\/\/miradordeatarfe.es\/index.php?rest_route=%2Fwp%2Fv2%2Ftags&post=78516"}],"curies":[{"name":"wp","href":"https:\/\/api.w.org\/{rel}","templated":true}]}}