{"id":78519,"date":"2025-09-09T10:35:32","date_gmt":"2025-09-09T08:35:32","guid":{"rendered":"https:\/\/miradordeatarfe.es\/?p=78519"},"modified":"2025-09-03T10:59:55","modified_gmt":"2025-09-03T08:59:55","slug":"elecciones-andaluzas-a-la-vista-por-agustin-martinez","status":"publish","type":"post","link":"https:\/\/miradordeatarfe.es\/?p=78519","title":{"rendered":"&#8216;Elecciones andaluzas a la vista&#8217; por Agust\u00edn Mart\u00ednez"},"content":{"rendered":"<div id=\"main\">\n<div class=\"item\">\n<div class=\"cols2-2\">\n<div class=\"colA\">\n<h3 class=\"entrad\">Agust\u00edn Mart\u00ednez escribe sobre el inicio del curso pol\u00edtico y el clima que lo rodea. No dejes de leerlo.<\/h3>\n<p>Comienza el curso pol\u00edtico y lo hace con el mismo nivel de bronca y crispaci\u00f3n pol\u00edtica con el que nos fuimos de vacaciones y con las mismas certezas, entre otras la de que los andaluces vamos a ir a las urnas m\u00e1s pronto que tarde, por pura conveniencia partidista de Moreno Bonilla. Por un lado para evitar que siga aumentando el caudal de votos de la ultraderecha y por otro para aprovechar el coyuntural tir\u00f3n en las encuestas del PP.<\/p>\n<p class=\"sumari\">Si la victoria de Juanma no est\u00e1 amenazada, s\u00ed que pudiera estarlo su comod\u00edsima mayor\u00eda absoluta<\/p>\n<p>Ning\u00fan estudio apunta a amenazas para una holgada victoria popular sobre los socialistas, que siguen desangr\u00e1ndose en intenci\u00f3n de voto, Mar\u00eda Jes\u00fas Montero mediante, pero no es menos cierto que el crecimiento por el flanco ultraderecho del PP, est\u00e1 siendo tan imparable, que los de Abascal est\u00e1n encantados de conocerse, viendo como los populares les compran todos sus postulados ultras, para mayor gloria electoral de semejantes huestes.<\/p>\n<p>Si la victoria de Juanma no est\u00e1 amenazada, s\u00ed que pudiera estarlo su comod\u00edsima mayor\u00eda absoluta. La desastrosa gesti\u00f3n sanitar\u00eda, el caos en la dependencia, el frente abierto con las universidades p\u00fablicas y la sombra de sospecha en los multimillonarios procesos de contrataci\u00f3n p\u00fablica, podr\u00edan provocar que el presidente de la eterna sonrisa, tuviera que necesitar a sus \u201cprimos\u201d de Vox para formar gobierno y eso s\u00ed que ser\u00eda de traca para Andaluc\u00eda.<\/p>\n<p>Imaginar un ejecutivo andaluz con la vicepresidencia las consejer\u00edas de Igualdad, Cultura, Educaci\u00f3n y Agricultura, en manos de los secuaces de Abascal pone los pelos como escarpias, porque visto lo visto trasladar\u00eda a Andaluc\u00eda al tiempo de los Santos Inocentes, con Santiago a lomos de su jaca galopando y cortando el viento.<\/p>\n<p>Los andaluces no deber\u00edan olvidar que la Andaluc\u00eda de Vox es la del juez Serrano, su candidato de 2019, cobrando subvenciones p\u00fablicas para pagar sus pufos personales y sentado en un banquillo de los acusados; la del pr\u00f3fugo de la justicia brit\u00e1nica, Ortega Smith, haciendo el rid\u00edculo frente al Pe\u00f1\u00f3n y practicas de tiro con tirantes y zapatos; la de Espinosa de los Monteros encargando trabajos que luego no paga; la de Roc\u00edo Monasterio firmando proyectos sin ser arquitecta; la de Hermann Tertsch soltando soflamas nazis desde cualquier bar de mala muerte y al borde del coma et\u00edlico; la de la alicantina Olona vestida de flamenca en la sesi\u00f3n de investidura, con la fascista Marine Le Pen como invitada de honor, para que de paso siga jodiendo a los agricultores andaluces. Es cierto que muchos de ellos ya no est\u00e1n en el partido, pero lo malo es que sus sustitutos los han empeorado considerablemente.<\/p>\n<p>La Andaluc\u00eda de Juan Manuel con una vicepresidencia de Vox, ser\u00eda una tierra en la que volver\u00edan al olvido las miles de v\u00edctimas de sus progenitores pol\u00edticos, cuyos restos siguen en fosas comunes en cunetas y pozos, porque la Ley de la Concordia que impondr\u00edan intentar\u00e1 enterrar por todos los medios a su alcance, cualquier testimonio que recuerde las barbaries cometidas por sus amados golpistas; la que llamar\u00eda \u201clun\u00e1tico islam\u00f3filo\u201d a Blas Infante, padre de la patria andaluza, cuyos restos siguen en una fosa com\u00fan; la que honrar\u00eda a Queipo de Llano y lo devolver\u00eda con honores en la bas\u00edlica de la Macarena; la que \u00abense\u00f1ar\u00eda\u00bb a los ni\u00f1os que la matanza de la \u00abDesband\u00e1\u00bb se produjo por los errores log\u00edsticos de la Rep\u00fablica y no por el criminal bombardeo, por tierra mar y aire, de la poblaci\u00f3n civil que hu\u00eda de M\u00e1laga camino de Almer\u00eda; la Andaluc\u00eda en la que el coronel Cascajo y el comandante Vald\u00e9s, ya no ser\u00e1n los dos asesinos fascistas que acabaron con m\u00e1s de quince\u00a0 mil vidas en C\u00f3rdoba y Granada, sino dos \u00abpatriotas\u00bb anticomunistas&#8230; Y la tierra en la que a Lorca lo mataron por rencillas familiares y punto.<\/p>\n<p>Ser\u00e1 la Andaluc\u00eda en la que se devolver\u00edan las competencias a Madrid en materia educativa y sanitaria, acabando as\u00ed de un plumazo, con el principal ascensor social de esta tierra en los \u00faltimos 40 a\u00f1os; en la que peligrar\u00eda el subsidio de desempleo agrario que ha permitido subsistir dignamente a miles de jornaleros y evitado la desaparici\u00f3n de decenas de pueblos del interior; la Andaluc\u00eda en la que el campo no ser\u00eda para quien lo trabaja, sino para quien lo cabalga y lo caza.<\/p>\n<p>Una Andaluc\u00eda en la que el modelo de mujer se parecer\u00eda bastante al de la Secci\u00f3n Femenina de Pilar Primo de Rivera y en la que Ana Orantes, no ser\u00eda considerada una v\u00edctima de la violencia machista, sino de la violencia intrafamiliar, con la que los hooligans de Abascal pretenden equiparar la violencia de que son v\u00edctimas las mujeres, por el mero hecho de serlo, con cualquier otro tipo de violencia.<\/p>\n<p>Una tierra en la que nuestro glorioso pasado andalus\u00ed ser\u00eda un accidente de la historia, a ser posible sobre el que pasar de puntillas, porque para los neofranquistas que vienen la historia fet\u00e9n ser\u00e1 la del 2 de enero y la Toma de Granada a los moros; la de la quema de las maravillosas bibliotecas nazar\u00edes por el Cardenal Cisneros en la plaza de Bibrambla; la de la expulsi\u00f3n de los moriscos y a ser posible de los gitanos.<\/p>\n<p>Una Andaluc\u00eda en la que la inmigraci\u00f3n deber\u00e1 ser \u00abordenada\u00bb, entendiendo por ello la importaci\u00f3n de mano de obra semiesclava, que se encargue de todo aquello que los se\u00f1oritos patrios consideran indigno de sus manos blancas; en la que condes, marquesas, duques, vizcondesas y dem\u00e1s \u00abnobleza\u00bb, vuelvan a lucir palmito por ayuntamientos, diputaciones y despachos de todo pelaje, para conseguir el diezmo que por sangre entienden que les corresponde.<\/p>\n<p>La Andaluc\u00eda de un gobierno del PP y Vox ser\u00eda aquella en la que el Opus, los Legionarios de Cristo y los obispos tridentinos, volver\u00edan a acojonar a los ni\u00f1os con las llamas eternas, para que as\u00ed de mayores no rechisten a los se\u00f1oritos.<\/p>\n<p>Y es que para la derecha y la ultraderecha la Andaluc\u00eda como Dios manda, es la de cortijos en los que galopar y cotos donde cazar; la de camareros para servirles en Marbella y Sotogrande, en el Roc\u00edo y la Maestranza. Una tierra, en definitiva, de se\u00f1oritos de toda la vida explotando miserablemente a tantos andaluces y andaluzas que a ellos les gustar\u00eda fu\u00e9ramos como R\u00e9gula, Azar\u00edas y Paco el Bajo.<\/p>\n<p>Quien avisa, no es traidor.<\/p>\n<\/div>\n<\/div>\n<\/div>\n<\/div>\n","protected":false},"excerpt":{"rendered":"<p>Agust\u00edn Mart\u00ednez escribe sobre el inicio del curso pol\u00edtico y el clima que lo rodea&#8230;.<\/p>\n","protected":false},"author":1,"featured_media":78520,"comment_status":"closed","ping_status":"closed","sticky":false,"template":"","format":"standard","meta":{"_coblocks_attr":"","_coblocks_dimensions":"","_coblocks_responsive_height":"","_coblocks_accordion_ie_support":"","jetpack_post_was_ever_published":false,"_jetpack_newsletter_access":"","_jetpack_dont_email_post_to_subs":false,"_jetpack_newsletter_tier_id":0,"_jetpack_memberships_contains_paywalled_content":false,"_jetpack_memberships_contains_paid_content":false,"footnotes":"","jetpack_publicize_message":"","jetpack_publicize_feature_enabled":true,"jetpack_social_post_already_shared":true,"jetpack_social_options":{"image_generator_settings":{"template":"highway","default_image_id":0,"enabled":false},"version":2}},"categories":[10791,1161,44,7671],"tags":[],"class_list":["post-78519","post","type-post","status-publish","format-standard","has-post-thumbnail","hentry","category-andalucia","category-ciudadania","category-noticias-de-hoy","category-politica"],"jetpack_publicize_connections":[],"jetpack_featured_media_url":"https:\/\/i0.wp.com\/miradordeatarfe.es\/wp-content\/uploads\/2025\/08\/juanmavox.jpg?fit=650%2C432&ssl=1","jetpack_likes_enabled":true,"jetpack_sharing_enabled":true,"_links":{"self":[{"href":"https:\/\/miradordeatarfe.es\/index.php?rest_route=\/wp\/v2\/posts\/78519","targetHints":{"allow":["GET"]}}],"collection":[{"href":"https:\/\/miradordeatarfe.es\/index.php?rest_route=\/wp\/v2\/posts"}],"about":[{"href":"https:\/\/miradordeatarfe.es\/index.php?rest_route=\/wp\/v2\/types\/post"}],"author":[{"embeddable":true,"href":"https:\/\/miradordeatarfe.es\/index.php?rest_route=\/wp\/v2\/users\/1"}],"replies":[{"embeddable":true,"href":"https:\/\/miradordeatarfe.es\/index.php?rest_route=%2Fwp%2Fv2%2Fcomments&post=78519"}],"version-history":[{"count":1,"href":"https:\/\/miradordeatarfe.es\/index.php?rest_route=\/wp\/v2\/posts\/78519\/revisions"}],"predecessor-version":[{"id":78521,"href":"https:\/\/miradordeatarfe.es\/index.php?rest_route=\/wp\/v2\/posts\/78519\/revisions\/78521"}],"wp:featuredmedia":[{"embeddable":true,"href":"https:\/\/miradordeatarfe.es\/index.php?rest_route=\/wp\/v2\/media\/78520"}],"wp:attachment":[{"href":"https:\/\/miradordeatarfe.es\/index.php?rest_route=%2Fwp%2Fv2%2Fmedia&parent=78519"}],"wp:term":[{"taxonomy":"category","embeddable":true,"href":"https:\/\/miradordeatarfe.es\/index.php?rest_route=%2Fwp%2Fv2%2Fcategories&post=78519"},{"taxonomy":"post_tag","embeddable":true,"href":"https:\/\/miradordeatarfe.es\/index.php?rest_route=%2Fwp%2Fv2%2Ftags&post=78519"}],"curies":[{"name":"wp","href":"https:\/\/api.w.org\/{rel}","templated":true}]}}