{"id":78527,"date":"2025-09-03T11:31:03","date_gmt":"2025-09-03T09:31:03","guid":{"rendered":"https:\/\/miradordeatarfe.es\/?p=78527"},"modified":"2025-08-29T11:56:12","modified_gmt":"2025-08-29T09:56:12","slug":"78527","status":"publish","type":"post","link":"https:\/\/miradordeatarfe.es\/?p=78527","title":{"rendered":"Emilia Jim\u00e9nez Mu\u00f1oz, \u201cla Emi la del Factor\u201d. por Jos\u00e9 Enrique Granados"},"content":{"rendered":"<div class=\"html-div xdj266r x14z9mp xat24cr x1lziwak xexx8yu xyri2b x18d9i69 x1c1uobl\" dir=\"auto\">\n<div class=\"html-div xdj266r x14z9mp xat24cr x1lziwak xexx8yu xyri2b x18d9i69 x1c1uobl\" data-ad-rendering-role=\"story_message\">\n<div id=\"_r_ng_\" class=\"x1l90r2v x1iorvi4 x1g0dm76 xpdmqnj\" data-ad-comet-preview=\"message\" data-ad-preview=\"message\">\n<div class=\"x78zum5 xdt5ytf xz62fqu x16ldp7u\">\n<div class=\"xu06os2 x1ok221b\">\n<div class=\"html-div xdj266r x14z9mp xat24cr x1lziwak xexx8yu xyri2b x18d9i69 x1c1uobl\">\n<div class=\"xdj266r x14z9mp xat24cr x1lziwak x1vvkbs x126k92a\">\n<h3 dir=\"auto\" style=\"text-align: justify;\"><strong>Hace unas semanas Fabiola Garc\u00eda Montijano propuso p\u00fablicamente iniciar una serie de \u201cgacetillas\u201d sobre mujeres atarfe\u00f1as que hayan influido en la sociedad con sus hechos o actividades. Me pongo mano con ello y una de esas mujeres que deben aparecer es Emilia Jim\u00e9nez Mu\u00f1oz, \u201cla Emi la del Factor\u201d.<\/strong><\/h3>\n<div dir=\"auto\" style=\"text-align: justify;\">\u00a0<\/div>\n<\/div>\n<div class=\"x14z9mp xat24cr x1lziwak x1vvkbs xtlvy1s x126k92a\" style=\"text-align: justify;\">\n<div dir=\"auto\">Emilia es una persona comprometida con los dem\u00e1s en muchos \u00e1mbitos, no solo aqu\u00ed en su pueblo sino tambi\u00e9n en Almer\u00eda, ciudad a la que se march\u00f3 a vivir hace ya m\u00e1s de 40 a\u00f1os.<\/div>\n<\/div>\n<div class=\"x14z9mp xat24cr x1lziwak x1vvkbs xtlvy1s x126k92a\" style=\"text-align: justify;\">\n<div dir=\"auto\">Recoger su historia vital no es nada f\u00e1cil ya que es una persona muy activa desde su juventud. Si nos remontamos a ella, en 1967, y cuando a\u00fan no hab\u00eda cumplido la mayor\u00eda de edad, 21 a\u00f1os en aquellos momentos, fue elegida enlace sindical en Artegran, empresa de artesan\u00eda ubicada en la Estaci\u00f3n de Atarfe, dedicada a la realizaci\u00f3n de tapices y alfombras. <em>&lt;&lt;Estuve haciendo alfombras en los telares y cajas de taracea, siendo durante cinco a\u00f1os encargada del almac\u00e9n, donde ten\u00eda que controlar la entrada y salida de materiales, en una f\u00e1brica donde trabaj\u00e1bamos m\u00e1s de cien personas&gt;&gt;.<\/em><\/div>\n<div dir=\"auto\">\u00a0<\/div>\n<\/div>\n<div class=\"x14z9mp xat24cr x1lziwak x1vvkbs xtlvy1s x126k92a\" style=\"text-align: justify;\">\n<div dir=\"auto\">Con su lucha consigui\u00f3 que muchas compa\u00f1eras avanzaran en derechos. Este periodo de lucha finaliz\u00f3 en 1973, a\u00f1o en el que contrajo matrimonio y tuvo que dejar el trabajo, tal y como estaba concebido en aquellos a\u00f1os el mundo laboral: <em>&lt;&lt;Nos obligaban a dejar de trabajar al casarnos. Te daban la dote que era la compensaci\u00f3n monetaria por un despido&gt;&gt;. &lt;&lt;Justo el d\u00eda de volver de mi viaje de novios, mis compa\u00f1eras estaban tocando mi puerta para que defendiera su causa ya que la empresa las hab\u00eda despedido alegando la falta al trabajo una semana, que ellas la hab\u00edan cogido de vacaciones de verano. La empresa justificaba que las vacaciones las disfrutaron en navidad y ya no ten\u00edan derecho. Aquello se denunci\u00f3 y el juez les dio la raz\u00f3n por lo que tuvieron que ser readmitidas. Pero aquello dur\u00f3 muy poco. La empresa cerr\u00f3.&gt;&gt;<\/em><\/div>\n<div dir=\"auto\">\u00a0<\/div>\n<\/div>\n<div class=\"x14z9mp xat24cr x1lziwak x1vvkbs xtlvy1s x126k92a\" style=\"text-align: justify;\">\n<div dir=\"auto\">A mediados de la d\u00e9cada de los ochenta, por razones laborales de su marido, trasladan su residencia a Almer\u00eda en donde comenz\u00f3 a desarrollar un activismo pol\u00edtico y vecinal que dura hasta el d\u00eda de hoy. Su compromiso est\u00e1 con su barrio y sus gentes, la sociedad y las dem\u00e1s mujeres. Vecina del barrio Mediterr\u00e1neo-Oliveros, en 1999 es nombrada \u201cAlcaldesa del Barrio\u201d, cargo que ha mantenido con gobiernos municipales de diferente signo pol\u00edtico.<em> &lt;&lt;El alcalde de barrio es la persona de confianza del alcalde y su misi\u00f3n es preocuparse por su entorno m\u00e1s cercano, estando pendiente de las necesidades y comunic\u00e1ndolo para que se ponga soluci\u00f3n&gt;&gt;. &lt;&lt;Los vecinos vienen por la fe de vida para los mayores, o para que certifique que viven en el barrio para determinar cu\u00e1l es el colegio m\u00e1s cercano para los ni\u00f1os\u2026 hay muchos otros casos\u2026 vienen mujeres que necesita que se certifique que se ha separado de su marido&gt;&gt;<\/em>.<\/div>\n<\/div>\n<div class=\"x14z9mp xat24cr x1lziwak x1vvkbs xtlvy1s x126k92a\" style=\"text-align: justify;\">\n<div dir=\"auto\">\u00a0<\/div>\n<div dir=\"auto\">Conoce a la mayor\u00eda de quienes viven en el barrio, pero cuando alguien le es desconocido debe adem\u00e1s procurar hacer las averiguaciones que le permitan asegurar con fiabilidad lo que est\u00e1 certificando.<\/div>\n<div dir=\"auto\">\u00a0<\/div>\n<\/div>\n<div class=\"x14z9mp xat24cr x1lziwak x1vvkbs xtlvy1s x126k92a\" style=\"text-align: justify;\">\n<div dir=\"auto\">Emilia tambi\u00e9n ha presidido el \u00e1rea de la mujer de la Federaci\u00f3n de Asociaciones de Almer\u00eda, donde ha trabajado con mujeres maltratadas y con mujeres emigrantes.<\/div>\n<\/div>\n<div class=\"x14z9mp xat24cr x1lziwak x1vvkbs xtlvy1s x126k92a\" style=\"text-align: justify;\">\n<div dir=\"auto\">\u00a0<\/div>\n<div dir=\"auto\">Uno de los hitos que con m\u00e1s rabia y dolor recuerda fue por el a\u00f1o 2000, ante las puertas de la Oficina de Extranjer\u00eda en Almer\u00eda. Se corri\u00f3 el bulo de una supuesta regularizaci\u00f3n y entrega de permisos de residencia a los emigrantes, llegando estos a concentrarse en un n\u00famero superior a quince mil. para solucionar el problema y sobre todo atendimos las necesidades de toda esta gente. Las mujeres del barrio nos organizamos para llevarles comida y darles apoyo. Los all\u00ed concentrado&lt;<em>&lt;Era por navidad, hac\u00eda frio y durante varias semanas miles de personas ocuparon las calles en busca de esos permisos. En el barrio no se pod\u00eda andar por ning\u00fan sitio, todas las aceras estaban ocupadas, utilizaban cartones para dormir, sin mantas, sin comida, desamparados- Los vecinos intervinimos ante la Subdelegaci\u00f3n del Gobierno de Almer\u00eda, s me llamaban \u201cabuela\u201d, \u201cmama\u201d. Era la forma de agradecer lo que est\u00e1bamos haciendo.&gt;&gt;<\/em><\/div>\n<div dir=\"auto\">\u00a0<\/div>\n<\/div>\n<div class=\"x14z9mp xat24cr x1lziwak x1vvkbs xtlvy1s x126k92a\">\n<div dir=\"auto\" style=\"text-align: justify;\">Esta lucha y trabajo con los m\u00e1s desfavorecidos con el fin de erradicar las desigualdades de g\u00e9nero. Su dedicaci\u00f3n y entrega personal a la formaci\u00f3n y consolidaci\u00f3n del asociacionismo en la provincia de Almer\u00eda, favoreciendo la integraci\u00f3n cultural, el fomento de la participaci\u00f3n de las mujeres en el \u00e1mbito del voluntariado y por su apoyo a mujeres inmigrantes han sido reconocidos por diferentes administraciones como la Junta de Andaluc\u00eda o el Ayuntamiento de Almer\u00eda. Emilia puede decir que en su haber cuenta con el d\u00e9cimo Premio Andaluz al Voluntariado en la modalidad de persona voluntaria o con el premio Andaluc\u00eda + Social al Voluntariado. Con lo que tambi\u00e9n cuenta es con el respeto y cari\u00f1o de sus paisanos. Y eso es para ella otra distinci\u00f3n.<\/div>\n<div dir=\"auto\" style=\"text-align: justify;\">\u00a0<\/div>\n<\/div>\n<div class=\"x14z9mp xat24cr x1lziwak x1vvkbs xtlvy1s x126k92a\">\n<div dir=\"auto\">Gacetilla y curiosidades elvirenses.<\/div>\n<\/div>\n<\/div>\n<\/div>\n<\/div>\n<\/div>\n<\/div>\n<\/div>\n","protected":false},"excerpt":{"rendered":"<p>Hace unas semanas Fabiola Garc\u00eda Montijano propuso p\u00fablicamente iniciar una serie de \u201cgacetillas\u201d sobre mujeres&#8230;<\/p>\n","protected":false},"author":1,"featured_media":78528,"comment_status":"closed","ping_status":"closed","sticky":false,"template":"","format":"standard","meta":{"_coblocks_attr":"","_coblocks_dimensions":"","_coblocks_responsive_height":"","_coblocks_accordion_ie_support":"","jetpack_post_was_ever_published":false,"_jetpack_newsletter_access":"","_jetpack_dont_email_post_to_subs":false,"_jetpack_newsletter_tier_id":0,"_jetpack_memberships_contains_paywalled_content":false,"_jetpack_memberships_contains_paid_content":false,"footnotes":"","jetpack_publicize_message":"","jetpack_publicize_feature_enabled":true,"jetpack_social_post_already_shared":true,"jetpack_social_options":{"image_generator_settings":{"template":"highway","default_image_id":0,"enabled":false},"version":2}},"categories":[1161,1225,186,38,44,6539],"tags":[],"class_list":["post-78527","post","type-post","status-publish","format-standard","has-post-thumbnail","hentry","category-ciudadania","category-ha-de-atarfe","category-instituciones","category-opinion-de-jose-enrique-granados","category-noticias-de-hoy","category-personajes-de-ataref"],"jetpack_publicize_connections":[],"jetpack_featured_media_url":"https:\/\/i0.wp.com\/miradordeatarfe.es\/wp-content\/uploads\/2025\/08\/529953115_1314181974048615_457833431665885039_n.jpg?fit=682%2C462&ssl=1","jetpack_likes_enabled":true,"jetpack_sharing_enabled":true,"_links":{"self":[{"href":"https:\/\/miradordeatarfe.es\/index.php?rest_route=\/wp\/v2\/posts\/78527","targetHints":{"allow":["GET"]}}],"collection":[{"href":"https:\/\/miradordeatarfe.es\/index.php?rest_route=\/wp\/v2\/posts"}],"about":[{"href":"https:\/\/miradordeatarfe.es\/index.php?rest_route=\/wp\/v2\/types\/post"}],"author":[{"embeddable":true,"href":"https:\/\/miradordeatarfe.es\/index.php?rest_route=\/wp\/v2\/users\/1"}],"replies":[{"embeddable":true,"href":"https:\/\/miradordeatarfe.es\/index.php?rest_route=%2Fwp%2Fv2%2Fcomments&post=78527"}],"version-history":[{"count":2,"href":"https:\/\/miradordeatarfe.es\/index.php?rest_route=\/wp\/v2\/posts\/78527\/revisions"}],"predecessor-version":[{"id":78530,"href":"https:\/\/miradordeatarfe.es\/index.php?rest_route=\/wp\/v2\/posts\/78527\/revisions\/78530"}],"wp:featuredmedia":[{"embeddable":true,"href":"https:\/\/miradordeatarfe.es\/index.php?rest_route=\/wp\/v2\/media\/78528"}],"wp:attachment":[{"href":"https:\/\/miradordeatarfe.es\/index.php?rest_route=%2Fwp%2Fv2%2Fmedia&parent=78527"}],"wp:term":[{"taxonomy":"category","embeddable":true,"href":"https:\/\/miradordeatarfe.es\/index.php?rest_route=%2Fwp%2Fv2%2Fcategories&post=78527"},{"taxonomy":"post_tag","embeddable":true,"href":"https:\/\/miradordeatarfe.es\/index.php?rest_route=%2Fwp%2Fv2%2Ftags&post=78527"}],"curies":[{"name":"wp","href":"https:\/\/api.w.org\/{rel}","templated":true}]}}