{"id":78533,"date":"2025-08-16T09:00:29","date_gmt":"2025-08-16T07:00:29","guid":{"rendered":"https:\/\/miradordeatarfe.es\/?p=78533"},"modified":"2025-08-29T12:04:49","modified_gmt":"2025-08-29T10:04:49","slug":"puede-revertirse-el-envejecimiento","status":"publish","type":"post","link":"https:\/\/miradordeatarfe.es\/?p=78533","title":{"rendered":"\u00bfPuede revertirse el envejecimiento?"},"content":{"rendered":"<h2 class=\"a_st\" style=\"text-align: justify;\">El mecanismo por el que las c\u00e9lulas maduran y mueren es maleable, pero por ahora no se ha conseguido revertir este proceso natural en organismos adultos mayores<\/h2>\n<div class=\"a_c clearfix\" style=\"text-align: justify;\" data-dtm-region=\"articulo_cuerpo\">\n<p class=\"\">Esta es una pregunta muy dif\u00edcil de contestar, incluso para las personas que somos expertas <a title=\"https:\/\/elpais.com\/salud-y-bienestar\/2024-09-03\/un-estudio-identifica-cinco-formas-distintas-de-envejecer-gracias-a-los-datos-de-50000-escaneres-cerebrales.html\" href=\"https:\/\/elpais.com\/salud-y-bienestar\/2024-09-03\/un-estudio-identifica-cinco-formas-distintas-de-envejecer-gracias-a-los-datos-de-50000-escaneres-cerebrales.html\" target=\"_self\" rel=\"\" data-link-track-dtm=\"\" data-mrf-link=\"https:\/\/elpais.com\/salud-y-bienestar\/2024-09-03\/un-estudio-identifica-cinco-formas-distintas-de-envejecer-gracias-a-los-datos-de-50000-escaneres-cerebrales.html\">en biolog\u00eda del envejecimiento<\/a>. En el instituto en el que trabajo estudiamos por qu\u00e9 nuestras c\u00e9lulas envejecen y c\u00f3mo podemos mejorar este proceso. La respuesta r\u00e1pida es que t\u00e9cnicamente s\u00ed se puede revertir, pero en realidad no es tan sencillo.<\/p>\n<p class=\"\">Lo que s\u00ed que sabemos es que <a title=\"https:\/\/elpais.com\/ciencia\/2022-05-30\/es-posible-medir-el-envejecimiento-biologico.html\" href=\"https:\/\/elpais.com\/ciencia\/2022-05-30\/es-posible-medir-el-envejecimiento-biologico.html\" target=\"_self\" rel=\"\" data-link-track-dtm=\"\" data-mrf-link=\"https:\/\/elpais.com\/ciencia\/2022-05-30\/es-posible-medir-el-envejecimiento-biologico.html\">el envejecimiento es maleable.<\/a> Por ejemplo, el medio ambiente puede cambiar cu\u00e1nto vives, si vives m\u00e1s o menos. Y, desde la d\u00e9cada de los ochenta del siglo pasado, tambi\u00e9n sabemos que podemos modificarlo gen\u00e9ticamente para alargar o acortar la vida de casi todos los organismos modelos que hemos estudiado. Ya tenemos un extenso conocimiento de qu\u00e9 rutas celulares hay que modificar para ello. <a title=\"https:\/\/elpais.com\/ciencia\/2023-12-27\/pura-munoz-biologa-es-posible-revertir-el-envejecimiento-volver-atras-en-el-tiempo.html\" href=\"https:\/\/elpais.com\/ciencia\/2023-12-27\/pura-munoz-biologa-es-posible-revertir-el-envejecimiento-volver-atras-en-el-tiempo.html\" target=\"_blank\" rel=\"noopener noreferrer\" data-link-track-dtm=\"\" data-mrf-link=\"https:\/\/elpais.com\/ciencia\/2023-12-27\/pura-munoz-biologa-es-posible-revertir-el-envejecimiento-volver-atras-en-el-tiempo.html\">Pero otra cosa es revertir el proceso:<\/a> es una pregunta que ha aparecido en los \u00faltimos diez a\u00f1os, es decir, es muy nueva. Aunque tenemos ya alguna constancia sobre que s\u00ed se puede.<\/p>\n<p class=\"\">En las c\u00e9lulas existen unos <a title=\"https:\/\/elpais.com\/salud-y-bienestar\/2025-03-05\/descubierta-una-nueva-forma-de-herencia-alejada-del-adn.html\" href=\"https:\/\/elpais.com\/salud-y-bienestar\/2025-03-05\/descubierta-una-nueva-forma-de-herencia-alejada-del-adn.html\" target=\"_self\" rel=\"\" data-link-track-dtm=\"\" data-mrf-link=\"https:\/\/elpais.com\/salud-y-bienestar\/2025-03-05\/descubierta-una-nueva-forma-de-herencia-alejada-del-adn.html\">genes<\/a> que, cuando se activan en exceso, pueden hacer que una c\u00e9lula que ya est\u00e1 diferenciada \u2014es decir, que ya est\u00e1 desarrollada para su funci\u00f3n: renal, cerebral, epid\u00e9rmica, etc.\u2014 puede volver a ser pluripotencial; y luego, otra vez, podr\u00eda convertirse en una c\u00e9lula especializada del organismo. <a title=\"https:\/\/elpais.com\/elpais\/2016\/11\/24\/ciencia\/1480009879_732010.html\" href=\"https:\/\/elpais.com\/elpais\/2016\/11\/24\/ciencia\/1480009879_732010.html\" target=\"_self\" rel=\"\" data-link-track-dtm=\"\" data-mrf-link=\"https:\/\/elpais.com\/elpais\/2016\/11\/24\/ciencia\/1480009879_732010.html\">Esos genes se denominan OSKM<\/a> (siglas de sus nombres: Oct4, Sox2, Klf4 y c-Myc), tambi\u00e9n llamados factores Yamanaka por el investigador que los descubri\u00f3. En cultivos celulares, cuando esos factores se activan en exceso, pero algo menos \u2014o lo hacen de manera intermitente\u2014, la c\u00e9lula puede rejuvenecer sin llegar a revertirse hasta la pluripotencia.<\/p>\n<p class=\"\">Hay varios grupos, <a title=\"https:\/\/elpais.com\/ciencia\/2022-03-07\/dentro-de-dos-decadas-podremos-prevenir-el-envejecimiento.html\" href=\"https:\/\/elpais.com\/ciencia\/2022-03-07\/dentro-de-dos-decadas-podremos-prevenir-el-envejecimiento.html\" target=\"_blank\" rel=\"noopener\" data-link-track-dtm=\"\" data-mrf-link=\"https:\/\/elpais.com\/ciencia\/2022-03-07\/dentro-de-dos-decadas-podremos-prevenir-el-envejecimiento.html\">como los dirigidos por los cient\u00edficos espa\u00f1oles Juan Carlos Izpis\u00faa<\/a> y Manuel Serrano, que han sobreexpresado esos factores Yamanaka en ratones y han conseguido que algunos de sus tejidos u \u00f3rganos <a title=\"https:\/\/elpais.com\/elpais\/2016\/12\/15\/ciencia\/1481817633_464624.html\" href=\"https:\/\/elpais.com\/elpais\/2016\/12\/15\/ciencia\/1481817633_464624.html\" target=\"_self\" rel=\"\" data-link-track-dtm=\"\" data-mrf-link=\"https:\/\/elpais.com\/elpais\/2016\/12\/15\/ciencia\/1481817633_464624.html\">rejuvenezcan en ciertos par\u00e1metros fisiol\u00f3gicos<\/a> y tambi\u00e9n en su edad biol\u00f3gica \u2014medida con relojes epigen\u00e9ticos o transcript\u00f3micos\u2014. El problema con la modificaci\u00f3n gen\u00e9tica de estos factores es que pueden dar lugar a efectos secundarios, y uno de los m\u00e1s importantes es que pueden surgir tumores.<\/p>\n<p class=\"\">Si hablamos de otros organismos como el nuestro, y muchos otros, hemos visto que tambi\u00e9n puede haber rejuvenecimientos temporales. Por ejemplo, si se produce un fuerte estr\u00e9s, como el que generan el ayuno, una operaci\u00f3n o incluso el embarazo, el organismo envejece de una manera muy r\u00e1pida \u2014medido tambi\u00e9n con relojes epigen\u00e9ticos y transcript\u00f3micos\u2014. Pero despu\u00e9s de pasar cierto tiempo vuelve a la edad que ten\u00eda antes de ese estr\u00e9s. Tambi\u00e9n sabemos que hay intervenciones, como dietas espec\u00edficas o el uso de medicamentos, que pueden hacer que este rejuvenecimiento sea m\u00e1s r\u00e1pido.<\/p>\n<p class=\"\">Esto quiere decir que t\u00e9cnicamente s\u00ed se puede revertir aunque de una manera temporal o parcial. Sin embargo, es importante anotar que por ahora <a title=\"https:\/\/elpais.com\/salud-y-bienestar\/2024-05-07\/coral-sanfeliu-investigadora-del-envejecimiento-estar-sentado-ocho-horas-al-dia-afecta-a-las-conexiones-del-cerebro.html#?rel=mas_sumario\" href=\"https:\/\/elpais.com\/salud-y-bienestar\/2024-05-07\/coral-sanfeliu-investigadora-del-envejecimiento-estar-sentado-ocho-horas-al-dia-afecta-a-las-conexiones-del-cerebro.html#?rel=mas_sumario\" target=\"_self\" rel=\"\" data-link-track-dtm=\"\" data-mrf-link=\"https:\/\/elpais.com\/salud-y-bienestar\/2024-05-07\/coral-sanfeliu-investigadora-del-envejecimiento-estar-sentado-ocho-horas-al-dia-afecta-a-las-conexiones-del-cerebro.html\">no se ha conseguido revertir el envejecimiento<\/a> en organismos adultos mayores. Yo trabajo con gusanos <i>Caenorhabditis elegans<\/i> y cuando tenemos un gusano adulto, no se puede hacer que sea m\u00e1s joven. No sabemos si alg\u00fan d\u00eda se podr\u00e1, aunque viendo las pruebas que ya tenemos en cultivos celulares, creo que dentro de unas d\u00e9cadas lo podr\u00edamos conseguir.<\/p>\n<p class=\"\">Por \u00faltimo, si pensamos en el envejecimiento como algo lineal: empiezas de cero y vas envejeciendo, ahora mismo lo que sabemos es que s\u00ed podemos hacer que la vida dure m\u00e1s, y tambi\u00e9n que sea de una manera m\u00e1s sana. Los gusanos <i>C. elegans<\/i>, por ejemplo, viven 30 d\u00edas, pero podemos hacer que vivan sesenta d\u00edas, y que ese gusano m\u00e1s longevo que tiene 50 d\u00edas se comporte como un gusano de 20 d\u00edas y su salud sea comparable.<\/p>\n<p class=\"\">En caso de rejuvenecer<i> <\/i>a estos gusanos, por ejemplo, a trav\u00e9s del ayuno durante la etapa larval, estos gusanos rejuvenecidos una vez salgan del <a title=\"https:\/\/elpais.com\/salud-y-bienestar\/2025-06-18\/el-ayuno-intermitente-tiene-beneficios-similares-a-los-de-las-dietas-clasicas-basadas-en-comer-menos.html\" href=\"https:\/\/elpais.com\/salud-y-bienestar\/2025-06-18\/el-ayuno-intermitente-tiene-beneficios-similares-a-los-de-las-dietas-clasicas-basadas-en-comer-menos.html\" target=\"_self\" rel=\"\" data-link-track-dtm=\"\" data-mrf-link=\"https:\/\/elpais.com\/salud-y-bienestar\/2025-06-18\/el-ayuno-intermitente-tiene-beneficios-similares-a-los-de-las-dietas-clasicas-basadas-en-comer-menos.html\">ayuno<\/a> volver\u00e1n a seguir envejeciendo. Por la tanto, lo que no hemos visto nunca es que el proceso de envejecimiento se pueda pausar para siempre o llegar a la inmortalidad.<\/p>\n<p class=\"\"><i><b>Victoria Eugenia Mart\u00ednez Miguel<\/b><\/i><i> es doctora en Biolog\u00eda del envejecimiento e investigadora en el Instituto Max Planck para la Biolog\u00eda del Envejecimiento (Alemania). <\/i><\/p>\n<p class=\"\"><i>Pregunta enviada v\u00eda email por\u202fMarcos.<\/i><\/p>\n<p class=\"\"><i>Coordinaci\u00f3n y redacci\u00f3n:\u202f<\/i><i><b>Victoria Toro.<\/b><\/i><\/p>\n<p class=\"\"><a href=\"https:\/\/elpais.com\/salud-y-bienestar\/nosotras-respondemos\/\" rel=\"\" data-link-track-dtm=\"\" data-mrf-link=\"https:\/\/elpais.com\/salud-y-bienestar\/nosotras-respondemos\/\"><i><b>Nosotras respondemos<\/b><\/i><\/a><i>\u202fes un consultorio cient\u00edfico semanal, patrocinado por el programa L\u2019Or\u00e9al-Unesco \u2018<\/i><a href=\"https:\/\/www.forwomeninscience.com\/\" rel=\"\" data-link-track-dtm=\"\" data-mrf-link=\"https:\/\/www.forwomeninscience.com\/\"><i>For Women in Science<\/i><\/a><i>\u2019 y por\u202f<\/i><a href=\"https:\/\/www.bms.com\/es\" rel=\"\" data-link-track-dtm=\"\" data-mrf-link=\"https:\/\/www.bms.com\/es\"><i>Bristol Myers Squibb<\/i><\/a><i>, que contesta a las dudas de los lectores sobre ciencia y tecnolog\u00eda. Son cient\u00edficas y tecn\u00f3logas, socias de AMIT (Asociaci\u00f3n de Mujeres Investigadoras y Tecn\u00f3logas), las que responden a esas dudas. Env\u00eda tus preguntas a\u202f<\/i><a href=\"mailto:nosotrasrespondemos@gmail.com\" rel=\"\" data-link-track-dtm=\"\"><i>nosotrasrespondemos@gmail.com<\/i><\/a><i>\u202fo por X #nosotrasrespondemos.<\/i><\/p>\n<p class=\"\"><i>Los consejos de este consultorio son de car\u00e1cter general y no sustituyen la consulta m\u00e9dica. Si tiene dudas sobre su problema concreto, dir\u00edjase a su profesional de la salud.<\/i><\/p>\n<\/div>\n<p style=\"text-align: justify;\">FOTO: Dos mujeres de diferente edad, una junta a la otra.<span class=\"a_m_m\">wundervisuals (Getty Images)<\/span><\/p>\n<p style=\"text-align: justify;\">https:\/\/elpais.com\/salud-y-bienestar\/nosotras-respondemos\/2025-07-12\/puede-revertirse-el-envejecimiento.html<\/p>\n<div class=\"a_md _g _g-xs ni\">\n<div class=\"a_md_txt\">\n<div class=\"a_md_a\" data-dtm-region=\"articulo_firma\">\u00a0<\/div>\n<div class=\"a_md_f\">\u00a0<\/div>\n<\/div>\n<\/div>\n","protected":false},"excerpt":{"rendered":"<p>El mecanismo por el que las c\u00e9lulas maduran y mueren es maleable, pero por ahora&#8230;<\/p>\n","protected":false},"author":1,"featured_media":78534,"comment_status":"closed","ping_status":"closed","sticky":false,"template":"","format":"standard","meta":{"_coblocks_attr":"","_coblocks_dimensions":"","_coblocks_responsive_height":"","_coblocks_accordion_ie_support":"","jetpack_post_was_ever_published":false,"_jetpack_newsletter_access":"","_jetpack_dont_email_post_to_subs":false,"_jetpack_newsletter_tier_id":0,"_jetpack_memberships_contains_paywalled_content":false,"_jetpack_memberships_contains_paid_content":false,"footnotes":"","jetpack_publicize_message":"","jetpack_publicize_feature_enabled":true,"jetpack_social_post_already_shared":true,"jetpack_social_options":{"image_generator_settings":{"template":"highway","default_image_id":0,"enabled":false},"version":2}},"categories":[1161,44,6937],"tags":[],"class_list":["post-78533","post","type-post","status-publish","format-standard","has-post-thumbnail","hentry","category-ciudadania","category-noticias-de-hoy","category-sociedad"],"jetpack_publicize_connections":[],"jetpack_featured_media_url":"https:\/\/i0.wp.com\/miradordeatarfe.es\/wp-content\/uploads\/2025\/08\/Screenshot-2025-08-29-at-12-00-57-%C2%BFPuede-revertirse-el-envejecimiento-Nosotras-respondemos-EL-PAIS.png?fit=910%2C459&ssl=1","jetpack_likes_enabled":true,"jetpack_sharing_enabled":true,"_links":{"self":[{"href":"https:\/\/miradordeatarfe.es\/index.php?rest_route=\/wp\/v2\/posts\/78533","targetHints":{"allow":["GET"]}}],"collection":[{"href":"https:\/\/miradordeatarfe.es\/index.php?rest_route=\/wp\/v2\/posts"}],"about":[{"href":"https:\/\/miradordeatarfe.es\/index.php?rest_route=\/wp\/v2\/types\/post"}],"author":[{"embeddable":true,"href":"https:\/\/miradordeatarfe.es\/index.php?rest_route=\/wp\/v2\/users\/1"}],"replies":[{"embeddable":true,"href":"https:\/\/miradordeatarfe.es\/index.php?rest_route=%2Fwp%2Fv2%2Fcomments&post=78533"}],"version-history":[{"count":1,"href":"https:\/\/miradordeatarfe.es\/index.php?rest_route=\/wp\/v2\/posts\/78533\/revisions"}],"predecessor-version":[{"id":78535,"href":"https:\/\/miradordeatarfe.es\/index.php?rest_route=\/wp\/v2\/posts\/78533\/revisions\/78535"}],"wp:featuredmedia":[{"embeddable":true,"href":"https:\/\/miradordeatarfe.es\/index.php?rest_route=\/wp\/v2\/media\/78534"}],"wp:attachment":[{"href":"https:\/\/miradordeatarfe.es\/index.php?rest_route=%2Fwp%2Fv2%2Fmedia&parent=78533"}],"wp:term":[{"taxonomy":"category","embeddable":true,"href":"https:\/\/miradordeatarfe.es\/index.php?rest_route=%2Fwp%2Fv2%2Fcategories&post=78533"},{"taxonomy":"post_tag","embeddable":true,"href":"https:\/\/miradordeatarfe.es\/index.php?rest_route=%2Fwp%2Fv2%2Ftags&post=78533"}],"curies":[{"name":"wp","href":"https:\/\/api.w.org\/{rel}","templated":true}]}}