{"id":7855,"date":"2016-03-31T11:47:53","date_gmt":"2016-03-31T09:47:53","guid":{"rendered":"http:\/\/miradordeatarfe.es\/?p=7855"},"modified":"2023-10-21T10:58:32","modified_gmt":"2023-10-21T08:58:32","slug":"medina-elvira-de-emilio-de-santiago-por-jose-enrique-granados","status":"publish","type":"post","link":"https:\/\/miradordeatarfe.es\/?p=7855","title":{"rendered":"\u00abMEDINA ELVIRA\u00bb DE Emilio de Santiago, por Jos\u00e9 Enrique Granados"},"content":{"rendered":"<div class=\"_1dwg\">\n<div id=\"js_4\" class=\"_5pbx userContent\" data-ft=\"{&quot;tn&quot;:&quot;K&quot;}\">\n<p>En enero de 2013, el arabista, profesor universitario y embajador de la Alhambra Emilio de Santiago, fallecido en octubre del a\u00f1o pasado, escrib\u00eda en las p\u00e1ginas de IDEAL sobre Medina Elvira. Merece la pena rescatar su opini\u00f3n ya que como atarfe\u00f1os nos interesa.<\/p>\n<p><!--more--><\/p>\n<p style=\"text-align: justify;\"><em>Cuantas veces, a lo largo de la que fue mi dilatada vida docente, habr\u00e9 pronunciado tan delicadamente sonadoras y casi po\u00e9ticas palabras: Medina Elvira. Ni calcularlo puedo ahora. \u00bfCu\u00e1nto habr\u00e9 escrito o disertado sobre tema tan apasionante y en cuantos foros, ora nacionales, ora extranjeros? Pues otro tanto de lo mismo ocurre, no puedo recordarlo siquiera, aunque buena sea mi memoria. Fueron muchas las ocasiones, de eso estoy seguro.<\/em><\/p>\n<p style=\"text-align: justify;\"><em>Hace pocos d\u00edas, en las p\u00e1ginas de este mismo diario y en relaci\u00f3n con los proyectados eventos insustanciales y politizados de la conmemoraci\u00f3n del Milenario del Reino de Granada, me llam\u00f3 muy gratamente la atenci\u00f3n que saltara a la palestra las excavaciones arqueol\u00f3gicas tan pr\u00f3ximas a Granada y de las que cabe esperar, sin duda alguna, importantes hallazgos de capital trascendencia e inusitado valor hist\u00f3rico para toda esta zona de la que apenas sabemos s\u00f3lo cuatro cosa, y \u00e9stas sin demasiado orden ni concierto. Ser\u00e1 la estrella de la conmemoraci\u00f3n milenaria la muestra que se est\u00e1 perge\u00f1ando acerca de este imponente yacimiento, aunque no le alcance la hiperb\u00f3lica comparaci\u00f3n con la romana Pompeya como se ha dicho.<\/em><\/p>\n<p style=\"text-align: justify;\"><em>Con la verdadera (o al menos la m\u00e1s rigurosa) historia de este asentamiento isl\u00e1mico de ra\u00edz visigoda (y a\u00fan anterior imagino yo), acontece pareja cosa a la de la Granada tardoromana y altomedieval. Muy escaso es lo digno de cr\u00e9dito con docta ciencia escrito, y muy abundoso lo que yo doy en llamar \u201chistorietas\u201d, o sea, ese todo revuelto de descarados \u201ccopieteos\u201d, sandeces historiogr\u00e1ficas archirepetidas y embolados topon\u00edmicos con menos sustancia aprovechable que enjundia tiene el tobillo de un chamariz. Y \u201crien va plus\u201d que dicen los croupiers de los casinos.<\/em><\/p>\n<p style=\"text-align: justify;\"><em>Quiere esto decir que queda todav\u00eda much\u00edsimo por trabajar y mucho tambi\u00e9n por revisar lo ya existente y meterle bien la necesaria tijera correctora. Sin embargo, me tranquiliza el \u00e1nimo, como historiador y arabista (ya en retirada, bien es cierto), ver que solventes expertos (alguno antiguo alumno m\u00edo) se han dado pronto cuenta de este incontrovertible hecho y de la imperiosa necesidad de ir rellenando los vac\u00edos existentes desde hace siglos de manera inexplicable. Mi experiencia me dice que para llevar a buen fin esta ingente tarea ser\u00e1 preciso conformar un s\u00f3lido y bien trabado equipo multidisciplinar en el que se procure, con todo tipo de cautelas, que no se cuelen de rond\u00f3n fantasmones acad\u00e9micos (los hay hasta con c\u00e1tedras universitarias que parecen de lance) y que se estructure el trabajo sobre la base de un programa coherente en el que quepa todo g\u00e9nero de debates y de cr\u00edticas, en orden a dotar las conclusiones de contrastada seriedad.<\/em><\/p>\n<p style=\"text-align: justify;\"><em>Felizmente, ya se acabaron aquellos, no muy lejanos, tiempos del \u201cesto es as\u00ed porque lo digo yo\u201d y otras modalidades de la estupidez con bula que ciertos de nosotros, los que ya estamos a punto de caramelo para viajitos del Imserso, hemos padecido sin poder rechistarle a los \u201cmaestros\u201d; bueno, yo s\u00ed que les rechist\u00e9 y as\u00ed me fue luego\u2026 Me tranquiliza adem\u00e1s que hayan echado el ojo por aquellos pagos elvire\u00f1os eminentes arque\u00f3logos tanto espa\u00f1oles como for\u00e1neos. Este extremo enriquece y da fuerza y apoyo a la inteligente iniciativa de los emprendedores medievalistas granadinos.<\/em><\/p>\n<p style=\"text-align: justify;\"><em>Con experiencias como \u00e9sta que se est\u00e1 llevando a cabo, no es que la ciudad palatina de la Alhambra y sus aleda\u00f1os, queden postergados a ning\u00fan nivel; completamente al contrario suceder\u00e1: se ir\u00e1n paulatinamente desvelando enigmas, disipando mitolog\u00edas cient\u00edficas (que haberlas, haylas tambi\u00e9n) y estableciendo nexos para que, al fin, como dir\u00eda el poeta quede \u201ctodo m\u00e1s claro\u201d.<\/em><\/p>\n<p style=\"text-align: justify;\"><em>Albricias por tanto para los estudiosos de esta singular urbe del Islam andalus\u00ed cuya singladura hist\u00f3rica y sus repercusiones est\u00e1n faltas de una dedicaci\u00f3n cient\u00edfica preferente. Toda una renovaci\u00f3n de conocimientos, puede, inicialmente, radicarse de este asentamiento urbano, pleno de esperanzadas arqueolog\u00eda y anastilosis, que lleva por gracia el bello nombre de Elvira.<\/em><\/p>\n<p style=\"text-align: justify;\">Ilustraci\u00f3n de <strong>Francisco Herrera titulada \u201cElvira\u201d<\/strong><\/p>\n<p>Curiosidades elvirenses.<\/p>\n<div class=\"_5wpt\">\u00a0<\/div>\n<\/div>\n<\/div>\n<p>&nbsp;<\/p>\n","protected":false},"excerpt":{"rendered":"<p>En enero de 2013, el arabista, profesor universitario y embajador de la Alhambra Emilio de&#8230;<\/p>\n","protected":false},"author":1,"featured_media":7856,"comment_status":"closed","ping_status":"closed","sticky":false,"template":"","format":"standard","meta":{"_coblocks_attr":"","_coblocks_dimensions":"","_coblocks_responsive_height":"","_coblocks_accordion_ie_support":"","jetpack_post_was_ever_published":false,"_jetpack_newsletter_access":"","_jetpack_dont_email_post_to_subs":false,"_jetpack_newsletter_tier_id":0,"_jetpack_memberships_contains_paywalled_content":false,"_jetpack_memberships_contains_paid_content":false,"footnotes":"","jetpack_publicize_message":"","jetpack_publicize_feature_enabled":true,"jetpack_social_post_already_shared":false,"jetpack_social_options":{"image_generator_settings":{"template":"highway","default_image_id":0,"enabled":false},"version":2}},"categories":[1225,38,5359,10431],"tags":[2393,1622,79],"class_list":["post-7855","post","type-post","status-publish","format-standard","has-post-thumbnail","hentry","category-ha-de-atarfe","category-opinion-de-jose-enrique-granados","category-madinat-ilbira","category-medina-elvira-2","tag-andalusi","tag-islam","tag-medina-elvira"],"jetpack_publicize_connections":[],"jetpack_featured_media_url":"https:\/\/i0.wp.com\/miradordeatarfe.es\/wp-content\/uploads\/2016\/03\/1622128_981832585236090_3709757717822353744_n.jpg?fit=960%2C720&ssl=1","jetpack_likes_enabled":true,"jetpack_sharing_enabled":true,"_links":{"self":[{"href":"https:\/\/miradordeatarfe.es\/index.php?rest_route=\/wp\/v2\/posts\/7855","targetHints":{"allow":["GET"]}}],"collection":[{"href":"https:\/\/miradordeatarfe.es\/index.php?rest_route=\/wp\/v2\/posts"}],"about":[{"href":"https:\/\/miradordeatarfe.es\/index.php?rest_route=\/wp\/v2\/types\/post"}],"author":[{"embeddable":true,"href":"https:\/\/miradordeatarfe.es\/index.php?rest_route=\/wp\/v2\/users\/1"}],"replies":[{"embeddable":true,"href":"https:\/\/miradordeatarfe.es\/index.php?rest_route=%2Fwp%2Fv2%2Fcomments&post=7855"}],"version-history":[{"count":4,"href":"https:\/\/miradordeatarfe.es\/index.php?rest_route=\/wp\/v2\/posts\/7855\/revisions"}],"predecessor-version":[{"id":64234,"href":"https:\/\/miradordeatarfe.es\/index.php?rest_route=\/wp\/v2\/posts\/7855\/revisions\/64234"}],"wp:featuredmedia":[{"embeddable":true,"href":"https:\/\/miradordeatarfe.es\/index.php?rest_route=\/wp\/v2\/media\/7856"}],"wp:attachment":[{"href":"https:\/\/miradordeatarfe.es\/index.php?rest_route=%2Fwp%2Fv2%2Fmedia&parent=7855"}],"wp:term":[{"taxonomy":"category","embeddable":true,"href":"https:\/\/miradordeatarfe.es\/index.php?rest_route=%2Fwp%2Fv2%2Fcategories&post=7855"},{"taxonomy":"post_tag","embeddable":true,"href":"https:\/\/miradordeatarfe.es\/index.php?rest_route=%2Fwp%2Fv2%2Ftags&post=7855"}],"curies":[{"name":"wp","href":"https:\/\/api.w.org\/{rel}","templated":true}]}}