{"id":78568,"date":"2025-09-21T09:18:20","date_gmt":"2025-09-21T07:18:20","guid":{"rendered":"https:\/\/miradordeatarfe.es\/?p=78568"},"modified":"2025-08-29T18:26:28","modified_gmt":"2025-08-29T16:26:28","slug":"un-25-de-la-poblacion-mundial-no-tiene-acceso-al-agua-potable","status":"publish","type":"post","link":"https:\/\/miradordeatarfe.es\/?p=78568","title":{"rendered":"Un 25% de la poblaci\u00f3n mundial no tiene acceso al agua potable"},"content":{"rendered":"<h3 style=\"text-align: justify;\">Esta cifra, recogida en un informe de la Organizaci\u00f3n Mundial de la Salud (OMS) y Unicef, incluye a 106 millones de personas que beben directamente de r\u00edos, lagos u otras fuentes superficiales sin tratar.<\/h3>\n<p style=\"text-align: justify;\"><strong>Una de cada cuatro personas <\/strong>en el mundo, unas 2.100 millones, <strong>carecen de acceso al agua potable <\/strong>gestionada de forma segura, una d\u00e9cada despu\u00e9s de la adopci\u00f3n de los Objetivos de Desarrollo Sostenible de la ONU.<\/p>\n<p style=\"text-align: justify;\">La cifra, que forma parte de un informe publicado esta semana por la Organizaci\u00f3n Mundial de la Salud (OMS) y Unicef, incluye a 106 millones de personas que beben directamente de r\u00edos, lagos u otras fuentes superficiales sin tratar, lo que los expone a enfermedades y a una exclusi\u00f3n social m\u00e1s profunda.<\/p>\n<p style=\"text-align: justify;\">El informe del <em>Programa en materia de agua potable y saneamiento en los hogares 2000-2024: especial atenci\u00f3n a las desigualdades<\/em>, publicado con motivo de la Semana Mundial del Agua, afirma que, aunque ha habido progresos, a\u00fan persisten las brechas y que<strong> los m\u00e1s afectados son quienes viven en pa\u00edses de bajos ingresos<\/strong>, contextos fr\u00e1giles, comunidades rurales, ni\u00f1os y grupos \u00e9tnicos minoritarios e ind\u00edgenas.<\/p>\n<p style=\"text-align: justify;\">Detalla que entre 2000 y 2024, la poblaci\u00f3n mundial aument\u00f3 de 6.200 millones a 8.200 millones, y que durante ese periodo, una cuarta parte (2.200 millones) obtuvo acceso a agua potable gestionada de forma segura, mientras que un tercio (2.800 millones) obtuvo servicios de saneamiento seguros. Aunque millones han tenido acceso al agua,<strong> el progreso ha sido desigual y lento<\/strong>.<\/p>\n<p style=\"text-align: justify;\">Revela, adem\u00e1s, que las personas de los pa\u00edses menos adelantados tienen el doble de probabilidades que otras de carecer de acceso a agua potable y m\u00e1s del triple de probabilidades de no tener saneamiento b\u00e1sico.<\/p>\n<p style=\"text-align: justify;\">Tambi\u00e9n muestra que aunque han mejorado las condiciones para quienes viven en <strong>zonas rurales<\/strong>, a\u00fan est\u00e1n rezagados.<\/p>\n<h2 class=\"wp-block-heading\" style=\"text-align: justify;\"><strong>3.400 millones sin acceso a instalaciones de higiene seguras<\/strong><\/h2>\n<p style=\"text-align: justify;\">Entre 2015 y 2024, el <strong>acceso al agua potable de forma segura <\/strong>subi\u00f3 del 50 al 60%, y el de<strong> higiene b\u00e1sica <\/strong>del 52% al 71%. En cambio, la cobertura de agua potable e higiene en las zonas urbanas se ha estancado en ese mismo periodo.<\/p>\n<p style=\"text-align: justify;\">De acuerdo con el informe, <strong>3.400 millones de personas a\u00fan carecen de acceso a instalaciones sanitarias<\/strong> gestionadas de forma segura, incluidos 354 millones que a\u00fan defecan al aire libre. Los servicios b\u00e1sicos de higiene en el hogar siguen siendo inaccesibles para 1.700 millones de personas.<\/p>\n<p style=\"text-align: justify;\">Advierte que estas deficiencias tienen consecuencias directas: la propagaci\u00f3n de enfermedades, la mortalidad prevenible y el aumento de la marginaci\u00f3n, especialmente para las adolescentes. En el grupo de edad de 15 a 19 a\u00f1os, muchas de ellas dicen que abandonan la escuela, el trabajo o las actividades sociales durante su <strong>menstruaci\u00f3n<\/strong>, debido a la falta de infraestructura adecuada.<\/p>\n<p style=\"text-align: justify;\">En la mayor\u00eda de los pa\u00edses con datos disponibles,<strong> las mujeres y las ni\u00f1as<\/strong> son las principales responsables de la recolecci\u00f3n de agua; muchas de ellas en el \u00c1frica subsahariana y Asia central y meridional dedican m\u00e1s de 30 minutos al d\u00eda a recolectarla, indica el informe.\u00a0<\/p>\n<p style=\"text-align: justify;\"><strong>EFE<\/strong><\/p>\n<p>FOTO: <span class=\"legend\">Ni\u00f1os palestinos desplazados llevan recipientes para llenarlos de agua en un campo de desplazados improvisado en Deir el-Balah, en el centro de la Franja de Gaza, en octubre de 2024.<\/span> <span class=\"title\">Foto: Majdi Fathi\/NurPhoto v\u00eda Reuters Connect.<\/span><\/p>\n<blockquote class=\"wp-embedded-content\" data-secret=\"pg0eybdxxG\"><p><a href=\"https:\/\/climatica.coop\/25-poblacion-mundial-no-acceso-agua-potable\/\">Un 25% de la poblaci\u00f3n mundial no tiene acceso al agua potable<\/a><\/p><\/blockquote>\n<p><iframe loading=\"lazy\" class=\"wp-embedded-content\" sandbox=\"allow-scripts\" security=\"restricted\" style=\"position: absolute; visibility: hidden;\" title=\"\u00abUn 25% de la poblaci\u00f3n mundial no tiene acceso al agua potable\u00bb \u2014 Clim\u00e1tica, el medio especializado en clima y biodiversidad\" src=\"https:\/\/climatica.coop\/25-poblacion-mundial-no-acceso-agua-potable\/embed\/#?secret=oq3opuDC23#?secret=pg0eybdxxG\" data-secret=\"pg0eybdxxG\" width=\"600\" height=\"338\" frameborder=\"0\" marginwidth=\"0\" marginheight=\"0\" scrolling=\"no\"><\/iframe><\/p>\n","protected":false},"excerpt":{"rendered":"<p>Esta cifra, recogida en un informe de la Organizaci\u00f3n Mundial de la Salud (OMS) y&#8230;<\/p>\n","protected":false},"author":1,"featured_media":78569,"comment_status":"closed","ping_status":"closed","sticky":false,"template":"","format":"standard","meta":{"_coblocks_attr":"","_coblocks_dimensions":"","_coblocks_responsive_height":"","_coblocks_accordion_ie_support":"","jetpack_post_was_ever_published":false,"_jetpack_newsletter_access":"","_jetpack_dont_email_post_to_subs":false,"_jetpack_newsletter_tier_id":0,"_jetpack_memberships_contains_paywalled_content":false,"_jetpack_memberships_contains_paid_content":false,"footnotes":"","jetpack_publicize_message":"","jetpack_publicize_feature_enabled":true,"jetpack_social_post_already_shared":true,"jetpack_social_options":{"image_generator_settings":{"template":"highway","default_image_id":0,"enabled":false},"version":2}},"categories":[10797,1161,44,10],"tags":[],"class_list":["post-78568","post","type-post","status-publish","format-standard","has-post-thumbnail","hentry","category-ciencia","category-ciudadania","category-noticias-de-hoy","category-salud"],"jetpack_publicize_connections":[],"jetpack_featured_media_url":"https:\/\/i0.wp.com\/miradordeatarfe.es\/wp-content\/uploads\/2025\/08\/Screenshot-2025-08-29-at-18-21-07-Un-25-de-la-poblacion-mundial-no-tiene-acceso-al-agua-potable-Climatica-el-medio-especializado-en-clima-y-biodiversidad.png?fit=610%2C575&ssl=1","jetpack_likes_enabled":true,"jetpack_sharing_enabled":true,"_links":{"self":[{"href":"https:\/\/miradordeatarfe.es\/index.php?rest_route=\/wp\/v2\/posts\/78568","targetHints":{"allow":["GET"]}}],"collection":[{"href":"https:\/\/miradordeatarfe.es\/index.php?rest_route=\/wp\/v2\/posts"}],"about":[{"href":"https:\/\/miradordeatarfe.es\/index.php?rest_route=\/wp\/v2\/types\/post"}],"author":[{"embeddable":true,"href":"https:\/\/miradordeatarfe.es\/index.php?rest_route=\/wp\/v2\/users\/1"}],"replies":[{"embeddable":true,"href":"https:\/\/miradordeatarfe.es\/index.php?rest_route=%2Fwp%2Fv2%2Fcomments&post=78568"}],"version-history":[{"count":1,"href":"https:\/\/miradordeatarfe.es\/index.php?rest_route=\/wp\/v2\/posts\/78568\/revisions"}],"predecessor-version":[{"id":78570,"href":"https:\/\/miradordeatarfe.es\/index.php?rest_route=\/wp\/v2\/posts\/78568\/revisions\/78570"}],"wp:featuredmedia":[{"embeddable":true,"href":"https:\/\/miradordeatarfe.es\/index.php?rest_route=\/wp\/v2\/media\/78569"}],"wp:attachment":[{"href":"https:\/\/miradordeatarfe.es\/index.php?rest_route=%2Fwp%2Fv2%2Fmedia&parent=78568"}],"wp:term":[{"taxonomy":"category","embeddable":true,"href":"https:\/\/miradordeatarfe.es\/index.php?rest_route=%2Fwp%2Fv2%2Fcategories&post=78568"},{"taxonomy":"post_tag","embeddable":true,"href":"https:\/\/miradordeatarfe.es\/index.php?rest_route=%2Fwp%2Fv2%2Ftags&post=78568"}],"curies":[{"name":"wp","href":"https:\/\/api.w.org\/{rel}","templated":true}]}}