{"id":78574,"date":"2025-09-24T09:36:12","date_gmt":"2025-09-24T07:36:12","guid":{"rendered":"https:\/\/miradordeatarfe.es\/?p=78574"},"modified":"2025-08-29T18:40:54","modified_gmt":"2025-08-29T16:40:54","slug":"donde-queda-el-derecho-a-reparar-soluciones-para-alargar-la-vida-de-nuestras-cosas","status":"publish","type":"post","link":"https:\/\/miradordeatarfe.es\/?p=78574","title":{"rendered":"\u00bfD\u00f3nde queda el derecho a reparar? Soluciones para alargar la vida de nuestras cosas"},"content":{"rendered":"<h3 style=\"text-align: justify;\">En 2022, 62 millones de toneladas de aparatos electr\u00f3nicos terminaron en la basura. Con ellos, se pierden recursos muy valiosos, se genera un impacto social y ambiental importante y se sostiene un sistema de producci\u00f3n y consumo lineal basado en el desperdicio<\/h3>\n<p style=\"text-align: justify;\">Un m\u00f3vil acaba en la basura porque su bater\u00eda ha dejado de cargar. Una aspiradora robot que ya no se mueve por un problema en la rueda sigue el mismo camino. Y el GPS del coche, que va muy lento. Y el microondas, que tiene dos botones que ya no funcionan. Y la impresora, que de repente ha empezado a dar error y nadie sabe bien por qu\u00e9. Es muy probable que te hayas reconocido en alguna (o en todas) de estas situaciones: <strong>los objetos con los que convivimos se estropean <\/strong>muy a menudo. Sin embargo, muchos se pueden reparar para alargar su vida y no acabar tir\u00e1ndolos en la basura. Solo que acceder a esa reparaci\u00f3n no siempre es f\u00e1cil.<\/p>\n<p style=\"text-align: justify;\">En 2022, en todo el mundo se generaron 62 millones de toneladas de residuos electr\u00f3nicos, la mayor cantidad registrada hasta la fecha por <a href=\"https:\/\/ewastemonitor.info\/wp-content\/uploads\/2024\/12\/GEM_2024_ES_11_NOV-web.pdf\" target=\"_blank\" rel=\"noreferrer noopener\">el Observatorio internacional sobre residuos electr\u00f3nicos<\/a>. Eso son algo m\u00e1s de 7 kilos por persona al a\u00f1o, una cifra que sube hasta los 17,6 kilos por persona si solo nos centramos en los residuos europeos. Con esa basura <strong>se pierden miles de millones de euros en metales valiosos<\/strong>, se genera un impacto social y ambiental importante (la mayor\u00eda de los residuos se incinera) y se sostiene un sistema de producci\u00f3n y consumo lineal, en el que extraemos recursos finitos de la Tierra para acabar tir\u00e1ndolos poco despu\u00e9s.<\/p>\n<p style=\"text-align: justify;\">Todo esto, adem\u00e1s, no es casual. Este sistema es la base de los modelos de negocio de infinidad de empresas que tienen en pr\u00e1ctica como la obsolescencia programada o la obsolescencia percibida como una herramienta poderosa. La econom\u00eda lineal, tambi\u00e9n denominada <strong>extraer, producir, desperdiciar<\/strong>, naci\u00f3 con la Revoluci\u00f3n Industrial y, desde entonces, lo ha acabado dominando todo. Pero este sistema tiene un tal\u00f3n de Aquiles: la <strong>reparaci\u00f3n<\/strong>, una pr\u00e1ctica muy habitual hasta hace no tanto tiempo que, adem\u00e1s, ha sido <a href=\"https:\/\/www.europarl.europa.eu\/news\/es\/press-room\/20240419IPR20590\/derecho-a-reparar-reparaciones-mas-faciles-y-atractivas-para-los-consumidores\" target=\"_blank\" rel=\"noreferrer noopener\">reconocida como derecho<\/a> en la Uni\u00f3n Europea.<\/p>\n<p style=\"text-align: justify;\">\u201cReparar no solo alarga la vida de los productos, sino que reduce el impacto medioambiental, disminuye los residuos y devuelve el poder y la libertad a las personas. El derecho y la capacidad de reparar son necesarios para<strong> recuperar el control sobre lo que compramos y resistir a la obsolescencia programada<\/strong>\u201d, se\u00f1alan desde Restarters Valencia, uno de los muchos colectivos que han surgido en los \u00faltimos a\u00f1os para fomentar la reparaci\u00f3n. <a href=\"https:\/\/therestartproject.org\/about\/\" target=\"_blank\" rel=\"noreferrer noopener\">El proyecto Restart<\/a> es una comunidad global fundada en Reino Unido, pero con presencia local en m\u00e1s de 20 pa\u00edses.<\/p>\n<p style=\"text-align: justify;\">\u201cNosotros hacemos encuentros donde personas voluntarias con conocimientos t\u00e9cnicos regalan su tiempo a otras personas que quieren reparar un aparato estropeado. Adem\u00e1s, intentamos explicar y ense\u00f1ar lo que le pasa al aparato, por qu\u00e9 se ha estropeado y c\u00f3mo lo podemos reparar. <strong>A menudo las reparaciones son sorprendentemente sencillas y baratas<\/strong>, aunque en otros casos nos quedemos con las ganas, claro. Y en casi todos los casos terminamos maldiciendo dise\u00f1os poco robustos y poco amigables\u201d, explican desde Restarters Barcelona, otro de los grupos locales de la red.<\/p>\n<h2 class=\"wp-block-heading\" style=\"text-align: justify;\"><strong>\u00bfC\u00f3mo ejercer nuestro derecho a reparar?<\/strong><\/h2>\n<p style=\"text-align: justify;\">Existen muchos caminos para hacer que un objeto se quede obsoleto. Los productos pueden tener un tiempo de vida limitado por dise\u00f1o, pueden dejar de ser \u00fatiles ante nuevos est\u00e1ndares t\u00e9cnicos, pueden dejar de tener soporte o recambios o <strong>pueden simplemente parecer viejos o pasados de moda<\/strong> por causa del <em>marketing<\/em> y la publicidad. Y, aunque la electr\u00f3nica es el sector donde estas pr\u00e1cticas de obsolescencia son m\u00e1s evidentes, en realidad son muy utilizadas en <strong>cualquier sector que dependa de la innovaci\u00f3n constante y de los ciclos cortos de producto<\/strong>, como la moda o la automoci\u00f3n.<\/p>\n<p style=\"text-align: justify;\">\u201cLa reparaci\u00f3n es importante, primero, por una cuesti\u00f3n de justicia social y porque ofrece oportunidades de negocio y de empleo en los lugares de consumo y uso de los productos, con garant\u00edas similares a las de consumidores y usuarios\u201d, explica <strong><a href=\"https:\/\/alvizlo.es\/#\/perfil-profesional\" target=\"_blank\" rel=\"noreferrer noopener\">Alberto Vizca\u00edno<\/a><\/strong>, ambient\u00f3logo y experto en obsolescencia. \u201cReparar tambi\u00e9n es importante por el coste ambiental, econ\u00f3mico y social que generan los productos que consumimos. En cada uno hay materias primas que se han extra\u00eddo en alg\u00fan lugar del mundo, horas de mano de obra, emisiones causadas por el transporte\u2026 <strong>Una vez que el producto est\u00e1 en nuestras manos lo ideal es mantenerlo el mayor tiempo posible<\/strong> para reducir los impactos ambientales y sociales\u201d.<\/p>\n<p style=\"text-align: justify;\">Para el experto, si un producto se estropea lo primero es pensar en si est\u00e1 en garant\u00eda. En la Uni\u00f3n Europea, los consumidores estamos cubiertos por los posibles defectos de fabricaci\u00f3n en cualquier producto durante los primeros tres a\u00f1os de uso. M\u00e1s all\u00e1 de la garant\u00eda (e incluso si estamos cubiertos por ella), reparar no es f\u00e1cil. \u201cExiste legislaci\u00f3n que regula el derecho a reparar, pero no se aplica adecuadamente. Los consumidores <strong>no somos conscientes de nuestras opciones y no disponemos del tiempo ni los recursos para ejercerlas<\/strong>. Acceder a la reparaci\u00f3n implica un esfuerzo que desincentiva al usuario y le lleva a comprar productos nuevos para atender sus necesidades\u201d, a\u00f1ade Vizca\u00edno.<\/p>\n<p style=\"text-align: justify;\">Desde Restarters Barcelona y Valencia coinciden en el diagn\u00f3stico: <strong>el derecho a reparar se ha plasmado en la ley, pero no hay herramientas para hacerlo efectivo<\/strong>. \u201cMuchas de las directivas europeas a\u00fan no se han aplicado y falta ver c\u00f3mo se traducen en el mundo real. A fecha de hoy, la informaci\u00f3n sigue sin estar disponible, los manuales de los dispositivos est\u00e1n cerrados, las piezas no se pueden conseguir, el <em>software<\/em> est\u00e1 restringido, los m\u00e9todos de reparaci\u00f3n se complican artificialmente\u2026 Todo esto limita mucho el derecho real a reparar\u201d, a\u00f1aden desde el colectivo valenciano.<\/p>\n<h2 class=\"wp-block-heading\" style=\"text-align: justify;\"><strong>Soluciones para reparar y vencer la obsolescencia<\/strong><\/h2>\n<p style=\"text-align: justify;\">A la hora de reparar, \u00bfa d\u00f3nde acudimos? En muchos pueblos y ciudades todav\u00eda quedan talleres de reparaci\u00f3n de ropa, electrodom\u00e9sticos o productos el\u00e9ctricos, pero <strong>son negocios cada vez m\u00e1s escasos<\/strong>. El relevo generacional, las dificultades para acceder a piezas de recambio, componentes y aplicaciones adecuados para reparar, la falta de cualificaci\u00f3n y de informaci\u00f3n t\u00e9cnica disponible en abierto y la ausencia de incentivos para invitar a la poblaci\u00f3n a reparar (cambiando el paradigma mental de que compensa comprar algo nuevo) son <strong>los principales obst\u00e1culos <\/strong>que enfrenta la reparaci\u00f3n.<\/p>\n<p style=\"text-align: justify;\">En Espa\u00f1a, existen <strong>varias iniciativas <\/strong>para intentar acercar la reparaci\u00f3n a los consumidores. Adem\u00e1s de grupos como <a href=\"https:\/\/therestartproject.org\/groups\/restarters-barcelona\/\" target=\"_blank\" rel=\"noreferrer noopener\">Restarters Barcelona<\/a> o <a href=\"https:\/\/therestartproject.org\/groups\/restarters-vlc\/\" target=\"_blank\" rel=\"noreferrer noopener\">Restarters Valencia<\/a>, existen <a href=\"https:\/\/www.repaircafe.org\/es\/visitar\/\" target=\"_blank\" rel=\"noreferrer noopener\">los Repair Caf\u00e9s<\/a> (lugares de libre acceso donde todo gira en torno a reparar cosas juntos, normalmente en un bar o un restaurante), proyectos de econom\u00eda social como <a href=\"https:\/\/www.recumadrid.es\/\" target=\"_blank\" rel=\"noreferrer noopener\">Recumadrid<\/a> o <a href=\"https:\/\/www.emausnavarra.org\/movimiento-emaus.php\" target=\"_blank\" rel=\"noreferrer noopener\">los Traperos de Ema\u00fas<\/a>, e iniciativas profesionales que buscan conectar a los reparadores con las personas que necesitan sus servicios, como <a href=\"https:\/\/www.guiareparaciones.com\/\" target=\"_blank\" rel=\"noreferrer noopener\">Gu\u00eda Reparaciones<\/a>. Una simple b\u00fasqueda en internet o la aplicaci\u00f3n de navegaci\u00f3n que usemos nos puede ayudar a encontrar opciones en nuestros alrededores.<\/p>\n<p style=\"text-align: justify;\">\u201cNosotros trabajamos para<strong> poner por delante la cultura de la suficiencia, de aprovechar lo que tenemos,<\/strong> de hacerlo m\u00e1s nuestro, de quitarnos esa pesada carga mental de representarnos a trav\u00e9s de lo que tenemos y, sobre todo, de crear redes y poner en valor la ayuda mutua frente a la fantas\u00eda del individualismo\u201d, a\u00f1aden desde Restarters Barcelona.<\/p>\n<p style=\"text-align: justify;\">\u201cPara impulsar que haya m\u00e1s reparaciones necesitamos cambios en varios niveles: leyes m\u00e1s firmes que obliguen a fabricantes a facilitar la reparaci\u00f3n,<strong> educaci\u00f3n para que desde peque\u00f1os aprendamos a cuidar, reparar y valorar los objetos<\/strong>, dotar de valor cultural la reparaci\u00f3n como algo \u00fatil, creativo y necesario o incentivos fiscales o subvenciones a quienes reparan y a quienes promueven este tipo de actividades\u201d, concluyen desde Restarters Valencia.<\/p>\n<p class=\"name\"><strong>Juan F. Samaniego<\/strong><\/p>\n<p><span class=\"title\">Foto: Kilian Seiler.<\/span><\/p>\n<blockquote class=\"wp-embedded-content\" data-secret=\"wFuUhr2I9Y\"><p><a href=\"https:\/\/climatica.coop\/derecho-reparar-soluciones-alargar-vida-cosas\/\">\u00bfD\u00f3nde queda el derecho a reparar? Soluciones para alargar la vida de nuestras cosas<\/a><\/p><\/blockquote>\n<p><iframe loading=\"lazy\" class=\"wp-embedded-content\" sandbox=\"allow-scripts\" security=\"restricted\" style=\"position: absolute; visibility: hidden;\" title=\"\u00ab\u00bfD\u00f3nde queda el derecho a reparar? Soluciones para alargar la vida de nuestras cosas\u00bb \u2014 Clim\u00e1tica, el medio especializado en clima y biodiversidad\" src=\"https:\/\/climatica.coop\/derecho-reparar-soluciones-alargar-vida-cosas\/embed\/#?secret=mEk233PoQD#?secret=wFuUhr2I9Y\" data-secret=\"wFuUhr2I9Y\" width=\"600\" height=\"338\" frameborder=\"0\" marginwidth=\"0\" marginheight=\"0\" scrolling=\"no\"><\/iframe><\/p>\n<p>&nbsp;<\/p>\n<p>&nbsp;<\/p>\n","protected":false},"excerpt":{"rendered":"<p>En 2022, 62 millones de toneladas de aparatos electr\u00f3nicos terminaron en la basura. Con ellos,&#8230;<\/p>\n","protected":false},"author":1,"featured_media":78575,"comment_status":"closed","ping_status":"closed","sticky":false,"template":"","format":"standard","meta":{"_coblocks_attr":"","_coblocks_dimensions":"","_coblocks_responsive_height":"","_coblocks_accordion_ie_support":"","jetpack_post_was_ever_published":false,"_jetpack_newsletter_access":"","_jetpack_dont_email_post_to_subs":false,"_jetpack_newsletter_tier_id":0,"_jetpack_memberships_contains_paywalled_content":false,"_jetpack_memberships_contains_paid_content":false,"footnotes":"","jetpack_publicize_message":"","jetpack_publicize_feature_enabled":true,"jetpack_social_post_already_shared":true,"jetpack_social_options":{"image_generator_settings":{"template":"highway","default_image_id":0,"enabled":false},"version":2}},"categories":[1161,186,9,44,6920],"tags":[],"class_list":["post-78574","post","type-post","status-publish","format-standard","has-post-thumbnail","hentry","category-ciudadania","category-instituciones","category-medio-ambiente","category-noticias-de-hoy","category-tecnologia"],"jetpack_publicize_connections":[],"jetpack_featured_media_url":"https:\/\/i0.wp.com\/miradordeatarfe.es\/wp-content\/uploads\/2025\/08\/Screenshot-2025-08-29-at-18-37-01-%C2%BFDonde-queda-el-derecho-a-reparar-Soluciones-para-alargar-la-vida-de-nuestras-cosas-Climatica-el-medio-especializado-en-clima-y-biodiversidad.png?fit=915%2C645&ssl=1","jetpack_likes_enabled":true,"jetpack_sharing_enabled":true,"_links":{"self":[{"href":"https:\/\/miradordeatarfe.es\/index.php?rest_route=\/wp\/v2\/posts\/78574","targetHints":{"allow":["GET"]}}],"collection":[{"href":"https:\/\/miradordeatarfe.es\/index.php?rest_route=\/wp\/v2\/posts"}],"about":[{"href":"https:\/\/miradordeatarfe.es\/index.php?rest_route=\/wp\/v2\/types\/post"}],"author":[{"embeddable":true,"href":"https:\/\/miradordeatarfe.es\/index.php?rest_route=\/wp\/v2\/users\/1"}],"replies":[{"embeddable":true,"href":"https:\/\/miradordeatarfe.es\/index.php?rest_route=%2Fwp%2Fv2%2Fcomments&post=78574"}],"version-history":[{"count":1,"href":"https:\/\/miradordeatarfe.es\/index.php?rest_route=\/wp\/v2\/posts\/78574\/revisions"}],"predecessor-version":[{"id":78576,"href":"https:\/\/miradordeatarfe.es\/index.php?rest_route=\/wp\/v2\/posts\/78574\/revisions\/78576"}],"wp:featuredmedia":[{"embeddable":true,"href":"https:\/\/miradordeatarfe.es\/index.php?rest_route=\/wp\/v2\/media\/78575"}],"wp:attachment":[{"href":"https:\/\/miradordeatarfe.es\/index.php?rest_route=%2Fwp%2Fv2%2Fmedia&parent=78574"}],"wp:term":[{"taxonomy":"category","embeddable":true,"href":"https:\/\/miradordeatarfe.es\/index.php?rest_route=%2Fwp%2Fv2%2Fcategories&post=78574"},{"taxonomy":"post_tag","embeddable":true,"href":"https:\/\/miradordeatarfe.es\/index.php?rest_route=%2Fwp%2Fv2%2Ftags&post=78574"}],"curies":[{"name":"wp","href":"https:\/\/api.w.org\/{rel}","templated":true}]}}