{"id":7858,"date":"2016-04-06T08:10:38","date_gmt":"2016-04-06T06:10:38","guid":{"rendered":"http:\/\/miradordeatarfe.es\/?p=7858"},"modified":"2019-12-28T12:55:13","modified_gmt":"2019-12-28T11:55:13","slug":"la-tienda-la-esquina-por-jose-enrique-granados","status":"publish","type":"post","link":"https:\/\/miradordeatarfe.es\/?p=7858","title":{"rendered":"\u00abLA TIENDA LA ESQUINA\u00bb por Jos\u00e9 Enrique Granados"},"content":{"rendered":"<p style=\"text-align: justify;\">En la gacetilla de hoy podemos ver la publicidad de \u00abla Tienda de la Esquina\u00bb en el programa de fiestas de 1929. \u201cSanta Ana, almac\u00e9n de coloniales, paqueter\u00eda, quincalla y chacinas; al por mayor y menor; de Antonio S\u00e1nchez Jim\u00e9nez. Especialidad en caf\u00e9s, semillas y embutidos\u2026\u2026\u2026\u2026.\u201d<!--more--><\/p>\n<p style=\"text-align: justify;\">En la parte izquierda de la misma, la fotograf\u00eda propiamente dicha, contemplamos en su esplendor el establecimiento, aunque no podemos mostrar algo bastante caracter\u00edstico de aquellos lugares como s<span class=\"text_exposed_show\">on los olores. Aromas a arenques, a bacalao, a aceite, a escabeches, a jab\u00f3n, a caf\u00e9, a queso, a tierra&#8230;.. Un olor \u00fanico que se ha perdido para siempre.<\/span><\/p>\n<div class=\"text_exposed_show\">\n<p style=\"text-align: justify;\">Las tiendas de ultramarinos o coloniales, como as\u00ed se denominaban, han desaparecido totalmente de nuestro pueblo, aunque en algunas ciudades se mantienen e incluso en otras se est\u00e1n recuperando algunos de aquellos colmaos en donde compraban nuestras abuelas y madres, y en menor medida los m\u00e1s mayores de nosotros.<\/p>\n<p style=\"text-align: justify;\">En aquellos a\u00f1ejos locales que suministraron v\u00edveres a las generaciones que nos precedieron, apenas hab\u00eda espacio para maniobrar. Al atravesar sus puertas se mostraba ante nuestros ojos un caos hermoso. Decenas de estanter\u00edas, aprovechadas hasta el \u00faltimo mil\u00edmetro, atiborradas de mercanc\u00edas de lo m\u00e1s variado. Sus frascos de cristal, sus hermosas y grandes latas de conservas colocadas de manera ordenada y los enormes sacos de legumbres a granel.<\/p>\n<p style=\"text-align: justify;\">Aparte de las estanter\u00edas bien surtidas de alimentos, vemos sobre el mostrador una balanza. Y colgando del techo, unas barras de acero suspendidas en donde se exponen algunos jamones y otros embutidos. Obs\u00e9rvese la pulcritud en el atuendo de los dependientes, todos y cada uno de ellos con su correspondiente guardapolvos.<\/p>\n<p style=\"text-align: justify;\">La perspectiva de la fotograf\u00eda nos imposibilita ver algunos de los elementos cl\u00e1sicos de aquellos establecimientos como eran el molino del caf\u00e9, que se vend\u00eda en grano o molido, la caja registradora o la cuchilla para cortar el bacalao. Tambi\u00e9n faltan aquellos recipientes redondos de madera que conten\u00edan los arenques.<\/p>\n<p style=\"text-align: justify;\">Quien pudiese entrar una \u00faltima vez a estos ultramarinos, pasearse por sus gastados suelos y escudri\u00f1ar sus estantes y paredes en busca de algo tan intangible y preciado como la autenticidad. Por suerte, mantenemos alguna fotograf\u00eda como \u00e9sta, para con ella y un poco de imaginaci\u00f3n atravesar la puerta de aquellos comercios de nuestra ni\u00f1ez, de intensos y variados olores que se fueron cerrando o reconvirtiendo con el paso de la modernidad.<\/p>\n<p style=\"text-align: justify;\">Curiosidades elvirenses.<\/p>\n<p style=\"text-align: justify;\"><a href=\"https:\/\/i0.wp.com\/miradordeatarfe.es\/wp-content\/uploads\/2016\/03\/tienda.jpg?ssl=1\" rel=\"attachment wp-att-7859\"><img data-recalc-dims=\"1\" loading=\"lazy\" decoding=\"async\" class=\"alignnone wp-image-7859\" src=\"https:\/\/i0.wp.com\/miradordeatarfe.es\/wp-content\/uploads\/2016\/03\/tienda.jpg?resize=640%2C422&#038;ssl=1\" alt=\"tienda\" width=\"640\" height=\"422\" srcset=\"https:\/\/i0.wp.com\/miradordeatarfe.es\/wp-content\/uploads\/2016\/03\/tienda.jpg?w=478&amp;ssl=1 478w, https:\/\/i0.wp.com\/miradordeatarfe.es\/wp-content\/uploads\/2016\/03\/tienda.jpg?resize=300%2C198&amp;ssl=1 300w\" sizes=\"auto, (max-width: 640px) 100vw, 640px\" \/><\/a><\/p>\n<\/div>\n","protected":false},"excerpt":{"rendered":"<p>En la gacetilla de hoy podemos ver la publicidad de \u00abla Tienda de la Esquina\u00bb&#8230;<\/p>\n","protected":false},"author":1,"featured_media":7861,"comment_status":"closed","ping_status":"closed","sticky":false,"template":"","format":"standard","meta":{"_coblocks_attr":"","_coblocks_dimensions":"","_coblocks_responsive_height":"","_coblocks_accordion_ie_support":"","jetpack_post_was_ever_published":false,"_jetpack_newsletter_access":"","_jetpack_dont_email_post_to_subs":false,"_jetpack_newsletter_tier_id":0,"_jetpack_memberships_contains_paywalled_content":false,"_jetpack_memberships_contains_paid_content":false,"footnotes":"","jetpack_publicize_message":"","jetpack_publicize_feature_enabled":true,"jetpack_social_post_already_shared":false,"jetpack_social_options":{"image_generator_settings":{"template":"highway","default_image_id":0,"enabled":false},"version":2}},"categories":[2,1225,38,44,15],"tags":[81,2400,841],"class_list":["post-7858","post","type-post","status-publish","format-standard","has-post-thumbnail","hentry","category-atarfe","category-ha-de-atarfe","category-opinion-de-jose-enrique-granados","category-noticias-de-hoy","category-ultimas-noticias","tag-atarfe","tag-tienda","tag-ventas"],"jetpack_publicize_connections":[],"jetpack_featured_media_url":"https:\/\/i0.wp.com\/miradordeatarfe.es\/wp-content\/uploads\/2016\/04\/alubia-nega-647x231.jpg?fit=647%2C231&ssl=1","jetpack_likes_enabled":true,"jetpack_sharing_enabled":true,"_links":{"self":[{"href":"https:\/\/miradordeatarfe.es\/index.php?rest_route=\/wp\/v2\/posts\/7858","targetHints":{"allow":["GET"]}}],"collection":[{"href":"https:\/\/miradordeatarfe.es\/index.php?rest_route=\/wp\/v2\/posts"}],"about":[{"href":"https:\/\/miradordeatarfe.es\/index.php?rest_route=\/wp\/v2\/types\/post"}],"author":[{"embeddable":true,"href":"https:\/\/miradordeatarfe.es\/index.php?rest_route=\/wp\/v2\/users\/1"}],"replies":[{"embeddable":true,"href":"https:\/\/miradordeatarfe.es\/index.php?rest_route=%2Fwp%2Fv2%2Fcomments&post=7858"}],"version-history":[{"count":2,"href":"https:\/\/miradordeatarfe.es\/index.php?rest_route=\/wp\/v2\/posts\/7858\/revisions"}],"predecessor-version":[{"id":36461,"href":"https:\/\/miradordeatarfe.es\/index.php?rest_route=\/wp\/v2\/posts\/7858\/revisions\/36461"}],"wp:featuredmedia":[{"embeddable":true,"href":"https:\/\/miradordeatarfe.es\/index.php?rest_route=\/wp\/v2\/media\/7861"}],"wp:attachment":[{"href":"https:\/\/miradordeatarfe.es\/index.php?rest_route=%2Fwp%2Fv2%2Fmedia&parent=7858"}],"wp:term":[{"taxonomy":"category","embeddable":true,"href":"https:\/\/miradordeatarfe.es\/index.php?rest_route=%2Fwp%2Fv2%2Fcategories&post=7858"},{"taxonomy":"post_tag","embeddable":true,"href":"https:\/\/miradordeatarfe.es\/index.php?rest_route=%2Fwp%2Fv2%2Ftags&post=7858"}],"curies":[{"name":"wp","href":"https:\/\/api.w.org\/{rel}","templated":true}]}}