{"id":78599,"date":"2025-09-24T08:25:26","date_gmt":"2025-09-24T06:25:26","guid":{"rendered":"https:\/\/miradordeatarfe.es\/?p=78599"},"modified":"2025-08-29T19:30:41","modified_gmt":"2025-08-29T17:30:41","slug":"la-crisis-de-los-20-es-la-nueva-crisis-de-los-40-los-problemas-de-los-jovenes-pulverizan-la-curva-de-la-infelicidad","status":"publish","type":"post","link":"https:\/\/miradordeatarfe.es\/?p=78599","title":{"rendered":"La crisis de los 20 es la nueva crisis de los 40: los problemas de los j\u00f3venes pulverizan la curva de la infelicidad"},"content":{"rendered":"<h2 class=\"a_st\">Un estudio se\u00f1ala un cambio de paradigma por la crisis de salud mental de las nuevas generaciones. El malestar, hoy en d\u00eda, disminuye con los a\u00f1os<\/h2>\n<div class=\"a_c clearfix\" style=\"text-align: justify;\" data-dtm-region=\"articulo_cuerpo\">\n<p class=\"\">La curva de infelicidad est\u00e1 desapareciendo, pero esta no es una buena noticia. Hasta ahora, la satisfacci\u00f3n vital ten\u00eda forma de sonrisa. Empezaba alta en la juventud, se hund\u00eda en la mediana edad, en lo que en Espa\u00f1a se ha venido a llamar <a title=\"https:\/\/elpais.com\/salud-y-bienestar\/2023-07-30\/por-que-la-crisis-de-los-40-puede-ser-la-unica-que-esquiven-los-mileniales.html\" href=\"https:\/\/elpais.com\/salud-y-bienestar\/2023-07-30\/por-que-la-crisis-de-los-40-puede-ser-la-unica-que-esquiven-los-mileniales.html\" target=\"_blank\" rel=\"noopener noreferrer\" data-link-track-dtm=\"\" data-mrf-link=\"https:\/\/elpais.com\/salud-y-bienestar\/2023-07-30\/por-que-la-crisis-de-los-40-puede-ser-la-unica-que-esquiven-los-mileniales.html\">la crisis de los 40<\/a>, y despu\u00e9s repuntaba. La infelicidad, por el contrario, ten\u00eda forma de joroba o sonrisa invertida :-( . Pero un amplio estudio que se publica este mi\u00e9rcoles en <a title=\"http:\/\/plos.io\/4mMclpw\" href=\"http:\/\/plos.io\/4mMclpw\" target=\"_blank\" rel=\"noopener noreferrer\" data-link-track-dtm=\"\" data-mrf-link=\"http:\/\/plos.io\/4mMclpw\">la revista cient\u00edfica <i>PLOS One<\/i><\/a> muestra c\u00f3mo se ha erosionado esta curva hasta casi desaparecer. No es que la crisis de los 40 haya remitido, es que se ha empezado a ver algo que podr\u00edamos definir como la crisis de los 20. La infelicidad empieza ahora en alto, a edades muy tempranas, y tiende a disminuir a lo largo de la vida.<\/p>\n<p class=\"\">El estudio ha sido realizado con las respuestas de m\u00e1s de 10 millones de adultos de Estados Unidos (hechas entre 1993 y 2024), con un an\u00e1lisis longitudinal en el que participan 40.000 hogares del Reino Unido, y con dos millones de cuestionarios de la encuesta Global Minds, realizada en 44 pa\u00edses (entre ellos Espa\u00f1a). Muchos datos, muchos pa\u00edses, pero una conclusi\u00f3n un\u00edvoca. \u201cLa verdad es que nos sorprendi\u00f3 que los resultados fueran tan globales\u201d, reconoce <a title=\"https:\/\/economics.dartmouth.edu\/people\/david-graham-blanchflower\" href=\"https:\/\/economics.dartmouth.edu\/people\/david-graham-blanchflower\" target=\"_blank\" rel=\"noopener noreferrer\" data-link-track-dtm=\"\" data-mrf-link=\"https:\/\/economics.dartmouth.edu\/people\/david-graham-blanchflower\">David G. Blanchflower<\/a>, economista de la Universidad de Londres y autor principal del estudio.<\/p>\n<p class=\"\">Los autores no han preguntado por los motivos, pero apuntan a las consecuencias de la pandemia, a la crisis de la vivienda y, sobre todo, al uso masivo de tel\u00e9fonos inteligentes. Esto explicar\u00eda la uniformidad de datos en contextos que son muy diversos. \u201cLo que tienen en com\u00fan, por ejemplo, un chico de Alemania y otro de Nueva York es el acceso a internet y a los tel\u00e9fonos inteligentes\u201d, explica Blanchflower. \u201cEn los pa\u00edses en desarrollo, sin embargo, vimos que quienes no ten\u00edan acceso a internet no mostraban una salud mental tan deficiente\u201d.<\/p>\n<p class=\"\">El autor no cree que esto se deba tanto <a title=\"https:\/\/elpais.com\/sociedad\/2024-01-20\/como-afectan-las-redes-sociales-al-cerebro-joven-las-metricas-de-aprobacion-constante-son-un-hecho-sin-precedentes-en-nuestra-especie.html\" href=\"https:\/\/elpais.com\/sociedad\/2024-01-20\/como-afectan-las-redes-sociales-al-cerebro-joven-las-metricas-de-aprobacion-constante-son-un-hecho-sin-precedentes-en-nuestra-especie.html\" target=\"_blank\" rel=\"noopener noreferrer\" data-link-track-dtm=\"\" data-mrf-link=\"https:\/\/elpais.com\/sociedad\/2024-01-20\/como-afectan-las-redes-sociales-al-cerebro-joven-las-metricas-de-aprobacion-constante-son-un-hecho-sin-precedentes-en-nuestra-especie.html\">al efecto de los m\u00f3viles en s\u00ed<\/a>, sino a la forma en la que depredan el tiempo libre, <a title=\"https:\/\/elpais.com\/salud-y-bienestar\/2024-06-02\/te-falta-calle-y-si-el-problema-no-es-el-exceso-de-pantallas-sino-el-escaso-tiempo-al-aire-libre.html\" href=\"https:\/\/elpais.com\/salud-y-bienestar\/2024-06-02\/te-falta-calle-y-si-el-problema-no-es-el-exceso-de-pantallas-sino-el-escaso-tiempo-al-aire-libre.html\" target=\"_blank\" rel=\"noopener noreferrer\" data-link-track-dtm=\"\" data-mrf-link=\"https:\/\/elpais.com\/salud-y-bienestar\/2024-06-02\/te-falta-calle-y-si-el-problema-no-es-el-exceso-de-pantallas-sino-el-escaso-tiempo-al-aire-libre.html\">reba\u00f1\u00e1ndolo hasta hacerlo desaparecer<\/a>. \u201cLos m\u00f3viles han desplazado las actividades beneficiosas. Los ni\u00f1os ya no juegan, no hablan\u2026 pasar mucho tiempo en internet aleja a las personas de actividades \u00fatiles\u201d.<\/p>\n<figure class=\"a_m a_m-h \"><span class=\"_db a_m_w _pr lb_btn\"><img data-recalc-dims=\"1\" loading=\"lazy\" decoding=\"async\" class=\"_re lazyload a_m-h\" src=\"https:\/\/i0.wp.com\/imagenes.elpais.com\/resizer\/v2\/V3MP4MRVSNHGDJ6OPJTOELBRTM.PNG?resize=640%2C348&#038;ssl=1\" sizes=\"auto, (min-width:1199px) 1155px,(min-width:1001px) calc(100vw - 44px),(min-width:768px) 767px, 100vw\" srcset=\"https:\/\/imagenes.elpais.com\/resizer\/v2\/V3MP4MRVSNHGDJ6OPJTOELBRTM.PNG?auth=7e4e99d445225babc24d4c85c6851e8b02d5a791708ec772121b7585bcdf52fa&amp;width=414 414w,https:\/\/imagenes.elpais.com\/resizer\/v2\/V3MP4MRVSNHGDJ6OPJTOELBRTM.PNG?auth=7e4e99d445225babc24d4c85c6851e8b02d5a791708ec772121b7585bcdf52fa&amp;width=828 640w,https:\/\/imagenes.elpais.com\/resizer\/v2\/V3MP4MRVSNHGDJ6OPJTOELBRTM.PNG?auth=7e4e99d445225babc24d4c85c6851e8b02d5a791708ec772121b7585bcdf52fa&amp;width=980 1000w,https:\/\/imagenes.elpais.com\/resizer\/v2\/V3MP4MRVSNHGDJ6OPJTOELBRTM.PNG?auth=7e4e99d445225babc24d4c85c6851e8b02d5a791708ec772121b7585bcdf52fa&amp;width=1960 1960w\" alt=\"En azul, la antigua curva de la infelicidad, con una joroba en la mediana edad. En rojo discontinuo, la nueva gr\u00e1fica, una l\u00ednea descendente.\" width=\"640\" height=\"348\" \/><\/span><figcaption class=\"a_m_p\" aria-hidden=\"true\">En azul, la antigua curva de la infelicidad, con una joroba en la mediana edad. En rojo discontinuo, la nueva gr\u00e1fica, una l\u00ednea descendente.<\/figcaption><\/figure>\n<p class=\"\">Esto podr\u00eda explicar otro de los datos destacados del estudio. Las mujeres j\u00f3venes presentan niveles de malestar significativamente m\u00e1s altos que los hombres j\u00f3venes en todos los pa\u00edses analizados. Esta es una constante en todos los estudios que analizan el impacto de internet y las redes sociales en el bienestar percibido. El ejemplo m\u00e1s reciente lo ofrec\u00eda <a href=\"https:\/\/elpais.com\/sociedad\/2025-05-14\/el-malestar-emocional-de-los-adolescentes-se-situa-en-el-385-y-afecta-mas-a-las-chicas.html\" rel=\"\" data-link-track-dtm=\"\" data-mrf-link=\"https:\/\/elpais.com\/sociedad\/2025-05-14\/el-malestar-emocional-de-los-adolescentes-se-situa-en-el-385-y-afecta-mas-a-las-chicas.html\">el estudio HBSC (por sus siglas en ingl\u00e9s Health Behaviour in School-ages Children)<\/a>, publicado por el Ministerio de Sanidad espa\u00f1ol. Se\u00f1alaba que esta problem\u00e1tica afecta el doble a las chicas (con una prevalencia del 51,2%) que a los chicos (del 25,2%).<\/p>\n<p class=\"\">El presente estudio es importante por la gran cantidad de datos en los que se basa. Y porque pone el malestar de las nuevas generaciones en un contexto m\u00e1s amplio, comparando con la satisfacci\u00f3n autopercibida de sus mayores. Sus conclusiones son demoledoras, pero no sorprendentes. Algo se empez\u00f3 a torcer a partir de 2010 y hay mucha literatura cient\u00edfica que ha dado buena cuenta de ello. Las tasas de depresi\u00f3n y ansiedad entre adolescentes <a href=\"https:\/\/elpais.com\/tecnologia\/2023-06-11\/la-epidemia-de-mala-salud-mental-que-crece-entre-las-adolescentes-las-redes-sociales-me-quitaron-calidad-de-vida.html#:~:text=Entre%202011%20y%202021%20se,muchachos%20sufr%C3%ADan%20de%20depresi%C3%B3n%20cl%C3%ADnica.\" rel=\"\" data-link-track-dtm=\"\" data-mrf-link=\"https:\/\/elpais.com\/tecnologia\/2023-06-11\/la-epidemia-de-mala-salud-mental-que-crece-entre-las-adolescentes-las-redes-sociales-me-quitaron-calidad-de-vida.html\">se dispararon un 50%<\/a>. Las de suicidio<a href=\"https:\/\/elpais.com\/salud-y-bienestar\/2023-07-20\/las-adolescentes-igualan-a-los-chicos-en-tasa-de-suicidio.html\" rel=\"\" data-link-track-dtm=\"\" data-mrf-link=\"https:\/\/elpais.com\/salud-y-bienestar\/2023-07-20\/las-adolescentes-igualan-a-los-chicos-en-tasa-de-suicidio.html\"> lo hicieron en un 32%<\/a>. Los miembros de la generaci\u00f3n Z \u2014nacidos a partir de 1996\u2014 empezaron a padecer ansiedad, depresi\u00f3n y otros trastornos mentales, alcanzando niveles m\u00e1s altos que cualquier otra generaci\u00f3n en la historia.<\/p>\n<p class=\"\">La crisis de los 20 ha pulverizado la curva de la infelicidad. Pero hay que tener en cuenta que esta es una foto fija que se tendr\u00e1 que ir actualizando. Los j\u00f3venes de la generaci\u00f3n Z, con m\u00e1s problemas de salud mental que sus mayores, llegar\u00e1n a los 40 y 50 a\u00f1os. Y nada garantiza que no se enfrenten entonces a los mismos estragos vitales que han afectado a las generaciones anteriores. Mientras tanto, nuevas generaciones se ir\u00e1n a\u00f1adiendo a la curva, y nada apunta a que tengan menos dependencia del m\u00f3vil. Dicho de otra forma, la curva de la felicidad ha desaparecido solo de momento. Es esperable que se vuelva a producir en unos a\u00f1os, solo que m\u00e1s extrema. Tocar fondo implicar\u00e1 ir a\u00fan m\u00e1s abajo.<\/p>\n<p class=\"\">\u201cNo s\u00e9 c\u00f3mo evolucionar\u00e1 la situaci\u00f3n\u201d, reconoce Blanchflower. \u201cCada a\u00f1o se suma una nueva cohorte de 12 a\u00f1os y el resto envejece un a\u00f1o, pero nada cambia, el grupo nacido desde el a\u00f1o 2000 parece tener mala salud mental. Espero que podamos detener esto\u201d. No parece f\u00e1cil, explica el autor. Las hospitalizaciones entre j\u00f3venes por depresi\u00f3n siguen en aumento, los suicidios, el consumo de antidepresivos\u2026 Porque este estudio se basa en la salud mental autopercibida, pero est\u00e1 subrayado por todos estos datos, que han repuntado en los \u00faltimos a\u00f1os entre las generaciones m\u00e1s j\u00f3venes. Seg\u00fan el Informe Nacional sobre la Calidad y las Disparidades en la Atenci\u00f3n Sanitaria de 2022, en Estados Unidos, entre 2016 y 2019, las tasas de visitas a urgencias con un diagn\u00f3stico principal relacionado con la salud mental aumentaron en el grupo de edad de 0 a 17 a\u00f1os, pasando de 784,1 por cada 100.000 habitantes a 869,3 por cada 100.000 habitantes.<\/p>\n<p class=\"\">La crisis de la mediana edad se empez\u00f3 a describir en 2008. Desde entonces, se ha constatado en m\u00e1s de 600 estudios en diferentes pa\u00edses. El aumento de la preocupaci\u00f3n, el estr\u00e9s y la depresi\u00f3n con la edad ha sido ampliamente documentado en la sociolog\u00eda en los \u00faltimos 20 a\u00f1os. El propio Blanchflower estudi\u00f3 el fen\u00f3meno en estudios precedentes. \u201cEn toda una serie de art\u00edculos defend\u00ed que la forma de U era un dato importante, \u00a1hasta que dej\u00f3 de serlo! Esos datos eran correctos, pero algo ha cambiado, no parece que estuviera escrito en los genes\u201d, se\u00f1ala.<\/p>\n<p class=\"\">Maite Garaigordobil Landazabal, catedr\u00e1tica de Evaluaci\u00f3n y Diagn\u00f3stico Psicol\u00f3gicos de la Universidad del Pa\u00eds Vasco, destaca positivamente el actual estudio por la gran base de datos en la que se basa. En declaraciones <a title=\"https:\/\/sciencemediacentre.es\/\" href=\"https:\/\/sciencemediacentre.es\/\" target=\"_self\" rel=\"\" data-link-track-dtm=\"\" data-mrf-link=\"https:\/\/sciencemediacentre.es\/\">al portal cient\u00edfico SMC<\/a> se\u00f1ala que \u201cresulta relevante porque cuestiona un hallazgo emp\u00edrico muy consolidado: la existencia de la curva en U del bienestar y de la joroba del malestar a lo largo de la vida\u201d. Garaigordobil considera que los resultados son \u201cmuy novedosos\u201d y que \u201crompen con una de las regularidades m\u00e1s citadas en ciencias sociales\u201d. En el mismo portal, Eduard Vieta, catedr\u00e1tico de Psiquiatr\u00eda de la Universidad de Barcelona, abunda en la calidad de los datos y se muestra de acuerdo con el diagn\u00f3stico. Pero a\u00f1ade una posible causa m\u00e1s. \u201cCreo que falta mencionar el contraste entre las expectativas y la realidad. Las generaciones j\u00f3venes de la mayor parte de pa\u00edses incluidos en el trabajo han recibido una educaci\u00f3n muy sobreprotectora y han desarrollado una baja tolerancia a la frustraci\u00f3n. Creo que este aspecto es tambi\u00e9n relevante para explicar su malestar emocional\u201d, a\u00f1ade.<\/p>\n<p class=\"\">El art\u00edculo concluye que esta tendencia global exige atenci\u00f3n urgente de gobiernos, investigadores y sociedad civil para revertir el declive en el bienestar juvenil. Cuando se le pregunta a Blanchflower por alguna idea o medida concreta, sugiere restringir el acceso al tel\u00e9fono como una posibilidad. Pero sobre todo ofrecer alternativas. Volver a migrar la vida social, pero en sentido inverso, de la pantalla a la calle. Fomentar el juego, los encuentros sociales y el tiempo al aire libre. \u201cAnimar a los ni\u00f1os a que se comporten como ni\u00f1os\u201d, a\u00f1ade.<\/p>\n<\/div>\n<p style=\"text-align: justify;\"><a class=\"a_md_a_n\" title=\"Ver todas las noticias de Enrique Alpa\u00f1\u00e9s\" href=\"https:\/\/elpais.com\/autor\/enrique-alpanes-buesa\/#?rel=author_top\" data-mrf-link=\"https:\/\/elpais.com\/autor\/enrique-alpanes-buesa\/\"><strong>Enrique Alpa\u00f1\u00e9s<\/strong><\/a><\/p>\n<p>FOTO: El estudio se\u00f1ala al abuso de pantallas como una de las posibles causas. En la imagen, un joven consulta su m\u00f3vil <span class=\"a_m_m\">OSCAR CORRAL<\/span><\/p>\n<p>https:\/\/elpais.com\/salud-y-bienestar\/2025-08-27\/la-crisis-de-los-20-es-la-nueva-crisis-de-los-40-los-problemas-de-los-jovenes-pulverizan-la-curva-de-la-infelicidad.html<\/p>\n<div class=\"a_md _g _g-xs \">\n<figure class=\"a_md_i a_m-h c_m--nf\"><\/figure>\n<div class=\"a_md_txt\">\n<div class=\"a_md_a\" data-dtm-region=\"articulo_firma\">\u00a0<\/div>\n<\/div>\n<\/div>\n<p>&nbsp;<\/p>\n","protected":false},"excerpt":{"rendered":"<p>Un estudio se\u00f1ala un cambio de paradigma por la crisis de salud mental de las&#8230;<\/p>\n","protected":false},"author":1,"featured_media":0,"comment_status":"closed","ping_status":"closed","sticky":false,"template":"","format":"standard","meta":{"_coblocks_attr":"","_coblocks_dimensions":"","_coblocks_responsive_height":"","_coblocks_accordion_ie_support":"","jetpack_post_was_ever_published":false,"_jetpack_newsletter_access":"","_jetpack_dont_email_post_to_subs":false,"_jetpack_newsletter_tier_id":0,"_jetpack_memberships_contains_paywalled_content":false,"_jetpack_memberships_contains_paid_content":false,"footnotes":"","jetpack_publicize_message":"","jetpack_publicize_feature_enabled":true,"jetpack_social_post_already_shared":true,"jetpack_social_options":{"image_generator_settings":{"template":"highway","default_image_id":0,"enabled":false},"version":2}},"categories":[10797,1161,44,6937],"tags":[],"class_list":["post-78599","post","type-post","status-publish","format-standard","hentry","category-ciencia","category-ciudadania","category-noticias-de-hoy","category-sociedad"],"jetpack_publicize_connections":[],"jetpack_featured_media_url":"","jetpack_likes_enabled":true,"jetpack_sharing_enabled":true,"_links":{"self":[{"href":"https:\/\/miradordeatarfe.es\/index.php?rest_route=\/wp\/v2\/posts\/78599","targetHints":{"allow":["GET"]}}],"collection":[{"href":"https:\/\/miradordeatarfe.es\/index.php?rest_route=\/wp\/v2\/posts"}],"about":[{"href":"https:\/\/miradordeatarfe.es\/index.php?rest_route=\/wp\/v2\/types\/post"}],"author":[{"embeddable":true,"href":"https:\/\/miradordeatarfe.es\/index.php?rest_route=\/wp\/v2\/users\/1"}],"replies":[{"embeddable":true,"href":"https:\/\/miradordeatarfe.es\/index.php?rest_route=%2Fwp%2Fv2%2Fcomments&post=78599"}],"version-history":[{"count":1,"href":"https:\/\/miradordeatarfe.es\/index.php?rest_route=\/wp\/v2\/posts\/78599\/revisions"}],"predecessor-version":[{"id":78600,"href":"https:\/\/miradordeatarfe.es\/index.php?rest_route=\/wp\/v2\/posts\/78599\/revisions\/78600"}],"wp:attachment":[{"href":"https:\/\/miradordeatarfe.es\/index.php?rest_route=%2Fwp%2Fv2%2Fmedia&parent=78599"}],"wp:term":[{"taxonomy":"category","embeddable":true,"href":"https:\/\/miradordeatarfe.es\/index.php?rest_route=%2Fwp%2Fv2%2Fcategories&post=78599"},{"taxonomy":"post_tag","embeddable":true,"href":"https:\/\/miradordeatarfe.es\/index.php?rest_route=%2Fwp%2Fv2%2Ftags&post=78599"}],"curies":[{"name":"wp","href":"https:\/\/api.w.org\/{rel}","templated":true}]}}