{"id":78606,"date":"2025-09-17T08:48:24","date_gmt":"2025-09-17T06:48:24","guid":{"rendered":"https:\/\/miradordeatarfe.es\/?p=78606"},"modified":"2025-08-29T19:48:59","modified_gmt":"2025-08-29T17:48:59","slug":"ama-y-ensancha-el-alma","status":"publish","type":"post","link":"https:\/\/miradordeatarfe.es\/?p=78606","title":{"rendered":"Ama y ensancha el alma"},"content":{"rendered":"<h2 class=\"a_st\" style=\"text-align: justify;\">Hay canciones que son aut\u00e9nticos conjuros, armas que nos despiertan de la hipnosis con la que vivimos el d\u00eda a d\u00eda<\/h2>\n<p class=\"\" style=\"text-align: justify;\">Walada202 buceaba hace unos a\u00f1os en Youtube cuando se top\u00f3 con una canci\u00f3n de Extremoduro. A sus cincuenta y pocos, segu\u00eda pensando que la banda extreme\u00f1a \u201cera otro grupo m\u00e1s de locos con melena\u201d. Aquellas melod\u00edas, al final, le gustaron tanto que fue a contarle la sorpresa a su hija peque\u00f1a. \u201cMe dijo que oyera m\u00e1s temas. Y aqu\u00ed estoy, entr\u00e9 en el mundo de Robe [cantante del conjunto], y pido perd\u00f3n por mis prejuicios. Ahora me queda recuperar el tiempo perdido y disfrutar de tanto talento\u201d, comparti\u00f3 esta usuaria hace dos a\u00f1os en los comentarios de <a title=\"https:\/\/elpais.com\/noticias\/extremoduro\/\" href=\"https:\/\/elpais.com\/noticias\/extremoduro\/\" target=\"_self\" rel=\"\" data-link-track-dtm=\"\" data-mrf-link=\"https:\/\/elpais.com\/noticias\/extremoduro\/\">uno de los videos donde el conjunto interpreta <i>Si te vas&#8230;<\/i> <\/a><\/p>\n<p class=\"\" style=\"text-align: justify;\">A su confesi\u00f3n se le unieron otros seguidores, algunos encontraron a <i>Los Extremo<\/i> con 48 y otros reci\u00e9n estaban empezando a o\u00edrlos con 15. \u201cHe recorrido mont\u00f3n de ciudades para escucharlo [a Robe, en solitario] en directo. Este a\u00f1o, con seis a\u00f1itos, llev\u00e9 a mi hija hasta Almer\u00eda porque en M\u00e1laga no hab\u00eda entradas (&#8230;), se sabe muchas canciones y dice que Robe es su familia, con nadie m\u00e1s le ha pasado\u201d, contesta \u00c1lvaro Losada a Walda.<\/p>\n<div id=\"sum_youtube\" class=\"a_em _df _rt _rt-16x9\" style=\"text-align: justify;\" data-oembed-type=\"youtube\"><iframe loading=\"lazy\" title=\"Robe - Si Te Vas... (Directo en el WiZink Center de Madrid)\" src=\"https:\/\/www.youtube.com\/embed\/fJ5CN04CvxM?feature=oembed\" width=\"560\" height=\"315\" frameborder=\"0\" allowfullscreen=\"allowfullscreen\" data-mce-fragment=\"1\"><\/iframe><\/div>\n<p class=\"\" style=\"text-align: justify;\">Los 2.354 comentarios que se entrecruzan debajo del v\u00eddeo parecen mensajes encerrados en una botella, cada uno con una fecha y que relatan una historia diferente. Algunos <a title=\"https:\/\/elpais.com\/noticias\/covid-19\/\" href=\"https:\/\/elpais.com\/noticias\/covid-19\/\" target=\"_self\" rel=\"\" data-link-track-dtm=\"\" data-mrf-link=\"https:\/\/elpais.com\/noticias\/covid-19\/\">son de la \u00e9poca del coronavirus:<\/a> \u201cSoy sanitario&#8230; cada vez que termino un turno, escucho esta canci\u00f3n&#8230; me desconecta de este momento que estamos pasando&#8230;. resistiremosssss!!\u201d, escribi\u00f3 Alejandro en 2020. Leerlos, con la m\u00fasica de fondo, es como asomarse al pasado. En el caso de Alejandro, a lo que ocurr\u00eda cuando surgi\u00f3 el espejismo de que <i>juntos saldr\u00edamos adelante.<\/i><\/p>\n<p class=\"\" style=\"text-align: justify;\">Otros comentarios describen el desamor, la tristeza, el arrepentimiento por el tiempo perdido y las ganas, las ganas de seguir viviendo. Algunos fueron tirados al oc\u00e9ano de Youtube sin la esperanza de que el destinatario lo leyese (\u201cespero que seas feliz con esa persona\u201d, dice un internauta sobre el que fuera el amor de su vida) y otros para quedar constancia de las guerras personales. Jos\u00e9 S\u00e1nchez coment\u00f3 hace cinco a\u00f1os: \u201cDespu\u00e9s de 363 d\u00edas de hospital, la m\u00fasica me sigue ayudando d\u00eda a d\u00eda y esta canci\u00f3n me hace recordar todo el tiempo pasado y el que me queda por vivir, desde el Hospital Nacional de Parapl\u00e9jicos de Toledo un abrazo a todos los changaos, gracias Extremo, gracias Robe\u201d. La mujer de S\u00e1nchez, ante el aluvi\u00f3n de mensajes de apoyo en los meses siguientes, respondi\u00f3 en 2022 que Jos\u00e9 hab\u00eda fallecido. \u201cVivi\u00f3 hasta el \u00faltimo d\u00eda con ganas y luchando, esta sigue siendo nuestra canci\u00f3n\u201d, puede leerse el mensaje, semi oculto.<\/p>\n<p class=\"\" style=\"text-align: justify;\">Hay canciones que son aut\u00e9nticos conjuros, armas que nos despiertan de la hipnosis con la que vivimos el d\u00eda a d\u00eda. Es como si al escuchar esas letras nos percat\u00e1ramos de cu\u00e1les son las cosas importantes de la vida, por las que verdaderamente merece la pena luchar, aunque sean causas perdidas. <a title=\"https:\/\/elpais.com\/cultura\/2024-05-24\/robe-iniesta-algunos-anos-de-joven-me-cuentan-como-los-anos-de-perro.html\" href=\"https:\/\/elpais.com\/cultura\/2024-05-24\/robe-iniesta-algunos-anos-de-joven-me-cuentan-como-los-anos-de-perro.html\" target=\"_self\" rel=\"\" data-link-track-dtm=\"\" data-mrf-link=\"https:\/\/elpais.com\/cultura\/2024-05-24\/robe-iniesta-algunos-anos-de-joven-me-cuentan-como-los-anos-de-perro.html\">Las composiciones de Robe Iniesta<\/a>, cantante de Extremoduro, parecen estar barnizadas con estos sortilegios exorcizantes. La tristeza, quiz\u00e1, es que sus efectos solo persisten mientras dure la m\u00fasica. Pero siempre merece la pena sentirse libre, aunque sea por unos pocos minutos. <a title=\"https:\/\/youtube.com\/shorts\/CYvCzMotjdw?si=gfUX23q2DbUrV54T\" href=\"https:\/\/youtube.com\/shorts\/CYvCzMotjdw?si=gfUX23q2DbUrV54T\" target=\"_self\" rel=\"\" data-link-track-dtm=\"\" data-mrf-link=\"https:\/\/youtube.com\/shorts\/CYvCzMotjdw?si=gfUX23q2DbUrV54T\">En palabras del propio Iniesta<\/a>: \u201cTodos sabemos que una utop\u00eda es algo imposible, pero con un matiz muy importante: es imposible en el momento de su planificaci\u00f3n. \u00bfAlguien tiene un plan para salvar al mundo? Pues cu\u00e1nto m\u00e1s dif\u00edcil sea el plan, m\u00e1s orgulloso estar\u00e1s de \u00e9l, y, si es imposible, mejor a\u00fan, porque en el fracaso tendr\u00e1s tambi\u00e9n la gloria\u00bb.<\/p>\n<p class=\"\" style=\"text-align: justify;\">Este verano de 2025 nos ha golpeado con acontecimientos tan duros que cuesta imaginarse un final feliz: el brutal genocidio de Israel y el silencio ensordecedor que lo envuelve, las llamas que arrasan los campos, la islamofobia que se engancha como una garrapata, las muertes inesperadas de nuestros seres queridos&#8230; Pero si hay algo de lo que hay que estar seguro es de que, en esa utop\u00eda que debemos dise\u00f1ar entre todos, el odio debe estar desterrado. Como escribi\u00f3 el poeta <a title=\"https:\/\/youtu.be\/0Vlqn2p_Fkc?si=TYvf_twJxP4TOBLv\" href=\"https:\/\/youtu.be\/0Vlqn2p_Fkc?si=TYvf_twJxP4TOBLv\" target=\"_self\" rel=\"\" data-link-track-dtm=\"\" data-mrf-link=\"https:\/\/youtu.be\/0Vlqn2p_Fkc?si=TYvf_twJxP4TOBLv\">Manolo Chinato (extreme\u00f1o de coraz\u00f3n) y Extremoduro <\/a>difundi\u00f3 con su m\u00fasica: \u201cQuisiera que mi voz fuera tan fuerte que a veces retumbaran las monta\u00f1as, y escucharais las mentes social-adormecidas las palabras de amor de mi garganta. Ama, ama, ama y ensancha el alma\u201d.<\/p>\n<p><div class=\"jetpack-video-wrapper\"><iframe loading=\"lazy\" title=\"Extremoduro - Ama, ama, ama y ensancha el alma (Directo, 2002)\" width=\"640\" height=\"360\" src=\"https:\/\/www.youtube.com\/embed\/0Vlqn2p_Fkc?feature=oembed\" frameborder=\"0\" allow=\"accelerometer; autoplay; clipboard-write; encrypted-media; gyroscope; picture-in-picture; web-share\" referrerpolicy=\"strict-origin-when-cross-origin\" allowfullscreen><\/iframe><\/div>\n<\/p>\n<p><a class=\"a_md_a_n\" title=\"Ver todas las noticias de Julio N\u00fa\u00f1ez\" href=\"https:\/\/elpais.com\/autor\/julio-nunez-montana\/#?rel=author_top\" data-mrf-link=\"https:\/\/elpais.com\/autor\/julio-nunez-montana\/\"><strong>Julio N\u00fa\u00f1ez<\/strong><\/a><\/p>\n<p>FOTO: El cantante Roberto Iniesta, a la derecha, aplaude junto al m\u00fasico Dave Lerman durante un concierto en 2024.<span class=\"a_m_m\">Ricardo Rubio (Europa Press)<\/span><\/p>\n<p>https:\/\/elpais.com\/opinion\/2025-08-28\/ama-y-ensancha-el-alma.html<\/p>\n<p>&nbsp;<\/p>\n<div class=\"a_md _g _g-xs \">\n<figure class=\"a_md_i a_m-h c_m--nf\"><\/figure>\n<div class=\"a_md_txt\">\n<div class=\"a_md_a\" data-dtm-region=\"articulo_firma\">\u00a0<\/div>\n<\/div>\n<\/div>\n<p>&nbsp;<\/p>\n","protected":false},"excerpt":{"rendered":"<p>Hay canciones que son aut\u00e9nticos conjuros, armas que nos despiertan de la hipnosis con la&#8230;<\/p>\n","protected":false},"author":1,"featured_media":78607,"comment_status":"closed","ping_status":"closed","sticky":false,"template":"","format":"standard","meta":{"_coblocks_attr":"","_coblocks_dimensions":"","_coblocks_responsive_height":"","_coblocks_accordion_ie_support":"","jetpack_post_was_ever_published":false,"_jetpack_newsletter_access":"","_jetpack_dont_email_post_to_subs":false,"_jetpack_newsletter_tier_id":0,"_jetpack_memberships_contains_paywalled_content":false,"_jetpack_memberships_contains_paid_content":false,"footnotes":"","jetpack_publicize_message":"","jetpack_publicize_feature_enabled":true,"jetpack_social_post_already_shared":true,"jetpack_social_options":{"image_generator_settings":{"template":"highway","default_image_id":0,"enabled":false},"version":2}},"categories":[1161,44,6937,10],"tags":[],"class_list":["post-78606","post","type-post","status-publish","format-standard","has-post-thumbnail","hentry","category-ciudadania","category-noticias-de-hoy","category-sociedad","category-salud"],"jetpack_publicize_connections":[],"jetpack_featured_media_url":"https:\/\/i0.wp.com\/miradordeatarfe.es\/wp-content\/uploads\/2025\/08\/Screenshot-2025-08-29-at-19-45-02-Ama-y-ensancha-el-alma-Opinion-EL-PAIS.png?fit=581%2C347&ssl=1","jetpack_likes_enabled":true,"jetpack_sharing_enabled":true,"_links":{"self":[{"href":"https:\/\/miradordeatarfe.es\/index.php?rest_route=\/wp\/v2\/posts\/78606","targetHints":{"allow":["GET"]}}],"collection":[{"href":"https:\/\/miradordeatarfe.es\/index.php?rest_route=\/wp\/v2\/posts"}],"about":[{"href":"https:\/\/miradordeatarfe.es\/index.php?rest_route=\/wp\/v2\/types\/post"}],"author":[{"embeddable":true,"href":"https:\/\/miradordeatarfe.es\/index.php?rest_route=\/wp\/v2\/users\/1"}],"replies":[{"embeddable":true,"href":"https:\/\/miradordeatarfe.es\/index.php?rest_route=%2Fwp%2Fv2%2Fcomments&post=78606"}],"version-history":[{"count":1,"href":"https:\/\/miradordeatarfe.es\/index.php?rest_route=\/wp\/v2\/posts\/78606\/revisions"}],"predecessor-version":[{"id":78608,"href":"https:\/\/miradordeatarfe.es\/index.php?rest_route=\/wp\/v2\/posts\/78606\/revisions\/78608"}],"wp:featuredmedia":[{"embeddable":true,"href":"https:\/\/miradordeatarfe.es\/index.php?rest_route=\/wp\/v2\/media\/78607"}],"wp:attachment":[{"href":"https:\/\/miradordeatarfe.es\/index.php?rest_route=%2Fwp%2Fv2%2Fmedia&parent=78606"}],"wp:term":[{"taxonomy":"category","embeddable":true,"href":"https:\/\/miradordeatarfe.es\/index.php?rest_route=%2Fwp%2Fv2%2Fcategories&post=78606"},{"taxonomy":"post_tag","embeddable":true,"href":"https:\/\/miradordeatarfe.es\/index.php?rest_route=%2Fwp%2Fv2%2Ftags&post=78606"}],"curies":[{"name":"wp","href":"https:\/\/api.w.org\/{rel}","templated":true}]}}