{"id":78621,"date":"2025-09-01T11:00:41","date_gmt":"2025-09-01T09:00:41","guid":{"rendered":"https:\/\/miradordeatarfe.es\/?p=78621"},"modified":"2025-08-31T18:59:07","modified_gmt":"2025-08-31T16:59:07","slug":"seran-ceniza-por-remedios-sanchez","status":"publish","type":"post","link":"https:\/\/miradordeatarfe.es\/?p=78621","title":{"rendered":"\u00abSer\u00e1n ceniza\u2026\u00bb por Remedios S\u00e1nchez"},"content":{"rendered":"<h3 style=\"text-align: justify;\"><strong>De Sanabria a Jarilla, de Las M\u00e9dulas a O Barco de Valdeorras, de Selaya a Valdecaballeros, se extiende este verano el itinerario del fuego: cerca de cuatrocientas mil hect\u00e1reas arrasadas, ilusiones abrasadas, en las que ha tenido un papel protagonista la perpetua desidia institucional. Valente escribi\u00f3 en \u2018Ser\u00e1n ceniza\u2019: \u201ccruzo un desierto y su secreta \/ desolaci\u00f3n sin nombre\u201d. Eso es hoy el noreste de Espa\u00f1a, una desolaci\u00f3n sin horizonte que se refleja en el semblante tiznado de su gente y que lleva el nombre del abandono, la torpeza infinita y la indolencia de quienes debieron tomar decisiones a tiempo.<\/strong><\/h3>\n<p style=\"text-align: justify;\">Por eso, en medio de tanta desesperaci\u00f3n e impotencia, resulta profundamente indignante escuchar a los negacionistas irresponsables del cambio clim\u00e1tico o a quienes se lamentan amargamente aunque, con su pasividad previa, han propiciado el abandono del espacio rural, permitiendo que la naturaleza se expanda sin regulaci\u00f3n ni cuidado. Ramas secas, matorrales y maleza acumuladas sin freno han sido el alimento de unas llamas que han crecido desenfrenadas, como si la naturaleza misma se rebelase contra nuestra inconsciencia. Razones tendr\u00eda para ello. El saldo implica tres vidas abrasadas y la ruina de cientos de familias.<\/p>\n<p style=\"text-align: justify;\">Seguramente, si se hubiera desarrollado una normativa estatal ajustada a la realidad del campo y se hubiera aplicado una gesti\u00f3n rigurosa y constante, muchos focos podr\u00edan haberse controlado con rapidez; si se les hubiera dado a los bomberos forestales\u00a0 los medios que su labor exige y si se hubieran impulsado pol\u00edticas reales de prevenci\u00f3n integrando a las comunidades rurales para vigilar y mantener limpias estas zonas, la devastaci\u00f3n podr\u00eda haberse mitigado notablemente.<\/p>\n<p style=\"text-align: justify;\">Demasiados condicionales que nos llevan, a partir de hoy, a unos territorios que son ya un desierto gris de escombros y tristeza. De esta manera, de Almer\u00eda a Orense, de C\u00e1ceres a la puerta de los Picos de Europa, se nos ha ido desvaneciendo la geograf\u00eda reconocible de nuestra infancia, transmutada en eso que llaman \u201cresiduos de combusti\u00f3n\u201d, un eufemismo que no apaga el dolor del humo negro ni el holl\u00edn que inunda los ojos de bomberos, voluntarios o de quienes arriesgaron la vida para proteger tanto casas como explotaciones agr\u00edcolas y ganaderas, el fruto del trabajo y del esfuerzo. Pero, principalmente, inmensas superficies de bosques de con\u00edferas, encinares y robledales que eran el hogar de osos pardos, de buitres negros, zorros, urogallos, corzos y perdices; todos han perdido su refugio, que yace ah\u00ed, reducido a pavesas. Son las v\u00edctimas invisibles de esta hecatombe de montes calcinados, que tardar\u00e1n en recuperarse al menos un par de generaciones.<\/p>\n<p style=\"text-align: justify;\">Mientras, los pol\u00edticos, desde una descoordinaci\u00f3n flagrante y una politizaci\u00f3n de la desgracia colectiva que abochorna, juegan a culpar al contrincante en el Congreso de los Diputados, en la prensa o en sus foros regionales, como si la ciudadan\u00eda no supiera que las competencias (o m\u00e1s bien incompetencias) son de las comunidades aut\u00f3nomas que han hecho dejaci\u00f3n de funciones y, en este momento, silban mirando a otro lado. Me refiero, en el caso de 2025, a los presidentes actuales y pasados de Castilla y Le\u00f3n, Galicia, Extremadura o Cantabria, porque esto no es cosa de un d\u00eda. El resultado es una sensaci\u00f3n de impotencia y de desaliento que ha acabado por conducirnos directamente a los versos valentianos: \u201caunque sea ceniza cuanto tengo hasta ahora, \/ cuanto se me ha tendido a modo de esperanza\u201d.<\/p>\n","protected":false},"excerpt":{"rendered":"<p>De Sanabria a Jarilla, de Las M\u00e9dulas a O Barco de Valdeorras, de Selaya a&#8230;<\/p>\n","protected":false},"author":1,"featured_media":78622,"comment_status":"closed","ping_status":"closed","sticky":false,"template":"","format":"standard","meta":{"_coblocks_attr":"","_coblocks_dimensions":"","_coblocks_responsive_height":"","_coblocks_accordion_ie_support":"","jetpack_post_was_ever_published":false,"_jetpack_newsletter_access":"","_jetpack_dont_email_post_to_subs":false,"_jetpack_newsletter_tier_id":0,"_jetpack_memberships_contains_paywalled_content":false,"_jetpack_memberships_contains_paid_content":false,"footnotes":"","jetpack_publicize_message":"","jetpack_publicize_feature_enabled":true,"jetpack_social_post_already_shared":true,"jetpack_social_options":{"image_generator_settings":{"template":"highway","default_image_id":0,"enabled":false},"version":2}},"categories":[10797,1161,44,7671,6914],"tags":[],"class_list":["post-78621","post","type-post","status-publish","format-standard","has-post-thumbnail","hentry","category-ciencia","category-ciudadania","category-noticias-de-hoy","category-politica","category-opinion-de-reme-sanchez"],"jetpack_publicize_connections":[],"jetpack_featured_media_url":"https:\/\/i0.wp.com\/miradordeatarfe.es\/wp-content\/uploads\/2025\/08\/ceniza.jpeg?fit=271%2C180&ssl=1","jetpack_likes_enabled":true,"jetpack_sharing_enabled":true,"_links":{"self":[{"href":"https:\/\/miradordeatarfe.es\/index.php?rest_route=\/wp\/v2\/posts\/78621","targetHints":{"allow":["GET"]}}],"collection":[{"href":"https:\/\/miradordeatarfe.es\/index.php?rest_route=\/wp\/v2\/posts"}],"about":[{"href":"https:\/\/miradordeatarfe.es\/index.php?rest_route=\/wp\/v2\/types\/post"}],"author":[{"embeddable":true,"href":"https:\/\/miradordeatarfe.es\/index.php?rest_route=\/wp\/v2\/users\/1"}],"replies":[{"embeddable":true,"href":"https:\/\/miradordeatarfe.es\/index.php?rest_route=%2Fwp%2Fv2%2Fcomments&post=78621"}],"version-history":[{"count":1,"href":"https:\/\/miradordeatarfe.es\/index.php?rest_route=\/wp\/v2\/posts\/78621\/revisions"}],"predecessor-version":[{"id":78623,"href":"https:\/\/miradordeatarfe.es\/index.php?rest_route=\/wp\/v2\/posts\/78621\/revisions\/78623"}],"wp:featuredmedia":[{"embeddable":true,"href":"https:\/\/miradordeatarfe.es\/index.php?rest_route=\/wp\/v2\/media\/78622"}],"wp:attachment":[{"href":"https:\/\/miradordeatarfe.es\/index.php?rest_route=%2Fwp%2Fv2%2Fmedia&parent=78621"}],"wp:term":[{"taxonomy":"category","embeddable":true,"href":"https:\/\/miradordeatarfe.es\/index.php?rest_route=%2Fwp%2Fv2%2Fcategories&post=78621"},{"taxonomy":"post_tag","embeddable":true,"href":"https:\/\/miradordeatarfe.es\/index.php?rest_route=%2Fwp%2Fv2%2Ftags&post=78621"}],"curies":[{"name":"wp","href":"https:\/\/api.w.org\/{rel}","templated":true}]}}