{"id":78624,"date":"2025-08-01T08:04:46","date_gmt":"2025-08-01T06:04:46","guid":{"rendered":"https:\/\/miradordeatarfe.es\/?p=78624"},"modified":"2025-08-31T19:29:19","modified_gmt":"2025-08-31T17:29:19","slug":"atarfe-viajes-del-ayuntamiento-a-nerja-y-frigiliana-y-a-mijas-y-benalmadena","status":"publish","type":"post","link":"https:\/\/miradordeatarfe.es\/?p=78624","title":{"rendered":"ATARFE: VIAJES DEL AYUNTAMIENTO  A NERJA  Y FRIGILIANA Y A MIJAS Y BENALMADENA"},"content":{"rendered":"<h3><strong>VIAJE PARA PERSONAS MAYORES DE 60 A\u00d1OS\u00a0<\/strong><\/h3>\n<p>Tras el verano, vuelven los viajes organizados por el \u00c1rea de Bienestar Social dentro del Programa de Envejecimiento Activo con cuatro CIUDADES con\u00a0 destinos de ensue\u00f1o.<\/p>\n<p>Eso s\u00ed, tendr\u00e1s que elegir\u2026 \u00a1porque<strong><em> solo puedes apuntarte a uno de ellos!<\/em><\/strong><\/p>\n<p><img data-recalc-dims=\"1\" loading=\"lazy\" decoding=\"async\" class=\"alignnone  wp-image-78625\" src=\"https:\/\/i0.wp.com\/miradordeatarfe.es\/wp-content\/uploads\/2025\/08\/Imagen-de-WhatsApp-2025-08-31-a-las-19.12.33_baa59722.jpg?resize=366%2C518&#038;ssl=1\" alt=\"\" width=\"366\" height=\"518\" srcset=\"https:\/\/i0.wp.com\/miradordeatarfe.es\/wp-content\/uploads\/2025\/08\/Imagen-de-WhatsApp-2025-08-31-a-las-19.12.33_baa59722.jpg?resize=212%2C300&amp;ssl=1 212w, https:\/\/i0.wp.com\/miradordeatarfe.es\/wp-content\/uploads\/2025\/08\/Imagen-de-WhatsApp-2025-08-31-a-las-19.12.33_baa59722.jpg?resize=724%2C1024&amp;ssl=1 724w, https:\/\/i0.wp.com\/miradordeatarfe.es\/wp-content\/uploads\/2025\/08\/Imagen-de-WhatsApp-2025-08-31-a-las-19.12.33_baa59722.jpg?resize=768%2C1086&amp;ssl=1 768w, https:\/\/i0.wp.com\/miradordeatarfe.es\/wp-content\/uploads\/2025\/08\/Imagen-de-WhatsApp-2025-08-31-a-las-19.12.33_baa59722.jpg?resize=1086%2C1536&amp;ssl=1 1086w, https:\/\/i0.wp.com\/miradordeatarfe.es\/wp-content\/uploads\/2025\/08\/Imagen-de-WhatsApp-2025-08-31-a-las-19.12.33_baa59722.jpg?resize=1024%2C1449&amp;ssl=1 1024w, https:\/\/i0.wp.com\/miradordeatarfe.es\/wp-content\/uploads\/2025\/08\/Imagen-de-WhatsApp-2025-08-31-a-las-19.12.33_baa59722.jpg?w=1131&amp;ssl=1 1131w\" sizes=\"auto, (max-width: 366px) 100vw, 366px\" \/><\/p>\n<h2>FRIGILIANA Y NERJA<\/h2>\n<p><span style=\"color: #ff0000;\">VIERNES , 12 de septiembre<\/span><\/p>\n<p>\u00a0Salida a las 8:00h. desde el Centro Cultural Medina Elvira<br \/>\n\u00a020\u20ac por persona<\/p>\n<p>Incluye:<br \/>\n&#x2705; Paseo en tren tur\u00edstico por Frigiliana<br \/>\n&#x2705; Visita guiada por Frigiliana<br \/>\n&#x2705; Almuerzo en Restaurante \u00abLa Ermita\u00bb<br \/>\n&#x2705; Visita guiada por Nerja<br \/>\n&#x2705; Tiempo libre en ambos pueblos para que puedas adquirir productos locales, conocer enclaves diferentes o descansar<\/p>\n<p>&nbsp;<\/p>\n<p><img data-recalc-dims=\"1\" loading=\"lazy\" decoding=\"async\" class=\"alignnone  wp-image-78626\" src=\"https:\/\/i0.wp.com\/miradordeatarfe.es\/wp-content\/uploads\/2025\/08\/Imagen-de-WhatsApp-2025-08-31-a-las-19.12.34_8f4f5cb1.jpg?resize=340%2C481&#038;ssl=1\" alt=\"\" width=\"340\" height=\"481\" srcset=\"https:\/\/i0.wp.com\/miradordeatarfe.es\/wp-content\/uploads\/2025\/08\/Imagen-de-WhatsApp-2025-08-31-a-las-19.12.34_8f4f5cb1.jpg?resize=212%2C300&amp;ssl=1 212w, https:\/\/i0.wp.com\/miradordeatarfe.es\/wp-content\/uploads\/2025\/08\/Imagen-de-WhatsApp-2025-08-31-a-las-19.12.34_8f4f5cb1.jpg?resize=724%2C1024&amp;ssl=1 724w, https:\/\/i0.wp.com\/miradordeatarfe.es\/wp-content\/uploads\/2025\/08\/Imagen-de-WhatsApp-2025-08-31-a-las-19.12.34_8f4f5cb1.jpg?resize=768%2C1086&amp;ssl=1 768w, https:\/\/i0.wp.com\/miradordeatarfe.es\/wp-content\/uploads\/2025\/08\/Imagen-de-WhatsApp-2025-08-31-a-las-19.12.34_8f4f5cb1.jpg?resize=1086%2C1536&amp;ssl=1 1086w, https:\/\/i0.wp.com\/miradordeatarfe.es\/wp-content\/uploads\/2025\/08\/Imagen-de-WhatsApp-2025-08-31-a-las-19.12.34_8f4f5cb1.jpg?resize=1024%2C1449&amp;ssl=1 1024w, https:\/\/i0.wp.com\/miradordeatarfe.es\/wp-content\/uploads\/2025\/08\/Imagen-de-WhatsApp-2025-08-31-a-las-19.12.34_8f4f5cb1.jpg?w=1131&amp;ssl=1 1131w\" sizes=\"auto, (max-width: 340px) 100vw, 340px\" \/><\/p>\n<h2>MIJAS Y BENALM\u00c1DENA<\/h2>\n<p><span style=\"color: #ff0000;\">\u00a0Viernes, 19 de septiembre<\/span><br \/>\n\u00a0<\/p>\n<p>Salida a las 8:30h. desde el Centro Cultural Medina Elvira<br \/>\n20\u20ac por persona<\/p>\n<p>Incluye:<br \/>\n&#x2705; Visita guiada por Mijas<br \/>\n&#x2705; Almuerzo en Restaurante \u00abMegui\u00f1ez\u00bb<br \/>\n&#x2705; Visita al Castillo de Colomares en Benalm\u00e1dena<br \/>\n&#x2705; Visita a Puerto Marina<br \/>\n&#x2705; Tiempo libre en ambos pueblos para que puedas adquirir productos locales, conocer enclaves diferentes o descansar<\/p>\n<p>&nbsp;<\/p>\n<h3><strong>INSCRIPCIONES A PARTIR DEL LUNES, 1 DE SEPTIEMBRE, A LAS 09:00H. EN EL CENTRO C\u00cdVICO<\/strong><\/h3>\n<p>El d\u00eda, horario y lugar de inscripci\u00f3n de ESTA ACTIVIDADES SER\u00c1 EL DIA 1 DE SEPTIEMBRE A PARTIR DE LAS 9 DE LA MA\u00d1ANA, respetando<br \/>\nrigurosamente la hora de comienzo de inscripci\u00f3n.<\/p>\n<p>&#8211; Las personas interesadas en asistir, s\u00f3lo podr\u00e1n reservar 2 plazas,es decir, la suya y la de un\/una acompa\u00f1ante.<br \/>\n&#8211; Para la inscripci\u00f3n ser\u00e1 necesaria la presentaci\u00f3n del DNI en formato f\u00edsico.<br \/>\n&#8211; No se realizar\u00e1n inscripciones por v\u00eda telef\u00f3nica, s\u00f3lo ser\u00e1 v\u00e1lida la inscripci\u00f3n presencial.<br \/>\n&#8211; Las personas beneficiarias del \u00faltimo viaje organizado, podr\u00e1n inscribirse en el siguiente, pero pasar\u00e1n a una lista de reserva, teniendo preferencia aquellas personas que no hayan sido beneficiarias del viaje inmediatamente anterior.<\/p>\n<p>Recuerda: <strong><em>solo puedes inscribirte en uno de los viajes. \u00a1Elige tu destino y no te quedes sin plaza!<\/em><\/strong><\/p>\n<p>&nbsp;<\/p>\n","protected":false},"excerpt":{"rendered":"<p>VIAJE PARA PERSONAS MAYORES DE 60 A\u00d1OS\u00a0 Tras el verano, vuelven los viajes organizados por&#8230;<\/p>\n","protected":false},"author":1,"featured_media":78627,"comment_status":"closed","ping_status":"closed","sticky":false,"template":"","format":"standard","meta":{"_coblocks_attr":"","_coblocks_dimensions":"","_coblocks_responsive_height":"","_coblocks_accordion_ie_support":"","jetpack_post_was_ever_published":false,"_jetpack_newsletter_access":"","_jetpack_dont_email_post_to_subs":false,"_jetpack_newsletter_tier_id":0,"_jetpack_memberships_contains_paywalled_content":false,"_jetpack_memberships_contains_paid_content":false,"footnotes":"","jetpack_publicize_message":"","jetpack_publicize_feature_enabled":true,"jetpack_social_post_already_shared":true,"jetpack_social_options":{"image_generator_settings":{"template":"highway","default_image_id":0,"enabled":false},"version":2}},"categories":[6916,186,44,10801],"tags":[],"class_list":["post-78624","post","type-post","status-publish","format-standard","has-post-thumbnail","hentry","category-ayuntamiento-de-atarfe","category-instituciones","category-noticias-de-hoy","category-participa-atarfe"],"jetpack_publicize_connections":[],"jetpack_featured_media_url":"https:\/\/i0.wp.com\/miradordeatarfe.es\/wp-content\/uploads\/2025\/08\/Frigiliana_3.jpg?fit=1290%2C1157&ssl=1","jetpack_likes_enabled":true,"jetpack_sharing_enabled":true,"_links":{"self":[{"href":"https:\/\/miradordeatarfe.es\/index.php?rest_route=\/wp\/v2\/posts\/78624","targetHints":{"allow":["GET"]}}],"collection":[{"href":"https:\/\/miradordeatarfe.es\/index.php?rest_route=\/wp\/v2\/posts"}],"about":[{"href":"https:\/\/miradordeatarfe.es\/index.php?rest_route=\/wp\/v2\/types\/post"}],"author":[{"embeddable":true,"href":"https:\/\/miradordeatarfe.es\/index.php?rest_route=\/wp\/v2\/users\/1"}],"replies":[{"embeddable":true,"href":"https:\/\/miradordeatarfe.es\/index.php?rest_route=%2Fwp%2Fv2%2Fcomments&post=78624"}],"version-history":[{"count":1,"href":"https:\/\/miradordeatarfe.es\/index.php?rest_route=\/wp\/v2\/posts\/78624\/revisions"}],"predecessor-version":[{"id":78628,"href":"https:\/\/miradordeatarfe.es\/index.php?rest_route=\/wp\/v2\/posts\/78624\/revisions\/78628"}],"wp:featuredmedia":[{"embeddable":true,"href":"https:\/\/miradordeatarfe.es\/index.php?rest_route=\/wp\/v2\/media\/78627"}],"wp:attachment":[{"href":"https:\/\/miradordeatarfe.es\/index.php?rest_route=%2Fwp%2Fv2%2Fmedia&parent=78624"}],"wp:term":[{"taxonomy":"category","embeddable":true,"href":"https:\/\/miradordeatarfe.es\/index.php?rest_route=%2Fwp%2Fv2%2Fcategories&post=78624"},{"taxonomy":"post_tag","embeddable":true,"href":"https:\/\/miradordeatarfe.es\/index.php?rest_route=%2Fwp%2Fv2%2Ftags&post=78624"}],"curies":[{"name":"wp","href":"https:\/\/api.w.org\/{rel}","templated":true}]}}